{"id":1460,"date":"2022-11-20T14:23:47","date_gmt":"2022-11-20T12:23:47","guid":{"rendered":"https:\/\/cigandse.hu\/?p=1460"},"modified":"2022-11-20T14:25:05","modified_gmt":"2022-11-20T12:25:05","slug":"ma-kezdodik-a-labdarugo-vilagbajnoksag-katarban","status":"publish","type":"post","link":"https:\/\/cigandse.hu\/index.php\/2022\/11\/20\/ma-kezdodik-a-labdarugo-vilagbajnoksag-katarban\/","title":{"rendered":"Ma kezd\u0151dik a labdar\u00fag\u00f3-vil\u00e1gbajnoks\u00e1g Katarban"},"content":{"rendered":"<hr \/>\n<p><a href=\"https:\/\/cigandse.hu\/wp-content\/uploads\/2022\/11\/cisefifa.jpg\"><img loading=\"lazy\" decoding=\"async\" class=\"alignnone size-full wp-image-1461\" src=\"https:\/\/cigandse.hu\/wp-content\/uploads\/2022\/11\/cisefifa.jpg\" alt=\"\" width=\"680\" height=\"383\" srcset=\"https:\/\/cigandse.hu\/wp-content\/uploads\/2022\/11\/cisefifa.jpg 680w, https:\/\/cigandse.hu\/wp-content\/uploads\/2022\/11\/cisefifa-300x169.jpg 300w, https:\/\/cigandse.hu\/wp-content\/uploads\/2022\/11\/cisefifa-128x72.jpg 128w, https:\/\/cigandse.hu\/wp-content\/uploads\/2022\/11\/cisefifa-32x18.jpg 32w\" sizes=\"auto, (max-width: 680px) 100vw, 680px\" \/><\/a><\/p>\n<h3>Elj\u00f6tt a nagy nap, vas\u00e1rnap magyar id\u0151 szerint 17 \u00f3r\u00e1t\u00f3l a Katar\u2013Ecuador m\u00e9rk\u0151z\u00e9ssel megkezd\u0151dik a 22. labdar\u00fag\u00f3-vil\u00e1gbajnoks\u00e1g. A rendhagy\u00f3 id\u0151pontban, november 20. \u00e9s december 18. k\u00f6z\u00f6tt sorra ker\u00fcl\u0151 torn\u00e1n 32 v\u00e1logatott m\u00e9ri majd \u00f6ssze erej\u00e9t, egy h\u00f3nap alatt 64 \u00f6sszecsap\u00e1st rendeznek.<\/h3>\n<p>Katar a maga 11 581 n\u00e9gyzetkilom\u00e9ter\u00e9vel a legkisebb ter\u00fclet\u0171 orsz\u00e1g, amely vil\u00e1gbajnoks\u00e1got rendezhet. El\u0151sz\u00f6r tartj\u00e1k az arab vil\u00e1gban, muszlim t\u00f6bbs\u00e9g\u0171 orsz\u00e1gban a vb-t, m\u00edg \u00c1zsia 2002 ut\u00e1n m\u00e1sodszor lesz a torna h\u00e1zigazd\u00e1ja. Ez lesz az els\u0151 olyan vb, amelyet a katari id\u0151j\u00e1r\u00e1s saj\u00e1toss\u00e1gai miatt nem az eddig szok\u00e1sos ny\u00e1ri id\u0151pontban, hanem november\u2013decemberben rendeznek meg.<\/p>\n<p>A mostani lesz az utols\u00f3 32 csapatos vil\u00e1gbajnoks\u00e1g, a 2026-os torn\u00e1n m\u00e1r 48 csapatosra b\u0151v\u00fcl a mez\u0151ny.<\/p>\n<p>A vb nyit\u00f3m\u00e9rk\u0151z\u00e9s\u00e9t vas\u00e1rnap a h\u00e1zigazda Katar v\u00e1logatottja j\u00e1tssza Ecuadorral, magyar id\u0151 szerint 17 \u00f3r\u00e1t\u00f3l az al-Horban tal\u00e1lhat\u00f3 al-Bajt Stadionban.<\/p>\n<p>A foci-vb-r\u0151l val\u00f3 v\u00e1rakoz\u00e1saikr\u00f3l folyamatosan megk\u00e9rdezz\u00fck majd a Cig\u00e1nd SE szakvezet\u0151it.<\/p>\n<p><strong>A CSOPORTK\u00d6R M\u00c9RK\u0150Z\u00c9SEI NAPI BONT\u00c1SBAN:<\/strong><\/p>\n<p><strong>November 20., vas\u00e1rnap<\/strong><\/p>\n<p>A csoport, 17:00\u00a0<strong>Katar\u2013Ecuador<\/strong><br \/>\nal-Hor, al-Bajt Stadion<\/p>\n<p><strong>November 21., h\u00e9tf\u0151<\/strong><\/p>\n<p>B csoport, 14:00\u00a0<strong>Anglia\u2013Ir\u00e1n<\/strong><br \/>\nal-Rajj\u00e1n, Kalifa Nemzetk\u00f6zi Stadion<\/p>\n<p>A csoport, 17:00\u00a0\u00a0<strong>Szeneg\u00e1l\u2013Hollandia<\/strong><br \/>\nDoha, al-Tumama Stadion<\/p>\n<p>B csoport, 20:00\u00a0<strong>Egyes\u00fclt \u00c1llamok\u2013Wales<\/strong><br \/>\nal-Rajj\u00e1n, Ahmad bin Ali Stadion<\/p>\n<p><strong>November 22., kedd<\/strong><\/p>\n<p>C csoport, 11:00\u00a0<strong>Argent\u00edna\u2013Sza\u00fad-Ar\u00e1bia<\/strong><br \/>\nLoszail, Lusail Iconic Stadion<\/p>\n<p>D csoport, 14:00\u00a0<strong>D\u00e1nia\u2013Tun\u00e9zia<\/strong><br \/>\nal-Rajj\u00e1n, Education City Stadion<\/p>\n<p>C csoport, 17:00\u00a0<strong>Mexik\u00f3\u2013Lengyelorsz\u00e1g<\/strong><br \/>\nDoha, 974 Stadion<\/p>\n<p>D csoport, 20:00\u00a0<strong>Franciaorsz\u00e1g\u2013Ausztr\u00e1lia<\/strong><br \/>\nal-Vakra, al-Dzsan\u00fab Stadion<\/p>\n<p><strong>November 23., szerda<\/strong><\/p>\n<p>F csoport, 11:00\u00a0<strong>Marokk\u00f3\u2013Horv\u00e1torsz\u00e1g<\/strong><br \/>\nal-Hor, al-Bajt Stadion<\/p>\n<p>E csoport, 14:00\u00a0<strong>N\u00e9metorsz\u00e1g\u2013Jap\u00e1n<\/strong><br \/>\nal-Rajj\u00e1n, Kalifa Nemzetk\u00f6zi Stadion<\/p>\n<p>E csoport, 17:00\u00a0<strong>Spanyolorsz\u00e1g\u2013Costa Rica<\/strong><br \/>\nDoha, al-Tumama Stadion<\/p>\n<p>F csoport, 20:00\u00a0<strong>Belgium\u2013Kanada\u00a0<\/strong><br \/>\nal-Rajj\u00e1n, Ahmad bin ali Stadion<\/p>\n<p><strong>November 24., cs\u00fct\u00f6rt\u00f6k<\/strong><\/p>\n<p>G csoport, 11:00\u00a0<strong>Sv\u00e1jc\u2013Kamerun<\/strong><br \/>\nal-Vakra, al-Dzsan\u00fab Stadion<\/p>\n<p>H csoport, 14:00\u00a0<strong>Uruguay\u2013D\u00e9l-Korea<\/strong><br \/>\nal-Rajj\u00e1n, Education City Stadion<\/p>\n<p>H csoport, 17:00\u00a0<strong>Portug\u00e1lia\u2013Gh\u00e1na<\/strong><br \/>\nDoha, 974 Stadion<\/p>\n<p>G csoport, 20:00\u00a0<strong>Braz\u00edlia\u2013Szerbia\u00a0<\/strong><br \/>\nLoszail, Lusail Iconic Stadon<\/p>\n<p><strong>November 25., p\u00e9ntek<\/strong><\/p>\n<p>B csoport, 11:00\u00a0<strong>Wales\u2013Ir\u00e1n<\/strong><br \/>\nal-Rajj\u00e1n, Ahmad bin Ali Stadion<\/p>\n<p>A csoport, 14:00\u00a0<strong>Katar\u2013Szeneg\u00e1l\u00a0<\/strong><br \/>\nDoha, al-Tumama Stadion<\/p>\n<p>A csoport, 17:00\u00a0<strong>Hollandia\u2013Ecuador<\/strong><br \/>\nal-Rajj\u00e1n, Kalifa Nemzetk\u00f6zi Stadion<\/p>\n<p>B csoport, 20:00\u00a0<strong>Anglia\u2013Egyes\u00fclt \u00c1llamok<\/strong><br \/>\nal-Hor, al-Bajt Stadion<\/p>\n<p><strong>November 26., szombat<\/strong><\/p>\n<p>D csoport, 11:00\u00a0<strong>Tun\u00e9zia \u2013Ausztr\u00e1lia<\/strong><br \/>\nal-Vakra, al Dzsan\u00fab Stadion<\/p>\n<p>C csoport, 14:00\u00a0<strong>Lengyelorsz\u00e1g\u2013Sza\u00fad-Ar\u00e1bia\u00a0<\/strong><br \/>\nal-Rajj\u00e1n, Education City Stadion<\/p>\n<p>D csoport, 17:00\u00a0<strong>Franciaorsz\u00e1g\u2013D\u00e1nia<\/strong><br \/>\nDoha, 974 Stadion<\/p>\n<p>C csoport, 20:00\u00a0<strong>Argent\u00edna\u2013Mexik\u00f3<\/strong><br \/>\nLoszail, Lusail Iconic Stadion<\/p>\n<p><strong>November 27., vas\u00e1rnap<\/strong><\/p>\n<p>E csoport, 11:00\u00a0<strong>Jap\u00e1n\u2013Costa Rica<\/strong><br \/>\nal-Rajj\u00e1n, Ahmad bin Ali Stadion<\/p>\n<p>F csoport, 14:00\u00a0<strong>Belgium\u2013Marokk\u00f3<\/strong><br \/>\nDoha, al-Tumama Stadion<\/p>\n<p>F csoport, 17:00\u00a0<strong>Horv\u00e1torsz\u00e1g\u2013Kanada<\/strong><br \/>\nal-Rajj\u00e1n, Kalifa Nemzetk\u00f6zi Stadion<\/p>\n<p>E csoport, 20:00\u00a0<strong>Spanyolorsz\u00e1g\u2013N\u00e9metorsz\u00e1g<\/strong><br \/>\nal-Hor, al-Bajt Stadion<\/p>\n<p><strong>November 28., h\u00e9tf\u0151<\/strong><\/p>\n<p>G csoport, 11:00\u00a0<strong>Kamerun\u2013Szerbia<\/strong><br \/>\nal-Vakra, al-Dzsan\u00fab Stadion<\/p>\n<p>H csoport 14:00\u00a0<strong>D\u00e9l-Korea\u2013Gh\u00e1na<\/strong><br \/>\nal-Rajj\u00e1n, Education City Stadion<\/p>\n<p>G csoport 17:00\u00a0<strong>Braz\u00edlia\u2013Sv\u00e1jc<\/strong><br \/>\nDoha, 974 Stadion<\/p>\n<p>H csoport, 20:00\u00a0<strong>Portug\u00e1lia\u2013Uruguay<\/strong><br \/>\nLoszail, Lusail Iconic Stadion<\/p>\n<p><strong>November 29., kedd<\/strong><\/p>\n<p>A csoport, 16:00\u00a0<strong>Hollandia\u2013Katar<\/strong><br \/>\nal-Hor, al-Bajt Stadion<\/p>\n<p>A csoport, 16:00\u00a0<strong>Ecuador\u2013Szeneg\u00e1l<\/strong><br \/>\nal-Rajj\u00e1n, Kalifa Nemzetk\u00f6zi Stadion<\/p>\n<p>B csoport, 20:00\u00a0<strong>Wales\u2013Anglia<\/strong><br \/>\nal-Rajj\u00e1n, Ahmad bin Ali Stadion<\/p>\n<p>B csoport, 20:00\u00a0<strong>Ir\u00e1n\u2013Egyes\u00fclt \u00c1llamok<\/strong><br \/>\nDoha, al-Tumama Stadion<\/p>\n<p><strong>November 30., szerda<\/strong><\/p>\n<p>D csoport, 16:00\u00a0<strong>Tun\u00e9zia\u2013Franciaorsz\u00e1g<\/strong><br \/>\nal-Rajj\u00e1n, Education City Stadion<\/p>\n<p>D csoport, 16:00\u00a0<strong>Ausztr\u00e1lia\u2013D\u00e1nia<\/strong><br \/>\nal-Vakra, al-Dzsan\u00fab<\/p>\n<p>C csoport, 20:00\u00a0<strong>Lengyelorsz\u00e1g\u2013Argent\u00edna<\/strong><br \/>\nDoha, 974 Stadion<\/p>\n<p>C csoport, 20:00\u00a0<strong>Sza\u00fad-Ar\u00e1bia\u2013Mexik\u00f3<\/strong><br \/>\nLoszail, Lusail Iconic Stadion<\/p>\n<p><strong>December 1., cs\u00fct\u00f6rt\u00f6k<\/strong><\/p>\n<p>F csoport, 16:00\u00a0<strong>Horv\u00e1torsz\u00e1g\u2013Belgium<\/strong><br \/>\nal-Rajj\u00e1n, Ahmad bin Ali Stadion<\/p>\n<p>F csoport, 16:00\u00a0<strong>Kanada\u2013Marokk\u00f3<\/strong><br \/>\nDoha, al-Tumama Stadion<\/p>\n<p>E csoport, 20:00\u00a0<strong>Jap\u00e1n\u2013Spanyolorsz\u00e1g<\/strong><br \/>\nal-Rajj\u00e1n, Kalifa Nemzetk\u00f6zi Stadion<\/p>\n<p>E csoport, 20:00\u00a0<strong>Costa Rica\u2013N\u00e9metorsz\u00e1g<\/strong><br \/>\nal-Hor, al-Bajt Stadion<\/p>\n<p><strong>December 2., p\u00e9ntek<\/strong><\/p>\n<p>H csoport, 16:00\u00a0<strong>D\u00e9l-Korea\u2013Portug\u00e1lia<\/strong><br \/>\nal-Rajj\u00e1n, Education City Stadion<\/p>\n<p>H csoport, 16:00\u00a0<strong>Gh\u00e1na\u2013Uruguay<\/strong><br \/>\nal-Vakra, al-Dzsan\u00fab Stadion<\/p>\n<p>G csoport, 20:00\u00a0<strong>Kamerun\u2013Braz\u00edlia<\/strong><br \/>\nLoszail, Lusail Iconic Stadion<\/p>\n<p>G csoport, 20:00\u00a0<strong>Szerbia\u2013Sv\u00e1jc<\/strong><br \/>\nDoha, 974 Stadion<\/p>\n<hr \/>\n<p><strong>AZ EGYENES KIES\u00c9SES SZAKASZ:<\/strong><\/p>\n<p><em><strong>Nyolcadd\u00f6nt\u0151k<\/strong><\/em><\/p>\n<p><strong>December 3.<\/strong><br \/>\n16:00 A csoport 1. helyezettje \u2013 B csoport 2. helyezettje (49. m\u00e9rk\u0151z\u00e9s)<br \/>\nal-Rajj\u00e1n, Kalifa Nemzetk\u00f6zi Stadion<\/p>\n<p>20:00 C csoport 1. helyezettje \u2013 D csoport 2. helyezettje (50. m\u00e9rk\u0151z\u00e9s)<br \/>\nal-Rajj\u00e1n, Ahmad bin Ali Stadion<\/p>\n<p><strong>December 4.<\/strong><\/p>\n<p>16:00 D csoport 1. helyezettje \u2013 C csoport 2. helyezettje (51. m\u00e9rk\u0151z\u00e9s)<br \/>\nDoha, al-Tumama Stadion<\/p>\n<p>20:00 B csoport 1. helyezettje \u2013 A csoport 2. helyezettje (52. m\u00e9rk\u0151z\u00e9s)<br \/>\nal-Hor, al-Bajt Stadion<\/p>\n<p><strong>December 5.<\/strong><\/p>\n<p>16:00 E csoport 1. helyezettje \u2013 F csoport 2. helyezettje (53. m\u00e9rk\u0151z\u00e9s)<br \/>\nal-Vakra, al-Dzsan\u00fab Stadion<\/p>\n<p>20:00 G csoport 1. helyezettje \u2013 H csoport 2. helyezettje (54. m\u00e9rk\u0151z\u00e9s)<br \/>\nDoha, 974 Stadion<\/p>\n<p><strong>December 6.<\/strong><\/p>\n<p>16:00 F csoport 1. helyezettje \u2013 E csoport 2. helyezettje (55. m\u00e9rk\u0151z\u00e9s)<br \/>\nal-Rajj\u00e1n, Education City Stadion<\/p>\n<p>20:00 H csoport 1. helyezettje \u2013 G csoport 2. helyezettje (56. m\u00e9rk\u0151z\u00e9s)<br \/>\nLoszail, Lusail Iconic Stadion<\/p>\n<p><strong><em>Negyedd\u00f6nt\u0151k<\/em><\/strong><\/p>\n<p><strong>December 9.<\/strong><\/p>\n<p>16:00 Az 53. m\u00e9rk\u0151z\u00e9s gy\u0151ztese \u2013 54. m\u00e9rk\u0151z\u00e9s gy\u0151ztese (58. m\u00e9rk\u0151z\u00e9s)<br \/>\nal-Rajj\u00e1n, Education City Stadion<\/p>\n<p>20:00 A 49. m\u00e9rk\u0151z\u00e9s gy\u0151ztese \u2013 50. m\u00e9rk\u0151z\u00e9s gy\u0151ztese (57. m\u00e9rk\u0151z\u00e9s)<br \/>\nLoszail, Lusail Iconic Stadion<\/p>\n<p><strong>December 10.<\/strong><\/p>\n<p>16:00 Az 55. m\u00e9rk\u0151z\u00e9s gy\u0151ztese \u2013 56. m\u00e9rk\u0151z\u00e9s gy\u0151ztese (60. m\u00e9rk\u0151z\u00e9s)<br \/>\nDoha, al-Tumama Stadion<\/p>\n<p>20:00 Az 51. m\u00e9rk\u0151z\u00e9s gy\u0151ztese \u2013 52. m\u00e9rk\u0151z\u00e9s gy\u0151ztese (59. m\u00e9rk\u0151z\u00e9s)<br \/>\nal-Hor, al-Bajt Stadion<\/p>\n<hr \/>\n<p><em><strong>El\u0151d\u00f6nt\u0151k<\/strong><\/em><\/p>\n<p><strong>December 13.<br \/>\n<\/strong><\/p>\n<p>20:00 Az 57. m\u00e9rk\u0151z\u00e9s gy\u0151ztese \u2013 58. m\u00e9rk\u0151z\u00e9s gy\u0151ztese<br \/>\nLoszail, Lusail Iconic Stadion<\/p>\n<p><strong>December 14.<\/strong><\/p>\n<p>20:00 Az 59. m\u00e9rk\u0151z\u00e9s gy\u0151ztese \u2013 60. m\u00e9rk\u0151z\u00e9s gy\u0151ztese<br \/>\nal-Hor, al-Bajt Stadion<\/p>\n<hr \/>\n<p><strong><em>Bronzm\u00e9rk\u0151z\u00e9s<\/em><\/strong><\/p>\n<p><strong>December 17.<\/strong><\/p>\n<p>16:00 Az el\u0151d\u00f6nt\u0151 vesztesei<br \/>\nal-Rajj\u00e1n, Kalifa Nemzetk\u00f6zi Stadion<\/p>\n<p><em><strong>D\u00f6nt\u0151<\/strong><\/em><\/p>\n<p><strong>December 18.<\/strong><\/p>\n<p>16:00 Az el\u0151d\u00f6nt\u0151 gy\u0151ztesei<br \/>\nLoszail, Lusail Iconic Stadion<\/p>\n","protected":false},"excerpt":{"rendered":"<p>Elj\u00f6tt a nagy nap, vas\u00e1rnap magyar id\u0151 szerint 17 \u00f3r\u00e1t\u00f3l a Katar\u2013Ecuador m\u00e9rk\u0151z\u00e9ssel megkezd\u0151dik a 22. labdar\u00fag\u00f3-vil\u00e1gbajnoks\u00e1g. A rendhagy\u00f3 id\u0151pontban, [&hellip;]<\/p>\n","protected":false},"author":1,"featured_media":1461,"comment_status":"open","ping_status":"open","sticky":false,"template":"","format":"standard","meta":{"_uag_custom_page_level_css":"","footnotes":""},"categories":[3],"tags":[],"class_list":["post-1460","post","type-post","status-publish","format-standard","has-post-thumbnail","hentry","category-hirek"],"yoast_head":"<!-- This site is optimized with the Yoast SEO plugin v25.5 - https:\/\/yoast.com\/wordpress\/plugins\/seo\/ -->\n<title>Ma kezd\u0151dik a labdar\u00fag\u00f3-vil\u00e1gbajnoks\u00e1g Katarban - Cig\u00e1nd Sportegyes\u00fclet hivatalos oldala<\/title>\n<meta name=\"robots\" content=\"index, follow, max-snippet:-1, max-image-preview:large, max-video-preview:-1\" \/>\n<link rel=\"canonical\" href=\"https:\/\/cigandse.hu\/index.php\/2022\/11\/20\/ma-kezdodik-a-labdarugo-vilagbajnoksag-katarban\/\" \/>\n<meta property=\"og:locale\" content=\"hu_HU\" \/>\n<meta property=\"og:type\" content=\"article\" \/>\n<meta property=\"og:title\" content=\"Ma kezd\u0151dik a labdar\u00fag\u00f3-vil\u00e1gbajnoks\u00e1g Katarban - Cig\u00e1nd Sportegyes\u00fclet hivatalos oldala\" \/>\n<meta property=\"og:description\" content=\"Elj\u00f6tt a nagy nap, vas\u00e1rnap magyar id\u0151 szerint 17 \u00f3r\u00e1t\u00f3l a Katar\u2013Ecuador m\u00e9rk\u0151z\u00e9ssel megkezd\u0151dik a 22. labdar\u00fag\u00f3-vil\u00e1gbajnoks\u00e1g. A rendhagy\u00f3 id\u0151pontban, [&hellip;]\" \/>\n<meta property=\"og:url\" content=\"https:\/\/cigandse.hu\/index.php\/2022\/11\/20\/ma-kezdodik-a-labdarugo-vilagbajnoksag-katarban\/\" \/>\n<meta property=\"og:site_name\" content=\"Cig\u00e1nd Sportegyes\u00fclet hivatalos oldala\" \/>\n<meta property=\"article:publisher\" content=\"https:\/\/www.facebook.com\/CigandSportegyesulet\" \/>\n<meta property=\"article:published_time\" content=\"2022-11-20T12:23:47+00:00\" \/>\n<meta property=\"article:modified_time\" content=\"2022-11-20T12:25:05+00:00\" \/>\n<meta property=\"og:image\" content=\"https:\/\/cigandse.hu\/wp-content\/uploads\/2022\/11\/cisefifa.jpg\" \/>\n\t<meta property=\"og:image:width\" content=\"680\" \/>\n\t<meta property=\"og:image:height\" content=\"383\" \/>\n\t<meta property=\"og:image:type\" content=\"image\/jpeg\" \/>\n<meta name=\"author\" content=\"admin\" \/>\n<meta name=\"twitter:card\" content=\"summary_large_image\" \/>\n<meta name=\"twitter:label1\" content=\"Szerz\u0151:\" \/>\n\t<meta name=\"twitter:data1\" content=\"admin\" \/>\n\t<meta name=\"twitter:label2\" content=\"Becs\u00fclt olvas\u00e1si id\u0151\" \/>\n\t<meta name=\"twitter:data2\" content=\"5 perc\" \/>\n<script type=\"application\/ld+json\" class=\"yoast-schema-graph\">{\"@context\":\"https:\/\/schema.org\",\"@graph\":[{\"@type\":\"Article\",\"@id\":\"https:\/\/cigandse.hu\/index.php\/2022\/11\/20\/ma-kezdodik-a-labdarugo-vilagbajnoksag-katarban\/#article\",\"isPartOf\":{\"@id\":\"https:\/\/cigandse.hu\/index.php\/2022\/11\/20\/ma-kezdodik-a-labdarugo-vilagbajnoksag-katarban\/\"},\"author\":{\"name\":\"admin\",\"@id\":\"https:\/\/cigandse.hu\/#\/schema\/person\/98ccf0ab8d41a299cc83f8d4bc3ad158\"},\"headline\":\"Ma kezd\u0151dik a labdar\u00fag\u00f3-vil\u00e1gbajnoks\u00e1g Katarban\",\"datePublished\":\"2022-11-20T12:23:47+00:00\",\"dateModified\":\"2022-11-20T12:25:05+00:00\",\"mainEntityOfPage\":{\"@id\":\"https:\/\/cigandse.hu\/index.php\/2022\/11\/20\/ma-kezdodik-a-labdarugo-vilagbajnoksag-katarban\/\"},\"wordCount\":1010,\"commentCount\":0,\"publisher\":{\"@id\":\"https:\/\/cigandse.hu\/#organization\"},\"image\":{\"@id\":\"https:\/\/cigandse.hu\/index.php\/2022\/11\/20\/ma-kezdodik-a-labdarugo-vilagbajnoksag-katarban\/#primaryimage\"},\"thumbnailUrl\":\"https:\/\/cigandse.hu\/wp-content\/uploads\/2022\/11\/cisefifa.jpg\",\"articleSection\":[\"H\u00edrek\"],\"inLanguage\":\"hu\",\"potentialAction\":[{\"@type\":\"CommentAction\",\"name\":\"Comment\",\"target\":[\"https:\/\/cigandse.hu\/index.php\/2022\/11\/20\/ma-kezdodik-a-labdarugo-vilagbajnoksag-katarban\/#respond\"]}]},{\"@type\":\"WebPage\",\"@id\":\"https:\/\/cigandse.hu\/index.php\/2022\/11\/20\/ma-kezdodik-a-labdarugo-vilagbajnoksag-katarban\/\",\"url\":\"https:\/\/cigandse.hu\/index.php\/2022\/11\/20\/ma-kezdodik-a-labdarugo-vilagbajnoksag-katarban\/\",\"name\":\"Ma kezd\u0151dik a labdar\u00fag\u00f3-vil\u00e1gbajnoks\u00e1g Katarban - Cig\u00e1nd Sportegyes\u00fclet hivatalos oldala\",\"isPartOf\":{\"@id\":\"https:\/\/cigandse.hu\/#website\"},\"primaryImageOfPage\":{\"@id\":\"https:\/\/cigandse.hu\/index.php\/2022\/11\/20\/ma-kezdodik-a-labdarugo-vilagbajnoksag-katarban\/#primaryimage\"},\"image\":{\"@id\":\"https:\/\/cigandse.hu\/index.php\/2022\/11\/20\/ma-kezdodik-a-labdarugo-vilagbajnoksag-katarban\/#primaryimage\"},\"thumbnailUrl\":\"https:\/\/cigandse.hu\/wp-content\/uploads\/2022\/11\/cisefifa.jpg\",\"datePublished\":\"2022-11-20T12:23:47+00:00\",\"dateModified\":\"2022-11-20T12:25:05+00:00\",\"breadcrumb\":{\"@id\":\"https:\/\/cigandse.hu\/index.php\/2022\/11\/20\/ma-kezdodik-a-labdarugo-vilagbajnoksag-katarban\/#breadcrumb\"},\"inLanguage\":\"hu\",\"potentialAction\":[{\"@type\":\"ReadAction\",\"target\":[\"https:\/\/cigandse.hu\/index.php\/2022\/11\/20\/ma-kezdodik-a-labdarugo-vilagbajnoksag-katarban\/\"]}]},{\"@type\":\"ImageObject\",\"inLanguage\":\"hu\",\"@id\":\"https:\/\/cigandse.hu\/index.php\/2022\/11\/20\/ma-kezdodik-a-labdarugo-vilagbajnoksag-katarban\/#primaryimage\",\"url\":\"https:\/\/cigandse.hu\/wp-content\/uploads\/2022\/11\/cisefifa.jpg\",\"contentUrl\":\"https:\/\/cigandse.hu\/wp-content\/uploads\/2022\/11\/cisefifa.jpg\",\"width\":680,\"height\":383},{\"@type\":\"BreadcrumbList\",\"@id\":\"https:\/\/cigandse.hu\/index.php\/2022\/11\/20\/ma-kezdodik-a-labdarugo-vilagbajnoksag-katarban\/#breadcrumb\",\"itemListElement\":[{\"@type\":\"ListItem\",\"position\":1,\"name\":\"Kezd\u0151lap\",\"item\":\"https:\/\/cigandse.hu\/\"},{\"@type\":\"ListItem\",\"position\":2,\"name\":\"Ma kezd\u0151dik a labdar\u00fag\u00f3-vil\u00e1gbajnoks\u00e1g Katarban\"}]},{\"@type\":\"WebSite\",\"@id\":\"https:\/\/cigandse.hu\/#website\",\"url\":\"https:\/\/cigandse.hu\/\",\"name\":\"Cig\u00e1nd Sportegyes\u00fclet hivatalos oldala\",\"description\":\"Cig\u00e1nd Sportegyes\u00fclet hivatalos oldala\",\"publisher\":{\"@id\":\"https:\/\/cigandse.hu\/#organization\"},\"potentialAction\":[{\"@type\":\"SearchAction\",\"target\":{\"@type\":\"EntryPoint\",\"urlTemplate\":\"https:\/\/cigandse.hu\/?s={search_term_string}\"},\"query-input\":{\"@type\":\"PropertyValueSpecification\",\"valueRequired\":true,\"valueName\":\"search_term_string\"}}],\"inLanguage\":\"hu\"},{\"@type\":\"Organization\",\"@id\":\"https:\/\/cigandse.hu\/#organization\",\"name\":\"Cig\u00e1nd Sportegyes\u00fclet\",\"url\":\"https:\/\/cigandse.hu\/\",\"logo\":{\"@type\":\"ImageObject\",\"inLanguage\":\"hu\",\"@id\":\"https:\/\/cigandse.hu\/#\/schema\/logo\/image\/\",\"url\":\"https:\/\/cigandse.hu\/wp-content\/uploads\/2022\/04\/Cigand-SE-cimer-1.jpg\",\"contentUrl\":\"https:\/\/cigandse.hu\/wp-content\/uploads\/2022\/04\/Cigand-SE-cimer-1.jpg\",\"width\":1932,\"height\":2088,\"caption\":\"Cig\u00e1nd Sportegyes\u00fclet\"},\"image\":{\"@id\":\"https:\/\/cigandse.hu\/#\/schema\/logo\/image\/\"},\"sameAs\":[\"https:\/\/www.facebook.com\/CigandSportegyesulet\",\"https:\/\/www.youtube.com\/channel\/UC0prdKj31NqRteZ5J4bGUZw\",\"https:\/\/hu.wikipedia.org\/wiki\/Cig\u00e1nd_SE\"]},{\"@type\":\"Person\",\"@id\":\"https:\/\/cigandse.hu\/#\/schema\/person\/98ccf0ab8d41a299cc83f8d4bc3ad158\",\"name\":\"admin\",\"image\":{\"@type\":\"ImageObject\",\"inLanguage\":\"hu\",\"@id\":\"https:\/\/cigandse.hu\/#\/schema\/person\/image\/\",\"url\":\"https:\/\/secure.gravatar.com\/avatar\/807752e5a26584bf309283b840694667743fc07b907e4db41f77a58fb4b98337?s=96&d=mm&r=g\",\"contentUrl\":\"https:\/\/secure.gravatar.com\/avatar\/807752e5a26584bf309283b840694667743fc07b907e4db41f77a58fb4b98337?s=96&d=mm&r=g\",\"caption\":\"admin\"},\"sameAs\":[\"https:\/\/cigandse.hu\"],\"url\":\"https:\/\/cigandse.hu\/index.php\/author\/terjeksandor\/\"}]}<\/script>\n<!-- \/ Yoast SEO plugin. -->","yoast_head_json":{"title":"Ma kezd\u0151dik a labdar\u00fag\u00f3-vil\u00e1gbajnoks\u00e1g Katarban - Cig\u00e1nd Sportegyes\u00fclet hivatalos oldala","robots":{"index":"index","follow":"follow","max-snippet":"max-snippet:-1","max-image-preview":"max-image-preview:large","max-video-preview":"max-video-preview:-1"},"canonical":"https:\/\/cigandse.hu\/index.php\/2022\/11\/20\/ma-kezdodik-a-labdarugo-vilagbajnoksag-katarban\/","og_locale":"hu_HU","og_type":"article","og_title":"Ma kezd\u0151dik a labdar\u00fag\u00f3-vil\u00e1gbajnoks\u00e1g Katarban - Cig\u00e1nd Sportegyes\u00fclet hivatalos oldala","og_description":"Elj\u00f6tt a nagy nap, vas\u00e1rnap magyar id\u0151 szerint 17 \u00f3r\u00e1t\u00f3l a Katar\u2013Ecuador m\u00e9rk\u0151z\u00e9ssel megkezd\u0151dik a 22. labdar\u00fag\u00f3-vil\u00e1gbajnoks\u00e1g. A rendhagy\u00f3 id\u0151pontban, [&hellip;]","og_url":"https:\/\/cigandse.hu\/index.php\/2022\/11\/20\/ma-kezdodik-a-labdarugo-vilagbajnoksag-katarban\/","og_site_name":"Cig\u00e1nd Sportegyes\u00fclet hivatalos oldala","article_publisher":"https:\/\/www.facebook.com\/CigandSportegyesulet","article_published_time":"2022-11-20T12:23:47+00:00","article_modified_time":"2022-11-20T12:25:05+00:00","og_image":[{"width":680,"height":383,"url":"https:\/\/cigandse.hu\/wp-content\/uploads\/2022\/11\/cisefifa.jpg","type":"image\/jpeg"}],"author":"admin","twitter_card":"summary_large_image","twitter_misc":{"Szerz\u0151:":"admin","Becs\u00fclt olvas\u00e1si id\u0151":"5 perc"},"schema":{"@context":"https:\/\/schema.org","@graph":[{"@type":"Article","@id":"https:\/\/cigandse.hu\/index.php\/2022\/11\/20\/ma-kezdodik-a-labdarugo-vilagbajnoksag-katarban\/#article","isPartOf":{"@id":"https:\/\/cigandse.hu\/index.php\/2022\/11\/20\/ma-kezdodik-a-labdarugo-vilagbajnoksag-katarban\/"},"author":{"name":"admin","@id":"https:\/\/cigandse.hu\/#\/schema\/person\/98ccf0ab8d41a299cc83f8d4bc3ad158"},"headline":"Ma kezd\u0151dik a labdar\u00fag\u00f3-vil\u00e1gbajnoks\u00e1g Katarban","datePublished":"2022-11-20T12:23:47+00:00","dateModified":"2022-11-20T12:25:05+00:00","mainEntityOfPage":{"@id":"https:\/\/cigandse.hu\/index.php\/2022\/11\/20\/ma-kezdodik-a-labdarugo-vilagbajnoksag-katarban\/"},"wordCount":1010,"commentCount":0,"publisher":{"@id":"https:\/\/cigandse.hu\/#organization"},"image":{"@id":"https:\/\/cigandse.hu\/index.php\/2022\/11\/20\/ma-kezdodik-a-labdarugo-vilagbajnoksag-katarban\/#primaryimage"},"thumbnailUrl":"https:\/\/cigandse.hu\/wp-content\/uploads\/2022\/11\/cisefifa.jpg","articleSection":["H\u00edrek"],"inLanguage":"hu","potentialAction":[{"@type":"CommentAction","name":"Comment","target":["https:\/\/cigandse.hu\/index.php\/2022\/11\/20\/ma-kezdodik-a-labdarugo-vilagbajnoksag-katarban\/#respond"]}]},{"@type":"WebPage","@id":"https:\/\/cigandse.hu\/index.php\/2022\/11\/20\/ma-kezdodik-a-labdarugo-vilagbajnoksag-katarban\/","url":"https:\/\/cigandse.hu\/index.php\/2022\/11\/20\/ma-kezdodik-a-labdarugo-vilagbajnoksag-katarban\/","name":"Ma kezd\u0151dik a labdar\u00fag\u00f3-vil\u00e1gbajnoks\u00e1g Katarban - Cig\u00e1nd Sportegyes\u00fclet hivatalos oldala","isPartOf":{"@id":"https:\/\/cigandse.hu\/#website"},"primaryImageOfPage":{"@id":"https:\/\/cigandse.hu\/index.php\/2022\/11\/20\/ma-kezdodik-a-labdarugo-vilagbajnoksag-katarban\/#primaryimage"},"image":{"@id":"https:\/\/cigandse.hu\/index.php\/2022\/11\/20\/ma-kezdodik-a-labdarugo-vilagbajnoksag-katarban\/#primaryimage"},"thumbnailUrl":"https:\/\/cigandse.hu\/wp-content\/uploads\/2022\/11\/cisefifa.jpg","datePublished":"2022-11-20T12:23:47+00:00","dateModified":"2022-11-20T12:25:05+00:00","breadcrumb":{"@id":"https:\/\/cigandse.hu\/index.php\/2022\/11\/20\/ma-kezdodik-a-labdarugo-vilagbajnoksag-katarban\/#breadcrumb"},"inLanguage":"hu","potentialAction":[{"@type":"ReadAction","target":["https:\/\/cigandse.hu\/index.php\/2022\/11\/20\/ma-kezdodik-a-labdarugo-vilagbajnoksag-katarban\/"]}]},{"@type":"ImageObject","inLanguage":"hu","@id":"https:\/\/cigandse.hu\/index.php\/2022\/11\/20\/ma-kezdodik-a-labdarugo-vilagbajnoksag-katarban\/#primaryimage","url":"https:\/\/cigandse.hu\/wp-content\/uploads\/2022\/11\/cisefifa.jpg","contentUrl":"https:\/\/cigandse.hu\/wp-content\/uploads\/2022\/11\/cisefifa.jpg","width":680,"height":383},{"@type":"BreadcrumbList","@id":"https:\/\/cigandse.hu\/index.php\/2022\/11\/20\/ma-kezdodik-a-labdarugo-vilagbajnoksag-katarban\/#breadcrumb","itemListElement":[{"@type":"ListItem","position":1,"name":"Kezd\u0151lap","item":"https:\/\/cigandse.hu\/"},{"@type":"ListItem","position":2,"name":"Ma kezd\u0151dik a labdar\u00fag\u00f3-vil\u00e1gbajnoks\u00e1g Katarban"}]},{"@type":"WebSite","@id":"https:\/\/cigandse.hu\/#website","url":"https:\/\/cigandse.hu\/","name":"Cig\u00e1nd Sportegyes\u00fclet hivatalos oldala","description":"Cig\u00e1nd Sportegyes\u00fclet hivatalos oldala","publisher":{"@id":"https:\/\/cigandse.hu\/#organization"},"potentialAction":[{"@type":"SearchAction","target":{"@type":"EntryPoint","urlTemplate":"https:\/\/cigandse.hu\/?s={search_term_string}"},"query-input":{"@type":"PropertyValueSpecification","valueRequired":true,"valueName":"search_term_string"}}],"inLanguage":"hu"},{"@type":"Organization","@id":"https:\/\/cigandse.hu\/#organization","name":"Cig\u00e1nd Sportegyes\u00fclet","url":"https:\/\/cigandse.hu\/","logo":{"@type":"ImageObject","inLanguage":"hu","@id":"https:\/\/cigandse.hu\/#\/schema\/logo\/image\/","url":"https:\/\/cigandse.hu\/wp-content\/uploads\/2022\/04\/Cigand-SE-cimer-1.jpg","contentUrl":"https:\/\/cigandse.hu\/wp-content\/uploads\/2022\/04\/Cigand-SE-cimer-1.jpg","width":1932,"height":2088,"caption":"Cig\u00e1nd Sportegyes\u00fclet"},"image":{"@id":"https:\/\/cigandse.hu\/#\/schema\/logo\/image\/"},"sameAs":["https:\/\/www.facebook.com\/CigandSportegyesulet","https:\/\/www.youtube.com\/channel\/UC0prdKj31NqRteZ5J4bGUZw","https:\/\/hu.wikipedia.org\/wiki\/Cig\u00e1nd_SE"]},{"@type":"Person","@id":"https:\/\/cigandse.hu\/#\/schema\/person\/98ccf0ab8d41a299cc83f8d4bc3ad158","name":"admin","image":{"@type":"ImageObject","inLanguage":"hu","@id":"https:\/\/cigandse.hu\/#\/schema\/person\/image\/","url":"https:\/\/secure.gravatar.com\/avatar\/807752e5a26584bf309283b840694667743fc07b907e4db41f77a58fb4b98337?s=96&d=mm&r=g","contentUrl":"https:\/\/secure.gravatar.com\/avatar\/807752e5a26584bf309283b840694667743fc07b907e4db41f77a58fb4b98337?s=96&d=mm&r=g","caption":"admin"},"sameAs":["https:\/\/cigandse.hu"],"url":"https:\/\/cigandse.hu\/index.php\/author\/terjeksandor\/"}]}},"uagb_featured_image_src":{"full":["https:\/\/cigandse.hu\/wp-content\/uploads\/2022\/11\/cisefifa.jpg",680,383,false],"thumbnail":["https:\/\/cigandse.hu\/wp-content\/uploads\/2022\/11\/cisefifa-150x150.jpg",150,150,true],"medium":["https:\/\/cigandse.hu\/wp-content\/uploads\/2022\/11\/cisefifa-300x169.jpg",300,169,true],"medium_large":["https:\/\/cigandse.hu\/wp-content\/uploads\/2022\/11\/cisefifa.jpg",680,383,false],"large":["https:\/\/cigandse.hu\/wp-content\/uploads\/2022\/11\/cisefifa.jpg",680,383,false],"1536x1536":["https:\/\/cigandse.hu\/wp-content\/uploads\/2022\/11\/cisefifa.jpg",680,383,false],"2048x2048":["https:\/\/cigandse.hu\/wp-content\/uploads\/2022\/11\/cisefifa.jpg",680,383,false],"sportspress-crop-medium":["https:\/\/cigandse.hu\/wp-content\/uploads\/2022\/11\/cisefifa-300x300.jpg",300,300,true],"sportspress-fit-medium":["https:\/\/cigandse.hu\/wp-content\/uploads\/2022\/11\/cisefifa-300x169.jpg",300,169,true],"sportspress-fit-icon":["https:\/\/cigandse.hu\/wp-content\/uploads\/2022\/11\/cisefifa-128x72.jpg",128,72,true],"sportspress-fit-mini":["https:\/\/cigandse.hu\/wp-content\/uploads\/2022\/11\/cisefifa-32x18.jpg",32,18,true]},"uagb_author_info":{"display_name":"admin","author_link":"https:\/\/cigandse.hu\/index.php\/author\/terjeksandor\/"},"uagb_comment_info":1,"uagb_excerpt":"Elj\u00f6tt a nagy nap, vas\u00e1rnap magyar id\u0151 szerint 17 \u00f3r\u00e1t\u00f3l a Katar\u2013Ecuador m\u00e9rk\u0151z\u00e9ssel megkezd\u0151dik a 22. labdar\u00fag\u00f3-vil\u00e1gbajnoks\u00e1g. A rendhagy\u00f3 id\u0151pontban, [&hellip;]","_links":{"self":[{"href":"https:\/\/cigandse.hu\/index.php\/wp-json\/wp\/v2\/posts\/1460","targetHints":{"allow":["GET"]}}],"collection":[{"href":"https:\/\/cigandse.hu\/index.php\/wp-json\/wp\/v2\/posts"}],"about":[{"href":"https:\/\/cigandse.hu\/index.php\/wp-json\/wp\/v2\/types\/post"}],"author":[{"embeddable":true,"href":"https:\/\/cigandse.hu\/index.php\/wp-json\/wp\/v2\/users\/1"}],"replies":[{"embeddable":true,"href":"https:\/\/cigandse.hu\/index.php\/wp-json\/wp\/v2\/comments?post=1460"}],"version-history":[{"count":3,"href":"https:\/\/cigandse.hu\/index.php\/wp-json\/wp\/v2\/posts\/1460\/revisions"}],"predecessor-version":[{"id":1464,"href":"https:\/\/cigandse.hu\/index.php\/wp-json\/wp\/v2\/posts\/1460\/revisions\/1464"}],"wp:featuredmedia":[{"embeddable":true,"href":"https:\/\/cigandse.hu\/index.php\/wp-json\/wp\/v2\/media\/1461"}],"wp:attachment":[{"href":"https:\/\/cigandse.hu\/index.php\/wp-json\/wp\/v2\/media?parent=1460"}],"wp:term":[{"taxonomy":"category","embeddable":true,"href":"https:\/\/cigandse.hu\/index.php\/wp-json\/wp\/v2\/categories?post=1460"},{"taxonomy":"post_tag","embeddable":true,"href":"https:\/\/cigandse.hu\/index.php\/wp-json\/wp\/v2\/tags?post=1460"}],"curies":[{"name":"wp","href":"https:\/\/api.w.org\/{rel}","templated":true}]}}