{"id":1767,"date":"2023-02-16T02:44:20","date_gmt":"2023-02-16T01:44:20","guid":{"rendered":"https:\/\/cigandse.hu\/?p=1767"},"modified":"2023-02-16T16:20:45","modified_gmt":"2023-02-16T15:20:45","slug":"lezarult-a-teli-atigazolasi-idoszak-vegleges-a-tavaszi-keret","status":"publish","type":"post","link":"https:\/\/cigandse.hu\/index.php\/2023\/02\/16\/lezarult-a-teli-atigazolasi-idoszak-vegleges-a-tavaszi-keret\/","title":{"rendered":"Lez\u00e1rult a t\u00e9li \u00e1tigazol\u00e1si id\u0151szak, v\u00e9gleges a tavaszi keret"},"content":{"rendered":"<h3><a href=\"https:\/\/cigandse.hu\/wp-content\/uploads\/2022\/07\/22.23-keret.jpg\"><img loading=\"lazy\" decoding=\"async\" class=\"alignnone size-full wp-image-782\" src=\"https:\/\/cigandse.hu\/wp-content\/uploads\/2022\/07\/22.23-keret.jpg\" alt=\"\" width=\"1397\" height=\"857\" srcset=\"https:\/\/cigandse.hu\/wp-content\/uploads\/2022\/07\/22.23-keret.jpg 1397w, https:\/\/cigandse.hu\/wp-content\/uploads\/2022\/07\/22.23-keret-300x184.jpg 300w, https:\/\/cigandse.hu\/wp-content\/uploads\/2022\/07\/22.23-keret-1024x628.jpg 1024w, https:\/\/cigandse.hu\/wp-content\/uploads\/2022\/07\/22.23-keret-768x471.jpg 768w, https:\/\/cigandse.hu\/wp-content\/uploads\/2022\/07\/22.23-keret-128x79.jpg 128w, https:\/\/cigandse.hu\/wp-content\/uploads\/2022\/07\/22.23-keret-32x20.jpg 32w\" sizes=\"auto, (max-width: 1397px) 100vw, 1397px\" \/><\/a><\/h3>\n<h3>A magyar labdar\u00fag\u00e1sban az id\u00e9n febru\u00e1r 14-\u00e9n, \u00e9jf\u00e9lkor z\u00e1rult le a t\u00e9li \u00e1tigazol\u00e1si id\u0151szak. V\u00e9glegess\u00e9 v\u00e1lt, hogy feln\u0151tt csapatunk: h\u00e1rom kapussal, \u00e9s huszonk\u00e9t mez\u0151nyj\u00e1t\u00e9kossal folytatja a bajnoks\u00e1got.<\/h3>\n<p><strong>\u00c9rkez\u0151k:<\/strong><\/p>\n<p>Fabu M\u00e1rton (S\u00e9ny\u0151-Carnifex FC), Krist\u00f3fi S\u00e1ndor (Facultas-Tiszf\u00fcredi VSE), Szilv\u00e1si P\u00e9ter (S\u00e9ny\u0151-Carnifex FC), Kov\u00e1cs Gerg\u0151 (\u00dajfeh\u00e9rt\u00f3 SE), Hussein Shadi (Karcagi SE)<\/p>\n<p><strong>T\u00e1voz\u00f3k:<\/strong><\/p>\n<p>Artem Atamasz (SK Strobl \u2013 Ausztria), Farkas M\u00e1rton (Ibr\u00e1ny SE), Nagy N\u00e1ndor (SC Bad Sauerbrunn \u2013 Ausztria)<\/p>\n<p><strong>Ut\u00e1np\u00f3tl\u00e1sb\u00f3l felker\u00fcltek:<\/strong><\/p>\n<p>Juh\u00e1sz Dominik (U17), R\u00e9v\u00e9sz Barnab\u00e1s (U19)<\/p>\n<div class=\"blogpost_styling\">\n<article id=\"post-781\" class=\"single-post post-781 post type-post status-publish format-standard has-post-thumbnail hentry category-hirek\">\n<div class=\"entry-content\">\n<div>\n<div>\n<h4><strong><em>A Cig\u00e1nd SE 2022\/2023-as tavaszi kerete:<\/em><\/strong><\/h4>\n<p><em><b>Kapusok<\/b><\/em><b>:<\/b> Nagy S\u00e1ndor, Po\u00f3r L\u00e1szl\u00f3, R\u00e9v\u00e9sz Barnab\u00e1s<\/p>\n<p><em><b>V\u00e9d\u0151k<\/b><\/em><b>:<\/b> Ferencz R\u00f3bert, Juh\u00e1sz D\u00e1vid, Juh\u00e1sz Dominik, Szilv\u00e1si P\u00e9ter, Sz\u0151l\u0151si Patrik, T\u00f3th Szabolcs, Vass Ott\u00f3<\/p>\n<p><em><b>K\u00f6z\u00e9pp\u00e1ly\u00e1sok<\/b><\/em><b>:<\/b> Fabu M\u00e1rton, Hussein Shadi, Katona Gy\u00f6rgy, Kov\u00e1cs Gerg\u0151, Oravecz Z\u00e9n\u00f3, Starosta D\u00e1vid<\/p>\n<p><em><b>T\u00e1mad\u00f3k<\/b><\/em><b>:<\/b> Bar\u00e1z M\u00e1rk\u00f3, G\u00e9g\u00e9ny Z\u00e9n\u00f3, Kelemen Gerg\u0151, Kr\u00e1lik Mih\u00e1ly, K\u0151rizs \u00c1kos, Krist\u00f3fi S\u00e1ndor, Motk\u00f3 Benj\u00e1min, Nagy D\u00e1vid, T\u00f3th \u00c1d\u00e1m<\/p>\n<p><em><b>S\u00e9r\u00fcl\u00e9sb\u0151l l\u00e1badoznak<\/b><\/em><b>:<\/b> Elek \u00c1d\u00e1m, Kulcs\u00e1r Hunor, Szegedi Bence<\/p>\n<p><em><b>St\u00e1b<\/b><\/em><b>:<\/b>\u00a0Paulik Istv\u00e1n\u00a0<i>vezet\u0151edz\u0151<\/i>, Nagy G\u00e1bor\u00a0<i>asszisztens edz\u0151<\/i>, Szab\u00f3 Attila\u00a0<i>kapusedz\u0151<\/i>, Kov\u00e1cs Barbara\u00a0<i>massz\u0151r<\/i>, Antal Ferenc\u00a0<i>eg\u00e9szs\u00e9g\u00fcgyi asszisztens<\/i>, Wang Zhuo Andor <i>szert\u00e1ros<\/i>, Terj\u00e9k S\u00e1ndor\u00a0<i>technikai vezet\u0151<\/i><\/p>\n<\/div>\n<\/div>\n<div>\n<div dir=\"ltr\" data-smartmail=\"gmail_signature\">\n<div dir=\"ltr\">\n<div dir=\"ltr\">\n<div dir=\"ltr\">\n<div dir=\"ltr\"><\/div>\n<\/div>\n<\/div>\n<\/div>\n<\/div>\n<\/div>\n<div class=\"postmeta\">\n<div class=\"post-tags\"><\/div>\n<div class=\"clear\"><\/div>\n<\/div>\n<\/div>\n<footer class=\"entry-meta\"><\/footer>\n<\/article>\n<\/div>\n<p>&nbsp;<\/p>\n","protected":false},"excerpt":{"rendered":"<p>A magyar labdar\u00fag\u00e1sban az id\u00e9n febru\u00e1r 14-\u00e9n, \u00e9jf\u00e9lkor z\u00e1rult le a t\u00e9li \u00e1tigazol\u00e1si id\u0151szak. V\u00e9glegess\u00e9 v\u00e1lt, hogy feln\u0151tt csapatunk: h\u00e1rom [&hellip;]<\/p>\n","protected":false},"author":1,"featured_media":782,"comment_status":"open","ping_status":"open","sticky":false,"template":"","format":"standard","meta":{"_uag_custom_page_level_css":"","footnotes":""},"categories":[3],"tags":[],"class_list":["post-1767","post","type-post","status-publish","format-standard","has-post-thumbnail","hentry","category-hirek"],"yoast_head":"<!-- This site is optimized with the Yoast SEO plugin v25.5 - https:\/\/yoast.com\/wordpress\/plugins\/seo\/ -->\n<title>Lez\u00e1rult a t\u00e9li \u00e1tigazol\u00e1si id\u0151szak, v\u00e9gleges a tavaszi keret - Cig\u00e1nd Sportegyes\u00fclet hivatalos oldala<\/title>\n<meta name=\"robots\" content=\"index, follow, max-snippet:-1, max-image-preview:large, max-video-preview:-1\" \/>\n<link rel=\"canonical\" href=\"https:\/\/cigandse.hu\/index.php\/2023\/02\/16\/lezarult-a-teli-atigazolasi-idoszak-vegleges-a-tavaszi-keret\/\" \/>\n<meta property=\"og:locale\" content=\"hu_HU\" \/>\n<meta property=\"og:type\" content=\"article\" \/>\n<meta property=\"og:title\" content=\"Lez\u00e1rult a t\u00e9li \u00e1tigazol\u00e1si id\u0151szak, v\u00e9gleges a tavaszi keret - Cig\u00e1nd Sportegyes\u00fclet hivatalos oldala\" \/>\n<meta property=\"og:description\" content=\"A magyar labdar\u00fag\u00e1sban az id\u00e9n febru\u00e1r 14-\u00e9n, \u00e9jf\u00e9lkor z\u00e1rult le a t\u00e9li \u00e1tigazol\u00e1si id\u0151szak. V\u00e9glegess\u00e9 v\u00e1lt, hogy feln\u0151tt csapatunk: h\u00e1rom [&hellip;]\" \/>\n<meta property=\"og:url\" content=\"https:\/\/cigandse.hu\/index.php\/2023\/02\/16\/lezarult-a-teli-atigazolasi-idoszak-vegleges-a-tavaszi-keret\/\" \/>\n<meta property=\"og:site_name\" content=\"Cig\u00e1nd Sportegyes\u00fclet hivatalos oldala\" \/>\n<meta property=\"article:publisher\" content=\"https:\/\/www.facebook.com\/CigandSportegyesulet\" \/>\n<meta property=\"article:published_time\" content=\"2023-02-16T01:44:20+00:00\" \/>\n<meta property=\"article:modified_time\" content=\"2023-02-16T15:20:45+00:00\" \/>\n<meta property=\"og:image\" content=\"https:\/\/cigandse.hu\/wp-content\/uploads\/2022\/07\/22.23-keret.jpg\" \/>\n\t<meta property=\"og:image:width\" content=\"1397\" \/>\n\t<meta property=\"og:image:height\" content=\"857\" \/>\n\t<meta property=\"og:image:type\" content=\"image\/jpeg\" \/>\n<meta name=\"author\" content=\"admin\" \/>\n<meta name=\"twitter:card\" content=\"summary_large_image\" \/>\n<meta name=\"twitter:label1\" content=\"Szerz\u0151:\" \/>\n\t<meta name=\"twitter:data1\" content=\"admin\" \/>\n\t<meta name=\"twitter:label2\" content=\"Becs\u00fclt olvas\u00e1si id\u0151\" \/>\n\t<meta name=\"twitter:data2\" content=\"2 perc\" \/>\n<script type=\"application\/ld+json\" class=\"yoast-schema-graph\">{\"@context\":\"https:\/\/schema.org\",\"@graph\":[{\"@type\":\"Article\",\"@id\":\"https:\/\/cigandse.hu\/index.php\/2023\/02\/16\/lezarult-a-teli-atigazolasi-idoszak-vegleges-a-tavaszi-keret\/#article\",\"isPartOf\":{\"@id\":\"https:\/\/cigandse.hu\/index.php\/2023\/02\/16\/lezarult-a-teli-atigazolasi-idoszak-vegleges-a-tavaszi-keret\/\"},\"author\":{\"name\":\"admin\",\"@id\":\"https:\/\/cigandse.hu\/#\/schema\/person\/98ccf0ab8d41a299cc83f8d4bc3ad158\"},\"headline\":\"Lez\u00e1rult a t\u00e9li \u00e1tigazol\u00e1si id\u0151szak, v\u00e9gleges a tavaszi keret\",\"datePublished\":\"2023-02-16T01:44:20+00:00\",\"dateModified\":\"2023-02-16T15:20:45+00:00\",\"mainEntityOfPage\":{\"@id\":\"https:\/\/cigandse.hu\/index.php\/2023\/02\/16\/lezarult-a-teli-atigazolasi-idoszak-vegleges-a-tavaszi-keret\/\"},\"wordCount\":289,\"commentCount\":0,\"publisher\":{\"@id\":\"https:\/\/cigandse.hu\/#organization\"},\"image\":{\"@id\":\"https:\/\/cigandse.hu\/index.php\/2023\/02\/16\/lezarult-a-teli-atigazolasi-idoszak-vegleges-a-tavaszi-keret\/#primaryimage\"},\"thumbnailUrl\":\"https:\/\/cigandse.hu\/wp-content\/uploads\/2022\/07\/22.23-keret.jpg\",\"articleSection\":[\"H\u00edrek\"],\"inLanguage\":\"hu\",\"potentialAction\":[{\"@type\":\"CommentAction\",\"name\":\"Comment\",\"target\":[\"https:\/\/cigandse.hu\/index.php\/2023\/02\/16\/lezarult-a-teli-atigazolasi-idoszak-vegleges-a-tavaszi-keret\/#respond\"]}]},{\"@type\":\"WebPage\",\"@id\":\"https:\/\/cigandse.hu\/index.php\/2023\/02\/16\/lezarult-a-teli-atigazolasi-idoszak-vegleges-a-tavaszi-keret\/\",\"url\":\"https:\/\/cigandse.hu\/index.php\/2023\/02\/16\/lezarult-a-teli-atigazolasi-idoszak-vegleges-a-tavaszi-keret\/\",\"name\":\"Lez\u00e1rult a t\u00e9li \u00e1tigazol\u00e1si id\u0151szak, v\u00e9gleges a tavaszi keret - Cig\u00e1nd Sportegyes\u00fclet hivatalos oldala\",\"isPartOf\":{\"@id\":\"https:\/\/cigandse.hu\/#website\"},\"primaryImageOfPage\":{\"@id\":\"https:\/\/cigandse.hu\/index.php\/2023\/02\/16\/lezarult-a-teli-atigazolasi-idoszak-vegleges-a-tavaszi-keret\/#primaryimage\"},\"image\":{\"@id\":\"https:\/\/cigandse.hu\/index.php\/2023\/02\/16\/lezarult-a-teli-atigazolasi-idoszak-vegleges-a-tavaszi-keret\/#primaryimage\"},\"thumbnailUrl\":\"https:\/\/cigandse.hu\/wp-content\/uploads\/2022\/07\/22.23-keret.jpg\",\"datePublished\":\"2023-02-16T01:44:20+00:00\",\"dateModified\":\"2023-02-16T15:20:45+00:00\",\"breadcrumb\":{\"@id\":\"https:\/\/cigandse.hu\/index.php\/2023\/02\/16\/lezarult-a-teli-atigazolasi-idoszak-vegleges-a-tavaszi-keret\/#breadcrumb\"},\"inLanguage\":\"hu\",\"potentialAction\":[{\"@type\":\"ReadAction\",\"target\":[\"https:\/\/cigandse.hu\/index.php\/2023\/02\/16\/lezarult-a-teli-atigazolasi-idoszak-vegleges-a-tavaszi-keret\/\"]}]},{\"@type\":\"ImageObject\",\"inLanguage\":\"hu\",\"@id\":\"https:\/\/cigandse.hu\/index.php\/2023\/02\/16\/lezarult-a-teli-atigazolasi-idoszak-vegleges-a-tavaszi-keret\/#primaryimage\",\"url\":\"https:\/\/cigandse.hu\/wp-content\/uploads\/2022\/07\/22.23-keret.jpg\",\"contentUrl\":\"https:\/\/cigandse.hu\/wp-content\/uploads\/2022\/07\/22.23-keret.jpg\",\"width\":1397,\"height\":857},{\"@type\":\"BreadcrumbList\",\"@id\":\"https:\/\/cigandse.hu\/index.php\/2023\/02\/16\/lezarult-a-teli-atigazolasi-idoszak-vegleges-a-tavaszi-keret\/#breadcrumb\",\"itemListElement\":[{\"@type\":\"ListItem\",\"position\":1,\"name\":\"Kezd\u0151lap\",\"item\":\"https:\/\/cigandse.hu\/\"},{\"@type\":\"ListItem\",\"position\":2,\"name\":\"Lez\u00e1rult a t\u00e9li \u00e1tigazol\u00e1si id\u0151szak, v\u00e9gleges a tavaszi keret\"}]},{\"@type\":\"WebSite\",\"@id\":\"https:\/\/cigandse.hu\/#website\",\"url\":\"https:\/\/cigandse.hu\/\",\"name\":\"Cig\u00e1nd Sportegyes\u00fclet hivatalos oldala\",\"description\":\"Cig\u00e1nd Sportegyes\u00fclet hivatalos oldala\",\"publisher\":{\"@id\":\"https:\/\/cigandse.hu\/#organization\"},\"potentialAction\":[{\"@type\":\"SearchAction\",\"target\":{\"@type\":\"EntryPoint\",\"urlTemplate\":\"https:\/\/cigandse.hu\/?s={search_term_string}\"},\"query-input\":{\"@type\":\"PropertyValueSpecification\",\"valueRequired\":true,\"valueName\":\"search_term_string\"}}],\"inLanguage\":\"hu\"},{\"@type\":\"Organization\",\"@id\":\"https:\/\/cigandse.hu\/#organization\",\"name\":\"Cig\u00e1nd Sportegyes\u00fclet\",\"url\":\"https:\/\/cigandse.hu\/\",\"logo\":{\"@type\":\"ImageObject\",\"inLanguage\":\"hu\",\"@id\":\"https:\/\/cigandse.hu\/#\/schema\/logo\/image\/\",\"url\":\"https:\/\/cigandse.hu\/wp-content\/uploads\/2022\/04\/Cigand-SE-cimer-1.jpg\",\"contentUrl\":\"https:\/\/cigandse.hu\/wp-content\/uploads\/2022\/04\/Cigand-SE-cimer-1.jpg\",\"width\":1932,\"height\":2088,\"caption\":\"Cig\u00e1nd Sportegyes\u00fclet\"},\"image\":{\"@id\":\"https:\/\/cigandse.hu\/#\/schema\/logo\/image\/\"},\"sameAs\":[\"https:\/\/www.facebook.com\/CigandSportegyesulet\",\"https:\/\/www.youtube.com\/channel\/UC0prdKj31NqRteZ5J4bGUZw\",\"https:\/\/hu.wikipedia.org\/wiki\/Cig\u00e1nd_SE\"]},{\"@type\":\"Person\",\"@id\":\"https:\/\/cigandse.hu\/#\/schema\/person\/98ccf0ab8d41a299cc83f8d4bc3ad158\",\"name\":\"admin\",\"image\":{\"@type\":\"ImageObject\",\"inLanguage\":\"hu\",\"@id\":\"https:\/\/cigandse.hu\/#\/schema\/person\/image\/\",\"url\":\"https:\/\/secure.gravatar.com\/avatar\/807752e5a26584bf309283b840694667743fc07b907e4db41f77a58fb4b98337?s=96&d=mm&r=g\",\"contentUrl\":\"https:\/\/secure.gravatar.com\/avatar\/807752e5a26584bf309283b840694667743fc07b907e4db41f77a58fb4b98337?s=96&d=mm&r=g\",\"caption\":\"admin\"},\"sameAs\":[\"https:\/\/cigandse.hu\"],\"url\":\"https:\/\/cigandse.hu\/index.php\/author\/terjeksandor\/\"}]}<\/script>\n<!-- \/ Yoast SEO plugin. -->","yoast_head_json":{"title":"Lez\u00e1rult a t\u00e9li \u00e1tigazol\u00e1si id\u0151szak, v\u00e9gleges a tavaszi keret - Cig\u00e1nd Sportegyes\u00fclet hivatalos oldala","robots":{"index":"index","follow":"follow","max-snippet":"max-snippet:-1","max-image-preview":"max-image-preview:large","max-video-preview":"max-video-preview:-1"},"canonical":"https:\/\/cigandse.hu\/index.php\/2023\/02\/16\/lezarult-a-teli-atigazolasi-idoszak-vegleges-a-tavaszi-keret\/","og_locale":"hu_HU","og_type":"article","og_title":"Lez\u00e1rult a t\u00e9li \u00e1tigazol\u00e1si id\u0151szak, v\u00e9gleges a tavaszi keret - Cig\u00e1nd Sportegyes\u00fclet hivatalos oldala","og_description":"A magyar labdar\u00fag\u00e1sban az id\u00e9n febru\u00e1r 14-\u00e9n, \u00e9jf\u00e9lkor z\u00e1rult le a t\u00e9li \u00e1tigazol\u00e1si id\u0151szak. V\u00e9glegess\u00e9 v\u00e1lt, hogy feln\u0151tt csapatunk: h\u00e1rom [&hellip;]","og_url":"https:\/\/cigandse.hu\/index.php\/2023\/02\/16\/lezarult-a-teli-atigazolasi-idoszak-vegleges-a-tavaszi-keret\/","og_site_name":"Cig\u00e1nd Sportegyes\u00fclet hivatalos oldala","article_publisher":"https:\/\/www.facebook.com\/CigandSportegyesulet","article_published_time":"2023-02-16T01:44:20+00:00","article_modified_time":"2023-02-16T15:20:45+00:00","og_image":[{"width":1397,"height":857,"url":"https:\/\/cigandse.hu\/wp-content\/uploads\/2022\/07\/22.23-keret.jpg","type":"image\/jpeg"}],"author":"admin","twitter_card":"summary_large_image","twitter_misc":{"Szerz\u0151:":"admin","Becs\u00fclt olvas\u00e1si id\u0151":"2 perc"},"schema":{"@context":"https:\/\/schema.org","@graph":[{"@type":"Article","@id":"https:\/\/cigandse.hu\/index.php\/2023\/02\/16\/lezarult-a-teli-atigazolasi-idoszak-vegleges-a-tavaszi-keret\/#article","isPartOf":{"@id":"https:\/\/cigandse.hu\/index.php\/2023\/02\/16\/lezarult-a-teli-atigazolasi-idoszak-vegleges-a-tavaszi-keret\/"},"author":{"name":"admin","@id":"https:\/\/cigandse.hu\/#\/schema\/person\/98ccf0ab8d41a299cc83f8d4bc3ad158"},"headline":"Lez\u00e1rult a t\u00e9li \u00e1tigazol\u00e1si id\u0151szak, v\u00e9gleges a tavaszi keret","datePublished":"2023-02-16T01:44:20+00:00","dateModified":"2023-02-16T15:20:45+00:00","mainEntityOfPage":{"@id":"https:\/\/cigandse.hu\/index.php\/2023\/02\/16\/lezarult-a-teli-atigazolasi-idoszak-vegleges-a-tavaszi-keret\/"},"wordCount":289,"commentCount":0,"publisher":{"@id":"https:\/\/cigandse.hu\/#organization"},"image":{"@id":"https:\/\/cigandse.hu\/index.php\/2023\/02\/16\/lezarult-a-teli-atigazolasi-idoszak-vegleges-a-tavaszi-keret\/#primaryimage"},"thumbnailUrl":"https:\/\/cigandse.hu\/wp-content\/uploads\/2022\/07\/22.23-keret.jpg","articleSection":["H\u00edrek"],"inLanguage":"hu","potentialAction":[{"@type":"CommentAction","name":"Comment","target":["https:\/\/cigandse.hu\/index.php\/2023\/02\/16\/lezarult-a-teli-atigazolasi-idoszak-vegleges-a-tavaszi-keret\/#respond"]}]},{"@type":"WebPage","@id":"https:\/\/cigandse.hu\/index.php\/2023\/02\/16\/lezarult-a-teli-atigazolasi-idoszak-vegleges-a-tavaszi-keret\/","url":"https:\/\/cigandse.hu\/index.php\/2023\/02\/16\/lezarult-a-teli-atigazolasi-idoszak-vegleges-a-tavaszi-keret\/","name":"Lez\u00e1rult a t\u00e9li \u00e1tigazol\u00e1si id\u0151szak, v\u00e9gleges a tavaszi keret - Cig\u00e1nd Sportegyes\u00fclet hivatalos oldala","isPartOf":{"@id":"https:\/\/cigandse.hu\/#website"},"primaryImageOfPage":{"@id":"https:\/\/cigandse.hu\/index.php\/2023\/02\/16\/lezarult-a-teli-atigazolasi-idoszak-vegleges-a-tavaszi-keret\/#primaryimage"},"image":{"@id":"https:\/\/cigandse.hu\/index.php\/2023\/02\/16\/lezarult-a-teli-atigazolasi-idoszak-vegleges-a-tavaszi-keret\/#primaryimage"},"thumbnailUrl":"https:\/\/cigandse.hu\/wp-content\/uploads\/2022\/07\/22.23-keret.jpg","datePublished":"2023-02-16T01:44:20+00:00","dateModified":"2023-02-16T15:20:45+00:00","breadcrumb":{"@id":"https:\/\/cigandse.hu\/index.php\/2023\/02\/16\/lezarult-a-teli-atigazolasi-idoszak-vegleges-a-tavaszi-keret\/#breadcrumb"},"inLanguage":"hu","potentialAction":[{"@type":"ReadAction","target":["https:\/\/cigandse.hu\/index.php\/2023\/02\/16\/lezarult-a-teli-atigazolasi-idoszak-vegleges-a-tavaszi-keret\/"]}]},{"@type":"ImageObject","inLanguage":"hu","@id":"https:\/\/cigandse.hu\/index.php\/2023\/02\/16\/lezarult-a-teli-atigazolasi-idoszak-vegleges-a-tavaszi-keret\/#primaryimage","url":"https:\/\/cigandse.hu\/wp-content\/uploads\/2022\/07\/22.23-keret.jpg","contentUrl":"https:\/\/cigandse.hu\/wp-content\/uploads\/2022\/07\/22.23-keret.jpg","width":1397,"height":857},{"@type":"BreadcrumbList","@id":"https:\/\/cigandse.hu\/index.php\/2023\/02\/16\/lezarult-a-teli-atigazolasi-idoszak-vegleges-a-tavaszi-keret\/#breadcrumb","itemListElement":[{"@type":"ListItem","position":1,"name":"Kezd\u0151lap","item":"https:\/\/cigandse.hu\/"},{"@type":"ListItem","position":2,"name":"Lez\u00e1rult a t\u00e9li \u00e1tigazol\u00e1si id\u0151szak, v\u00e9gleges a tavaszi keret"}]},{"@type":"WebSite","@id":"https:\/\/cigandse.hu\/#website","url":"https:\/\/cigandse.hu\/","name":"Cig\u00e1nd Sportegyes\u00fclet hivatalos oldala","description":"Cig\u00e1nd Sportegyes\u00fclet hivatalos oldala","publisher":{"@id":"https:\/\/cigandse.hu\/#organization"},"potentialAction":[{"@type":"SearchAction","target":{"@type":"EntryPoint","urlTemplate":"https:\/\/cigandse.hu\/?s={search_term_string}"},"query-input":{"@type":"PropertyValueSpecification","valueRequired":true,"valueName":"search_term_string"}}],"inLanguage":"hu"},{"@type":"Organization","@id":"https:\/\/cigandse.hu\/#organization","name":"Cig\u00e1nd Sportegyes\u00fclet","url":"https:\/\/cigandse.hu\/","logo":{"@type":"ImageObject","inLanguage":"hu","@id":"https:\/\/cigandse.hu\/#\/schema\/logo\/image\/","url":"https:\/\/cigandse.hu\/wp-content\/uploads\/2022\/04\/Cigand-SE-cimer-1.jpg","contentUrl":"https:\/\/cigandse.hu\/wp-content\/uploads\/2022\/04\/Cigand-SE-cimer-1.jpg","width":1932,"height":2088,"caption":"Cig\u00e1nd Sportegyes\u00fclet"},"image":{"@id":"https:\/\/cigandse.hu\/#\/schema\/logo\/image\/"},"sameAs":["https:\/\/www.facebook.com\/CigandSportegyesulet","https:\/\/www.youtube.com\/channel\/UC0prdKj31NqRteZ5J4bGUZw","https:\/\/hu.wikipedia.org\/wiki\/Cig\u00e1nd_SE"]},{"@type":"Person","@id":"https:\/\/cigandse.hu\/#\/schema\/person\/98ccf0ab8d41a299cc83f8d4bc3ad158","name":"admin","image":{"@type":"ImageObject","inLanguage":"hu","@id":"https:\/\/cigandse.hu\/#\/schema\/person\/image\/","url":"https:\/\/secure.gravatar.com\/avatar\/807752e5a26584bf309283b840694667743fc07b907e4db41f77a58fb4b98337?s=96&d=mm&r=g","contentUrl":"https:\/\/secure.gravatar.com\/avatar\/807752e5a26584bf309283b840694667743fc07b907e4db41f77a58fb4b98337?s=96&d=mm&r=g","caption":"admin"},"sameAs":["https:\/\/cigandse.hu"],"url":"https:\/\/cigandse.hu\/index.php\/author\/terjeksandor\/"}]}},"uagb_featured_image_src":{"full":["https:\/\/cigandse.hu\/wp-content\/uploads\/2022\/07\/22.23-keret.jpg",1397,857,false],"thumbnail":["https:\/\/cigandse.hu\/wp-content\/uploads\/2022\/07\/22.23-keret-150x150.jpg",150,150,true],"medium":["https:\/\/cigandse.hu\/wp-content\/uploads\/2022\/07\/22.23-keret-300x184.jpg",300,184,true],"medium_large":["https:\/\/cigandse.hu\/wp-content\/uploads\/2022\/07\/22.23-keret-768x471.jpg",680,417,true],"large":["https:\/\/cigandse.hu\/wp-content\/uploads\/2022\/07\/22.23-keret-1024x628.jpg",680,417,true],"1536x1536":["https:\/\/cigandse.hu\/wp-content\/uploads\/2022\/07\/22.23-keret.jpg",1397,857,false],"2048x2048":["https:\/\/cigandse.hu\/wp-content\/uploads\/2022\/07\/22.23-keret.jpg",1397,857,false],"sportspress-crop-medium":["https:\/\/cigandse.hu\/wp-content\/uploads\/2022\/07\/22.23-keret-300x300.jpg",300,300,true],"sportspress-fit-medium":["https:\/\/cigandse.hu\/wp-content\/uploads\/2022\/07\/22.23-keret-300x184.jpg",300,184,true],"sportspress-fit-icon":["https:\/\/cigandse.hu\/wp-content\/uploads\/2022\/07\/22.23-keret-128x79.jpg",128,79,true],"sportspress-fit-mini":["https:\/\/cigandse.hu\/wp-content\/uploads\/2022\/07\/22.23-keret-32x20.jpg",32,20,true]},"uagb_author_info":{"display_name":"admin","author_link":"https:\/\/cigandse.hu\/index.php\/author\/terjeksandor\/"},"uagb_comment_info":0,"uagb_excerpt":"A magyar labdar\u00fag\u00e1sban az id\u00e9n febru\u00e1r 14-\u00e9n, \u00e9jf\u00e9lkor z\u00e1rult le a t\u00e9li \u00e1tigazol\u00e1si id\u0151szak. V\u00e9glegess\u00e9 v\u00e1lt, hogy feln\u0151tt csapatunk: h\u00e1rom [&hellip;]","_links":{"self":[{"href":"https:\/\/cigandse.hu\/index.php\/wp-json\/wp\/v2\/posts\/1767","targetHints":{"allow":["GET"]}}],"collection":[{"href":"https:\/\/cigandse.hu\/index.php\/wp-json\/wp\/v2\/posts"}],"about":[{"href":"https:\/\/cigandse.hu\/index.php\/wp-json\/wp\/v2\/types\/post"}],"author":[{"embeddable":true,"href":"https:\/\/cigandse.hu\/index.php\/wp-json\/wp\/v2\/users\/1"}],"replies":[{"embeddable":true,"href":"https:\/\/cigandse.hu\/index.php\/wp-json\/wp\/v2\/comments?post=1767"}],"version-history":[{"count":7,"href":"https:\/\/cigandse.hu\/index.php\/wp-json\/wp\/v2\/posts\/1767\/revisions"}],"predecessor-version":[{"id":1775,"href":"https:\/\/cigandse.hu\/index.php\/wp-json\/wp\/v2\/posts\/1767\/revisions\/1775"}],"wp:featuredmedia":[{"embeddable":true,"href":"https:\/\/cigandse.hu\/index.php\/wp-json\/wp\/v2\/media\/782"}],"wp:attachment":[{"href":"https:\/\/cigandse.hu\/index.php\/wp-json\/wp\/v2\/media?parent=1767"}],"wp:term":[{"taxonomy":"category","embeddable":true,"href":"https:\/\/cigandse.hu\/index.php\/wp-json\/wp\/v2\/categories?post=1767"},{"taxonomy":"post_tag","embeddable":true,"href":"https:\/\/cigandse.hu\/index.php\/wp-json\/wp\/v2\/tags?post=1767"}],"curies":[{"name":"wp","href":"https:\/\/api.w.org\/{rel}","templated":true}]}}