{"id":1864,"date":"2023-03-13T20:11:16","date_gmt":"2023-03-13T19:11:16","guid":{"rendered":"https:\/\/cigandse.hu\/?p=1864"},"modified":"2023-03-13T20:15:03","modified_gmt":"2023-03-13T19:15:03","slug":"gyozelemmel-kezdte-a-felsohazi-rajatszast-u19-es-csapatunk","status":"publish","type":"post","link":"https:\/\/cigandse.hu\/index.php\/2023\/03\/13\/gyozelemmel-kezdte-a-felsohazi-rajatszast-u19-es-csapatunk\/","title":{"rendered":"Gy\u0151zelemmel kezdte a fels\u0151h\u00e1zi r\u00e1j\u00e1tsz\u00e1st U19-es csapatunk"},"content":{"rendered":"<p><a href=\"https:\/\/cigandse.hu\/wp-content\/uploads\/2022\/09\/CISE-UP-ERDMENYEK-scaled.jpg\"><img loading=\"lazy\" decoding=\"async\" class=\"alignnone size-full wp-image-1083\" src=\"https:\/\/cigandse.hu\/wp-content\/uploads\/2022\/09\/CISE-UP-ERDMENYEK-scaled.jpg\" alt=\"\" width=\"2560\" height=\"1460\" srcset=\"https:\/\/cigandse.hu\/wp-content\/uploads\/2022\/09\/CISE-UP-ERDMENYEK-scaled.jpg 2560w, https:\/\/cigandse.hu\/wp-content\/uploads\/2022\/09\/CISE-UP-ERDMENYEK-300x171.jpg 300w, https:\/\/cigandse.hu\/wp-content\/uploads\/2022\/09\/CISE-UP-ERDMENYEK-1024x584.jpg 1024w, https:\/\/cigandse.hu\/wp-content\/uploads\/2022\/09\/CISE-UP-ERDMENYEK-768x438.jpg 768w, https:\/\/cigandse.hu\/wp-content\/uploads\/2022\/09\/CISE-UP-ERDMENYEK-1536x876.jpg 1536w, https:\/\/cigandse.hu\/wp-content\/uploads\/2022\/09\/CISE-UP-ERDMENYEK-2048x1168.jpg 2048w, https:\/\/cigandse.hu\/wp-content\/uploads\/2022\/09\/CISE-UP-ERDMENYEK-128x73.jpg 128w, https:\/\/cigandse.hu\/wp-content\/uploads\/2022\/09\/CISE-UP-ERDMENYEK-32x18.jpg 32w\" sizes=\"auto, (max-width: 2560px) 100vw, 2560px\" \/><\/a><\/p>\n<p><strong>MLSZ REGION\u00c1LIS U19 KELET FELS\u0150H\u00c1Z, 3. FORDUL\u00d3<\/strong><\/p>\n<p><strong>CIG\u00c1ND SE\u2013FC TISZA\u00daJV\u00c1ROS 2\u20131 (1\u20131)<\/strong><\/p>\n<p><em>Cig\u00e1nd, Edz\u0151k\u00f6zpont. Vezette: Gy\u00fcre<\/em><\/p>\n<p><strong>CIG\u00c1ND:<\/strong> S\u00e9ra \u2013 Juh\u00e1sz Dominik, M\u00e1ndi, Popovics \u00c1. (Kelemen L., 46.), Juh\u00e1sz D\u00e1vid, Kiss M., K\u0151rizs, J\u00e1vor, Bin\u00f3 (Barati, 87.), Szem\u00e1n (Lejk\u00f3, 68.), G\u00e9g\u00e9ny. <strong>Edz\u0151:<\/strong> Vachter Tam\u00e1s<\/p>\n<div dir=\"auto\">\n<p><strong>G\u00f3lszerz\u0151ink:<\/strong> G\u00e9g\u00e9ny, Bin\u00f3<\/p>\n<\/div>\n<p><strong>Vachter Tam\u00e1s:<\/strong> \u2013 Siker\u00fclt eredm\u00e9nyesen kezdeni a szezont, amihez gratul\u00e1lok! Lelkesek voltunk, \u00e9s sokat tett\u00fcnk a gy\u0151zelem\u00e9rt, amely teljesen meg\u00e9rdemelt volt! A k\u00f6vetkez\u0151 m\u00e9rk\u0151z\u00e9sen idegenben j\u00e1tszunk, a m\u00e1sik csoport els\u0151 helyezett csapat\u00e1val. Nem lesz egyszer\u0171 feladat, de \u00e1llunk el\u00e9be. Csapategys\u00e9g, tisztelet, al\u00e1zat, becs\u00fclet!<\/p>\n<p>&nbsp;<\/p>\n<p><strong>MLSZ REGION\u00c1LIS U15 KELET A-CSOPORT, 18. FORDUL\u00d3<\/strong><\/p>\n<p><strong>CIG\u00c1ND SE\u2013\u00d3ZD VSE 10\u20130 (5\u20130)<\/strong><\/p>\n<p><em>Cig\u00e1nd, Edz\u0151k\u00f6zpont. Vezette: G\u00e9resi G.<\/em><\/p>\n<p><strong>CIG\u00c1ND:<\/strong> Kov\u00e1cs O. \u2013 Teru (Szab\u00f3 F., 41.), L\u00e1szl\u00f3 \u00c1., Sz\u0171cs N., De\u00e1k M. (T\u00e1rczy, 50.) \u2013 Iski B. \u2013 Kar\u00e1szi (Gerzsenyi, 50.), Demeter A., Iv\u00e1nk\u00f3 F. (Iv\u00e1nk\u00f3 M., 56.), Kert\u00e9sz L. (Juh\u00e1sz M., 41.) \u2013 Iski L. (Lejk\u00f3, 56.). <strong>Edz\u0151:<\/strong>\u00a0Vicick\u00f3 L\u00e1szl\u00f3<\/p>\n<div dir=\"auto\">\n<p><strong>G\u00f3lszerz\u0151ink:<\/strong> Demeter A. (2), Iski L. (2), Iv\u00e1nk\u00f3 M. (2), Iv\u00e1nk\u00f3 F., De\u00e1k M., Kar\u00e1szi, Gerzsenyi.<\/p>\n<\/div>\n<p><strong>Vicick\u00f3 L\u00e1szl\u00f3:<\/strong> \u2013 Meg\u00e9rdemelt gy\u0151zelmet arattunk egy szimpatikus csapat ellen. A fi\u00fak j\u00f3 felfog\u00e1sban mentek ki a p\u00e1ly\u00e1ra, az elej\u00e9t\u0151l a v\u00e9g\u00e9ig k\u00e9zben tartott\u00e1k a m\u00e9rk\u0151z\u00e9st. Mindenki kapott j\u00e1t\u00e9klehet\u0151s\u00e9get, \u00f6r\u00fcl\u00f6k neki, hogy a cserej\u00e1t\u00e9kosok is j\u00f3l sz\u00e1lltak be ism\u00e9t, \u00e9s hozz\u00e1 tettek a j\u00e1t\u00e9khoz. K\u00fcl\u00f6n gratul\u00e1lok Iv\u00e1nk\u00f3 M\u00e1t\u00e9nak, aki k\u00e9t g\u00f3llal deb\u00fct\u00e1lt a csapatban. Gratul\u00e1lok a fi\u00faknak, csak \u00edgy tov\u00e1bb!<\/p>\n<p>&nbsp;<\/p>\n<p><strong>MLSZ REGION\u00c1LIS LE\u00c1NY U16 \u00c9SZAKKELET, 10. FORDUL\u00d3<\/strong><\/p>\n<p><strong>CIG\u00c1ND SE\u2013KAZINCBARCIKAI SC 1\u20131 (1\u20131)<\/strong><\/p>\n<p><em>Cig\u00e1nd, Edz\u0151k\u00f6zpont. Vezette: Bal\u00e1zsi L.<\/em><\/p>\n<p><strong>CIG\u00c1ND:<\/strong> Krajnyik \u2013 J\u00f3ni M., Kiss B. Ront\u00f3, Drot\u00e1r, B\u00f3di, Tompa, J\u00f3ni D., Benedek. <strong>Cserek\u00e9nt p\u00e1ly\u00e1ra l\u00e9ptek:<\/strong> Vadas.Nagy, Rozs\u00e1k, Sipos Frida, Sipos Fl\u00f3ra, \u00d6rd\u00f6g, Balogh Dzs., S\u00e1ndor A.\u00a0 <strong>Edz\u0151:<\/strong> D\u00f3cs K\u00e1roly<\/p>\n<div dir=\"auto\">\n<p><strong>G\u00f3lszerz\u0151nk:<\/strong> Tompa<\/p>\n<\/div>\n<p><strong>D\u00f3cs K\u00e1roly:<\/strong> \u2013 Elkezdt\u00fck mi is a tavaszi pontvad\u00e1szatot, els\u0151k\u00e9nt a Kazincbarcik\u00e1t fogadtuk hazai p\u00e1ly\u00e1n. A m\u00e9rk\u0151z\u00e9sen sok helyzetet dolgoztunk ki, de sajnos a nagy r\u00e9sze ki is maradt. A j\u00f6v\u0151ben t\u00f6bbet fogunk gyakorolni, hogy hat\u00e9konyabban menjen a helyzetkihaszn\u00e1l\u00e1s. Mindezek ellen\u00e9re gratul\u00e1lok a l\u00e1nyoknak, \u00fcgyesek voltak!<\/p>\n<p><a href=\"https:\/\/cigandse.hu\/wp-content\/uploads\/2023\/03\/LINY.jpg\"><img loading=\"lazy\" decoding=\"async\" class=\"alignnone size-full wp-image-1865\" src=\"https:\/\/cigandse.hu\/wp-content\/uploads\/2023\/03\/LINY.jpg\" alt=\"\" width=\"1500\" height=\"842\" srcset=\"https:\/\/cigandse.hu\/wp-content\/uploads\/2023\/03\/LINY.jpg 1500w, https:\/\/cigandse.hu\/wp-content\/uploads\/2023\/03\/LINY-300x168.jpg 300w, https:\/\/cigandse.hu\/wp-content\/uploads\/2023\/03\/LINY-1024x575.jpg 1024w, https:\/\/cigandse.hu\/wp-content\/uploads\/2023\/03\/LINY-768x431.jpg 768w, https:\/\/cigandse.hu\/wp-content\/uploads\/2023\/03\/LINY-128x72.jpg 128w, https:\/\/cigandse.hu\/wp-content\/uploads\/2023\/03\/LINY-32x18.jpg 32w\" sizes=\"auto, (max-width: 1500px) 100vw, 1500px\" \/><\/a><\/p>\n<div dir=\"auto\"><\/div>\n","protected":false},"excerpt":{"rendered":"<p>MLSZ REGION\u00c1LIS U19 KELET FELS\u0150H\u00c1Z, 3. FORDUL\u00d3 CIG\u00c1ND SE\u2013FC TISZA\u00daJV\u00c1ROS 2\u20131 (1\u20131) Cig\u00e1nd, Edz\u0151k\u00f6zpont. Vezette: Gy\u00fcre CIG\u00c1ND: S\u00e9ra \u2013 Juh\u00e1sz [&hellip;]<\/p>\n","protected":false},"author":1,"featured_media":1083,"comment_status":"open","ping_status":"open","sticky":false,"template":"","format":"standard","meta":{"_uag_custom_page_level_css":"","footnotes":""},"categories":[3],"tags":[],"class_list":["post-1864","post","type-post","status-publish","format-standard","has-post-thumbnail","hentry","category-hirek"],"yoast_head":"<!-- This site is optimized with the Yoast SEO plugin v25.5 - https:\/\/yoast.com\/wordpress\/plugins\/seo\/ -->\n<title>Gy\u0151zelemmel kezdte a fels\u0151h\u00e1zi r\u00e1j\u00e1tsz\u00e1st U19-es csapatunk - Cig\u00e1nd Sportegyes\u00fclet hivatalos oldala<\/title>\n<meta name=\"robots\" content=\"index, follow, max-snippet:-1, max-image-preview:large, max-video-preview:-1\" \/>\n<link rel=\"canonical\" href=\"https:\/\/cigandse.hu\/index.php\/2023\/03\/13\/gyozelemmel-kezdte-a-felsohazi-rajatszast-u19-es-csapatunk\/\" \/>\n<meta property=\"og:locale\" content=\"hu_HU\" \/>\n<meta property=\"og:type\" content=\"article\" \/>\n<meta property=\"og:title\" content=\"Gy\u0151zelemmel kezdte a fels\u0151h\u00e1zi r\u00e1j\u00e1tsz\u00e1st U19-es csapatunk - Cig\u00e1nd Sportegyes\u00fclet hivatalos oldala\" \/>\n<meta property=\"og:description\" content=\"MLSZ REGION\u00c1LIS U19 KELET FELS\u0150H\u00c1Z, 3. FORDUL\u00d3 CIG\u00c1ND SE\u2013FC TISZA\u00daJV\u00c1ROS 2\u20131 (1\u20131) Cig\u00e1nd, Edz\u0151k\u00f6zpont. Vezette: Gy\u00fcre CIG\u00c1ND: S\u00e9ra \u2013 Juh\u00e1sz [&hellip;]\" \/>\n<meta property=\"og:url\" content=\"https:\/\/cigandse.hu\/index.php\/2023\/03\/13\/gyozelemmel-kezdte-a-felsohazi-rajatszast-u19-es-csapatunk\/\" \/>\n<meta property=\"og:site_name\" content=\"Cig\u00e1nd Sportegyes\u00fclet hivatalos oldala\" \/>\n<meta property=\"article:publisher\" content=\"https:\/\/www.facebook.com\/CigandSportegyesulet\" \/>\n<meta property=\"article:published_time\" content=\"2023-03-13T19:11:16+00:00\" \/>\n<meta property=\"article:modified_time\" content=\"2023-03-13T19:15:03+00:00\" \/>\n<meta property=\"og:image\" content=\"https:\/\/cigandse.hu\/wp-content\/uploads\/2022\/09\/CISE-UP-ERDMENYEK-scaled.jpg\" \/>\n\t<meta property=\"og:image:width\" content=\"2560\" \/>\n\t<meta property=\"og:image:height\" content=\"1460\" \/>\n\t<meta property=\"og:image:type\" content=\"image\/jpeg\" \/>\n<meta name=\"author\" content=\"admin\" \/>\n<meta name=\"twitter:card\" content=\"summary_large_image\" \/>\n<meta name=\"twitter:label1\" content=\"Szerz\u0151:\" \/>\n\t<meta name=\"twitter:data1\" content=\"admin\" \/>\n\t<meta name=\"twitter:label2\" content=\"Becs\u00fclt olvas\u00e1si id\u0151\" \/>\n\t<meta name=\"twitter:data2\" content=\"3 perc\" \/>\n<script type=\"application\/ld+json\" class=\"yoast-schema-graph\">{\"@context\":\"https:\/\/schema.org\",\"@graph\":[{\"@type\":\"Article\",\"@id\":\"https:\/\/cigandse.hu\/index.php\/2023\/03\/13\/gyozelemmel-kezdte-a-felsohazi-rajatszast-u19-es-csapatunk\/#article\",\"isPartOf\":{\"@id\":\"https:\/\/cigandse.hu\/index.php\/2023\/03\/13\/gyozelemmel-kezdte-a-felsohazi-rajatszast-u19-es-csapatunk\/\"},\"author\":{\"name\":\"admin\",\"@id\":\"https:\/\/cigandse.hu\/#\/schema\/person\/98ccf0ab8d41a299cc83f8d4bc3ad158\"},\"headline\":\"Gy\u0151zelemmel kezdte a fels\u0151h\u00e1zi r\u00e1j\u00e1tsz\u00e1st U19-es csapatunk\",\"datePublished\":\"2023-03-13T19:11:16+00:00\",\"dateModified\":\"2023-03-13T19:15:03+00:00\",\"mainEntityOfPage\":{\"@id\":\"https:\/\/cigandse.hu\/index.php\/2023\/03\/13\/gyozelemmel-kezdte-a-felsohazi-rajatszast-u19-es-csapatunk\/\"},\"wordCount\":466,\"commentCount\":0,\"publisher\":{\"@id\":\"https:\/\/cigandse.hu\/#organization\"},\"image\":{\"@id\":\"https:\/\/cigandse.hu\/index.php\/2023\/03\/13\/gyozelemmel-kezdte-a-felsohazi-rajatszast-u19-es-csapatunk\/#primaryimage\"},\"thumbnailUrl\":\"https:\/\/cigandse.hu\/wp-content\/uploads\/2022\/09\/CISE-UP-ERDMENYEK-scaled.jpg\",\"articleSection\":[\"H\u00edrek\"],\"inLanguage\":\"hu\",\"potentialAction\":[{\"@type\":\"CommentAction\",\"name\":\"Comment\",\"target\":[\"https:\/\/cigandse.hu\/index.php\/2023\/03\/13\/gyozelemmel-kezdte-a-felsohazi-rajatszast-u19-es-csapatunk\/#respond\"]}]},{\"@type\":\"WebPage\",\"@id\":\"https:\/\/cigandse.hu\/index.php\/2023\/03\/13\/gyozelemmel-kezdte-a-felsohazi-rajatszast-u19-es-csapatunk\/\",\"url\":\"https:\/\/cigandse.hu\/index.php\/2023\/03\/13\/gyozelemmel-kezdte-a-felsohazi-rajatszast-u19-es-csapatunk\/\",\"name\":\"Gy\u0151zelemmel kezdte a fels\u0151h\u00e1zi r\u00e1j\u00e1tsz\u00e1st U19-es csapatunk - Cig\u00e1nd Sportegyes\u00fclet hivatalos oldala\",\"isPartOf\":{\"@id\":\"https:\/\/cigandse.hu\/#website\"},\"primaryImageOfPage\":{\"@id\":\"https:\/\/cigandse.hu\/index.php\/2023\/03\/13\/gyozelemmel-kezdte-a-felsohazi-rajatszast-u19-es-csapatunk\/#primaryimage\"},\"image\":{\"@id\":\"https:\/\/cigandse.hu\/index.php\/2023\/03\/13\/gyozelemmel-kezdte-a-felsohazi-rajatszast-u19-es-csapatunk\/#primaryimage\"},\"thumbnailUrl\":\"https:\/\/cigandse.hu\/wp-content\/uploads\/2022\/09\/CISE-UP-ERDMENYEK-scaled.jpg\",\"datePublished\":\"2023-03-13T19:11:16+00:00\",\"dateModified\":\"2023-03-13T19:15:03+00:00\",\"breadcrumb\":{\"@id\":\"https:\/\/cigandse.hu\/index.php\/2023\/03\/13\/gyozelemmel-kezdte-a-felsohazi-rajatszast-u19-es-csapatunk\/#breadcrumb\"},\"inLanguage\":\"hu\",\"potentialAction\":[{\"@type\":\"ReadAction\",\"target\":[\"https:\/\/cigandse.hu\/index.php\/2023\/03\/13\/gyozelemmel-kezdte-a-felsohazi-rajatszast-u19-es-csapatunk\/\"]}]},{\"@type\":\"ImageObject\",\"inLanguage\":\"hu\",\"@id\":\"https:\/\/cigandse.hu\/index.php\/2023\/03\/13\/gyozelemmel-kezdte-a-felsohazi-rajatszast-u19-es-csapatunk\/#primaryimage\",\"url\":\"https:\/\/cigandse.hu\/wp-content\/uploads\/2022\/09\/CISE-UP-ERDMENYEK-scaled.jpg\",\"contentUrl\":\"https:\/\/cigandse.hu\/wp-content\/uploads\/2022\/09\/CISE-UP-ERDMENYEK-scaled.jpg\",\"width\":2560,\"height\":1460},{\"@type\":\"BreadcrumbList\",\"@id\":\"https:\/\/cigandse.hu\/index.php\/2023\/03\/13\/gyozelemmel-kezdte-a-felsohazi-rajatszast-u19-es-csapatunk\/#breadcrumb\",\"itemListElement\":[{\"@type\":\"ListItem\",\"position\":1,\"name\":\"Kezd\u0151lap\",\"item\":\"https:\/\/cigandse.hu\/\"},{\"@type\":\"ListItem\",\"position\":2,\"name\":\"Gy\u0151zelemmel kezdte a fels\u0151h\u00e1zi r\u00e1j\u00e1tsz\u00e1st U19-es csapatunk\"}]},{\"@type\":\"WebSite\",\"@id\":\"https:\/\/cigandse.hu\/#website\",\"url\":\"https:\/\/cigandse.hu\/\",\"name\":\"Cig\u00e1nd Sportegyes\u00fclet hivatalos oldala\",\"description\":\"Cig\u00e1nd Sportegyes\u00fclet hivatalos oldala\",\"publisher\":{\"@id\":\"https:\/\/cigandse.hu\/#organization\"},\"potentialAction\":[{\"@type\":\"SearchAction\",\"target\":{\"@type\":\"EntryPoint\",\"urlTemplate\":\"https:\/\/cigandse.hu\/?s={search_term_string}\"},\"query-input\":{\"@type\":\"PropertyValueSpecification\",\"valueRequired\":true,\"valueName\":\"search_term_string\"}}],\"inLanguage\":\"hu\"},{\"@type\":\"Organization\",\"@id\":\"https:\/\/cigandse.hu\/#organization\",\"name\":\"Cig\u00e1nd Sportegyes\u00fclet\",\"url\":\"https:\/\/cigandse.hu\/\",\"logo\":{\"@type\":\"ImageObject\",\"inLanguage\":\"hu\",\"@id\":\"https:\/\/cigandse.hu\/#\/schema\/logo\/image\/\",\"url\":\"https:\/\/cigandse.hu\/wp-content\/uploads\/2022\/04\/Cigand-SE-cimer-1.jpg\",\"contentUrl\":\"https:\/\/cigandse.hu\/wp-content\/uploads\/2022\/04\/Cigand-SE-cimer-1.jpg\",\"width\":1932,\"height\":2088,\"caption\":\"Cig\u00e1nd Sportegyes\u00fclet\"},\"image\":{\"@id\":\"https:\/\/cigandse.hu\/#\/schema\/logo\/image\/\"},\"sameAs\":[\"https:\/\/www.facebook.com\/CigandSportegyesulet\",\"https:\/\/www.youtube.com\/channel\/UC0prdKj31NqRteZ5J4bGUZw\",\"https:\/\/hu.wikipedia.org\/wiki\/Cig\u00e1nd_SE\"]},{\"@type\":\"Person\",\"@id\":\"https:\/\/cigandse.hu\/#\/schema\/person\/98ccf0ab8d41a299cc83f8d4bc3ad158\",\"name\":\"admin\",\"image\":{\"@type\":\"ImageObject\",\"inLanguage\":\"hu\",\"@id\":\"https:\/\/cigandse.hu\/#\/schema\/person\/image\/\",\"url\":\"https:\/\/secure.gravatar.com\/avatar\/807752e5a26584bf309283b840694667743fc07b907e4db41f77a58fb4b98337?s=96&d=mm&r=g\",\"contentUrl\":\"https:\/\/secure.gravatar.com\/avatar\/807752e5a26584bf309283b840694667743fc07b907e4db41f77a58fb4b98337?s=96&d=mm&r=g\",\"caption\":\"admin\"},\"sameAs\":[\"https:\/\/cigandse.hu\"],\"url\":\"https:\/\/cigandse.hu\/index.php\/author\/terjeksandor\/\"}]}<\/script>\n<!-- \/ Yoast SEO plugin. -->","yoast_head_json":{"title":"Gy\u0151zelemmel kezdte a fels\u0151h\u00e1zi r\u00e1j\u00e1tsz\u00e1st U19-es csapatunk - Cig\u00e1nd Sportegyes\u00fclet hivatalos oldala","robots":{"index":"index","follow":"follow","max-snippet":"max-snippet:-1","max-image-preview":"max-image-preview:large","max-video-preview":"max-video-preview:-1"},"canonical":"https:\/\/cigandse.hu\/index.php\/2023\/03\/13\/gyozelemmel-kezdte-a-felsohazi-rajatszast-u19-es-csapatunk\/","og_locale":"hu_HU","og_type":"article","og_title":"Gy\u0151zelemmel kezdte a fels\u0151h\u00e1zi r\u00e1j\u00e1tsz\u00e1st U19-es csapatunk - Cig\u00e1nd Sportegyes\u00fclet hivatalos oldala","og_description":"MLSZ REGION\u00c1LIS U19 KELET FELS\u0150H\u00c1Z, 3. FORDUL\u00d3 CIG\u00c1ND SE\u2013FC TISZA\u00daJV\u00c1ROS 2\u20131 (1\u20131) Cig\u00e1nd, Edz\u0151k\u00f6zpont. Vezette: Gy\u00fcre CIG\u00c1ND: S\u00e9ra \u2013 Juh\u00e1sz [&hellip;]","og_url":"https:\/\/cigandse.hu\/index.php\/2023\/03\/13\/gyozelemmel-kezdte-a-felsohazi-rajatszast-u19-es-csapatunk\/","og_site_name":"Cig\u00e1nd Sportegyes\u00fclet hivatalos oldala","article_publisher":"https:\/\/www.facebook.com\/CigandSportegyesulet","article_published_time":"2023-03-13T19:11:16+00:00","article_modified_time":"2023-03-13T19:15:03+00:00","og_image":[{"width":2560,"height":1460,"url":"https:\/\/cigandse.hu\/wp-content\/uploads\/2022\/09\/CISE-UP-ERDMENYEK-scaled.jpg","type":"image\/jpeg"}],"author":"admin","twitter_card":"summary_large_image","twitter_misc":{"Szerz\u0151:":"admin","Becs\u00fclt olvas\u00e1si id\u0151":"3 perc"},"schema":{"@context":"https:\/\/schema.org","@graph":[{"@type":"Article","@id":"https:\/\/cigandse.hu\/index.php\/2023\/03\/13\/gyozelemmel-kezdte-a-felsohazi-rajatszast-u19-es-csapatunk\/#article","isPartOf":{"@id":"https:\/\/cigandse.hu\/index.php\/2023\/03\/13\/gyozelemmel-kezdte-a-felsohazi-rajatszast-u19-es-csapatunk\/"},"author":{"name":"admin","@id":"https:\/\/cigandse.hu\/#\/schema\/person\/98ccf0ab8d41a299cc83f8d4bc3ad158"},"headline":"Gy\u0151zelemmel kezdte a fels\u0151h\u00e1zi r\u00e1j\u00e1tsz\u00e1st U19-es csapatunk","datePublished":"2023-03-13T19:11:16+00:00","dateModified":"2023-03-13T19:15:03+00:00","mainEntityOfPage":{"@id":"https:\/\/cigandse.hu\/index.php\/2023\/03\/13\/gyozelemmel-kezdte-a-felsohazi-rajatszast-u19-es-csapatunk\/"},"wordCount":466,"commentCount":0,"publisher":{"@id":"https:\/\/cigandse.hu\/#organization"},"image":{"@id":"https:\/\/cigandse.hu\/index.php\/2023\/03\/13\/gyozelemmel-kezdte-a-felsohazi-rajatszast-u19-es-csapatunk\/#primaryimage"},"thumbnailUrl":"https:\/\/cigandse.hu\/wp-content\/uploads\/2022\/09\/CISE-UP-ERDMENYEK-scaled.jpg","articleSection":["H\u00edrek"],"inLanguage":"hu","potentialAction":[{"@type":"CommentAction","name":"Comment","target":["https:\/\/cigandse.hu\/index.php\/2023\/03\/13\/gyozelemmel-kezdte-a-felsohazi-rajatszast-u19-es-csapatunk\/#respond"]}]},{"@type":"WebPage","@id":"https:\/\/cigandse.hu\/index.php\/2023\/03\/13\/gyozelemmel-kezdte-a-felsohazi-rajatszast-u19-es-csapatunk\/","url":"https:\/\/cigandse.hu\/index.php\/2023\/03\/13\/gyozelemmel-kezdte-a-felsohazi-rajatszast-u19-es-csapatunk\/","name":"Gy\u0151zelemmel kezdte a fels\u0151h\u00e1zi r\u00e1j\u00e1tsz\u00e1st U19-es csapatunk - Cig\u00e1nd Sportegyes\u00fclet hivatalos oldala","isPartOf":{"@id":"https:\/\/cigandse.hu\/#website"},"primaryImageOfPage":{"@id":"https:\/\/cigandse.hu\/index.php\/2023\/03\/13\/gyozelemmel-kezdte-a-felsohazi-rajatszast-u19-es-csapatunk\/#primaryimage"},"image":{"@id":"https:\/\/cigandse.hu\/index.php\/2023\/03\/13\/gyozelemmel-kezdte-a-felsohazi-rajatszast-u19-es-csapatunk\/#primaryimage"},"thumbnailUrl":"https:\/\/cigandse.hu\/wp-content\/uploads\/2022\/09\/CISE-UP-ERDMENYEK-scaled.jpg","datePublished":"2023-03-13T19:11:16+00:00","dateModified":"2023-03-13T19:15:03+00:00","breadcrumb":{"@id":"https:\/\/cigandse.hu\/index.php\/2023\/03\/13\/gyozelemmel-kezdte-a-felsohazi-rajatszast-u19-es-csapatunk\/#breadcrumb"},"inLanguage":"hu","potentialAction":[{"@type":"ReadAction","target":["https:\/\/cigandse.hu\/index.php\/2023\/03\/13\/gyozelemmel-kezdte-a-felsohazi-rajatszast-u19-es-csapatunk\/"]}]},{"@type":"ImageObject","inLanguage":"hu","@id":"https:\/\/cigandse.hu\/index.php\/2023\/03\/13\/gyozelemmel-kezdte-a-felsohazi-rajatszast-u19-es-csapatunk\/#primaryimage","url":"https:\/\/cigandse.hu\/wp-content\/uploads\/2022\/09\/CISE-UP-ERDMENYEK-scaled.jpg","contentUrl":"https:\/\/cigandse.hu\/wp-content\/uploads\/2022\/09\/CISE-UP-ERDMENYEK-scaled.jpg","width":2560,"height":1460},{"@type":"BreadcrumbList","@id":"https:\/\/cigandse.hu\/index.php\/2023\/03\/13\/gyozelemmel-kezdte-a-felsohazi-rajatszast-u19-es-csapatunk\/#breadcrumb","itemListElement":[{"@type":"ListItem","position":1,"name":"Kezd\u0151lap","item":"https:\/\/cigandse.hu\/"},{"@type":"ListItem","position":2,"name":"Gy\u0151zelemmel kezdte a fels\u0151h\u00e1zi r\u00e1j\u00e1tsz\u00e1st U19-es csapatunk"}]},{"@type":"WebSite","@id":"https:\/\/cigandse.hu\/#website","url":"https:\/\/cigandse.hu\/","name":"Cig\u00e1nd Sportegyes\u00fclet hivatalos oldala","description":"Cig\u00e1nd Sportegyes\u00fclet hivatalos oldala","publisher":{"@id":"https:\/\/cigandse.hu\/#organization"},"potentialAction":[{"@type":"SearchAction","target":{"@type":"EntryPoint","urlTemplate":"https:\/\/cigandse.hu\/?s={search_term_string}"},"query-input":{"@type":"PropertyValueSpecification","valueRequired":true,"valueName":"search_term_string"}}],"inLanguage":"hu"},{"@type":"Organization","@id":"https:\/\/cigandse.hu\/#organization","name":"Cig\u00e1nd Sportegyes\u00fclet","url":"https:\/\/cigandse.hu\/","logo":{"@type":"ImageObject","inLanguage":"hu","@id":"https:\/\/cigandse.hu\/#\/schema\/logo\/image\/","url":"https:\/\/cigandse.hu\/wp-content\/uploads\/2022\/04\/Cigand-SE-cimer-1.jpg","contentUrl":"https:\/\/cigandse.hu\/wp-content\/uploads\/2022\/04\/Cigand-SE-cimer-1.jpg","width":1932,"height":2088,"caption":"Cig\u00e1nd Sportegyes\u00fclet"},"image":{"@id":"https:\/\/cigandse.hu\/#\/schema\/logo\/image\/"},"sameAs":["https:\/\/www.facebook.com\/CigandSportegyesulet","https:\/\/www.youtube.com\/channel\/UC0prdKj31NqRteZ5J4bGUZw","https:\/\/hu.wikipedia.org\/wiki\/Cig\u00e1nd_SE"]},{"@type":"Person","@id":"https:\/\/cigandse.hu\/#\/schema\/person\/98ccf0ab8d41a299cc83f8d4bc3ad158","name":"admin","image":{"@type":"ImageObject","inLanguage":"hu","@id":"https:\/\/cigandse.hu\/#\/schema\/person\/image\/","url":"https:\/\/secure.gravatar.com\/avatar\/807752e5a26584bf309283b840694667743fc07b907e4db41f77a58fb4b98337?s=96&d=mm&r=g","contentUrl":"https:\/\/secure.gravatar.com\/avatar\/807752e5a26584bf309283b840694667743fc07b907e4db41f77a58fb4b98337?s=96&d=mm&r=g","caption":"admin"},"sameAs":["https:\/\/cigandse.hu"],"url":"https:\/\/cigandse.hu\/index.php\/author\/terjeksandor\/"}]}},"uagb_featured_image_src":{"full":["https:\/\/cigandse.hu\/wp-content\/uploads\/2022\/09\/CISE-UP-ERDMENYEK-scaled.jpg",2560,1460,false],"thumbnail":["https:\/\/cigandse.hu\/wp-content\/uploads\/2022\/09\/CISE-UP-ERDMENYEK-150x150.jpg",150,150,true],"medium":["https:\/\/cigandse.hu\/wp-content\/uploads\/2022\/09\/CISE-UP-ERDMENYEK-300x171.jpg",300,171,true],"medium_large":["https:\/\/cigandse.hu\/wp-content\/uploads\/2022\/09\/CISE-UP-ERDMENYEK-768x438.jpg",680,388,true],"large":["https:\/\/cigandse.hu\/wp-content\/uploads\/2022\/09\/CISE-UP-ERDMENYEK-1024x584.jpg",680,388,true],"1536x1536":["https:\/\/cigandse.hu\/wp-content\/uploads\/2022\/09\/CISE-UP-ERDMENYEK-1536x876.jpg",1536,876,true],"2048x2048":["https:\/\/cigandse.hu\/wp-content\/uploads\/2022\/09\/CISE-UP-ERDMENYEK-2048x1168.jpg",2048,1168,true],"sportspress-crop-medium":["https:\/\/cigandse.hu\/wp-content\/uploads\/2022\/09\/CISE-UP-ERDMENYEK-300x300.jpg",300,300,true],"sportspress-fit-medium":["https:\/\/cigandse.hu\/wp-content\/uploads\/2022\/09\/CISE-UP-ERDMENYEK-300x171.jpg",300,171,true],"sportspress-fit-icon":["https:\/\/cigandse.hu\/wp-content\/uploads\/2022\/09\/CISE-UP-ERDMENYEK-128x73.jpg",128,73,true],"sportspress-fit-mini":["https:\/\/cigandse.hu\/wp-content\/uploads\/2022\/09\/CISE-UP-ERDMENYEK-32x18.jpg",32,18,true]},"uagb_author_info":{"display_name":"admin","author_link":"https:\/\/cigandse.hu\/index.php\/author\/terjeksandor\/"},"uagb_comment_info":0,"uagb_excerpt":"MLSZ REGION\u00c1LIS U19 KELET FELS\u0150H\u00c1Z, 3. FORDUL\u00d3 CIG\u00c1ND SE\u2013FC TISZA\u00daJV\u00c1ROS 2\u20131 (1\u20131) Cig\u00e1nd, Edz\u0151k\u00f6zpont. Vezette: Gy\u00fcre CIG\u00c1ND: S\u00e9ra \u2013 Juh\u00e1sz [&hellip;]","_links":{"self":[{"href":"https:\/\/cigandse.hu\/index.php\/wp-json\/wp\/v2\/posts\/1864","targetHints":{"allow":["GET"]}}],"collection":[{"href":"https:\/\/cigandse.hu\/index.php\/wp-json\/wp\/v2\/posts"}],"about":[{"href":"https:\/\/cigandse.hu\/index.php\/wp-json\/wp\/v2\/types\/post"}],"author":[{"embeddable":true,"href":"https:\/\/cigandse.hu\/index.php\/wp-json\/wp\/v2\/users\/1"}],"replies":[{"embeddable":true,"href":"https:\/\/cigandse.hu\/index.php\/wp-json\/wp\/v2\/comments?post=1864"}],"version-history":[{"count":5,"href":"https:\/\/cigandse.hu\/index.php\/wp-json\/wp\/v2\/posts\/1864\/revisions"}],"predecessor-version":[{"id":1870,"href":"https:\/\/cigandse.hu\/index.php\/wp-json\/wp\/v2\/posts\/1864\/revisions\/1870"}],"wp:featuredmedia":[{"embeddable":true,"href":"https:\/\/cigandse.hu\/index.php\/wp-json\/wp\/v2\/media\/1083"}],"wp:attachment":[{"href":"https:\/\/cigandse.hu\/index.php\/wp-json\/wp\/v2\/media?parent=1864"}],"wp:term":[{"taxonomy":"category","embeddable":true,"href":"https:\/\/cigandse.hu\/index.php\/wp-json\/wp\/v2\/categories?post=1864"},{"taxonomy":"post_tag","embeddable":true,"href":"https:\/\/cigandse.hu\/index.php\/wp-json\/wp\/v2\/tags?post=1864"}],"curies":[{"name":"wp","href":"https:\/\/api.w.org\/{rel}","templated":true}]}}