{"id":2459,"date":"2023-07-12T10:54:30","date_gmt":"2023-07-12T08:54:30","guid":{"rendered":"https:\/\/cigandse.hu\/?p=2459"},"modified":"2023-07-12T10:54:30","modified_gmt":"2023-07-12T08:54:30","slug":"harom-uj-kapussal-vagunk-neki-a-kovetkezo-szezonnak","status":"publish","type":"post","link":"https:\/\/cigandse.hu\/index.php\/2023\/07\/12\/harom-uj-kapussal-vagunk-neki-a-kovetkezo-szezonnak\/","title":{"rendered":"H\u00e1rom (\u00faj) kapussal v\u00e1gunk neki a k\u00f6vetkez\u0151 szezonnak"},"content":{"rendered":"<h3><a href=\"https:\/\/cigandse.hu\/wp-content\/uploads\/2023\/07\/20230711163242_IMG_1644.jpg\"><img loading=\"lazy\" decoding=\"async\" class=\"alignnone size-full wp-image-2460\" src=\"https:\/\/cigandse.hu\/wp-content\/uploads\/2023\/07\/20230711163242_IMG_1644.jpg\" alt=\"\" width=\"1920\" height=\"1280\" srcset=\"https:\/\/cigandse.hu\/wp-content\/uploads\/2023\/07\/20230711163242_IMG_1644.jpg 1920w, https:\/\/cigandse.hu\/wp-content\/uploads\/2023\/07\/20230711163242_IMG_1644-300x200.jpg 300w, https:\/\/cigandse.hu\/wp-content\/uploads\/2023\/07\/20230711163242_IMG_1644-1024x683.jpg 1024w, https:\/\/cigandse.hu\/wp-content\/uploads\/2023\/07\/20230711163242_IMG_1644-768x512.jpg 768w, https:\/\/cigandse.hu\/wp-content\/uploads\/2023\/07\/20230711163242_IMG_1644-1536x1024.jpg 1536w, https:\/\/cigandse.hu\/wp-content\/uploads\/2023\/07\/20230711163242_IMG_1644-128x85.jpg 128w, https:\/\/cigandse.hu\/wp-content\/uploads\/2023\/07\/20230711163242_IMG_1644-32x21.jpg 32w\" sizes=\"auto, (max-width: 1920px) 100vw, 1920px\" \/><\/a><\/h3>\n<h3>Tali\u00e1n L\u00e1szl\u00f3, Zden Perehanec, illetve Illja Popovics szem\u00e9ly\u00e9ben h\u00e1rom fiatal, tehets\u00e9ges kapussal v\u00e1gunk neki a 2023\/24-es szezonnak.<\/h3>\n<p>Tali\u00e1n L\u00e1szl\u00f3, a Ny\u00edregyh\u00e1za Spartacus csapat\u00e1t\u00f3l teszi \u00e1t a sz\u00e9khely\u00e9t Cig\u00e1ndra, m\u00edg Zden Perehanec \u00e9s Illja Popovics egyar\u00e1nt Kisv\u00e1rd\u00e1r\u00f3l \u00e9rkezik hozz\u00e1nk. Az eg\u00e9szs\u00e9ges rivaliz\u00e1l\u00e1shoz teh\u00e1t minden adott, err\u0151l kapusedz\u0151nk, Szab\u00f3 Attila koordin\u00e1l\u00e1sa \u00e9s munk\u00e1ja gondoskodhat.<\/p>\n","protected":false},"excerpt":{"rendered":"<p>Tali\u00e1n L\u00e1szl\u00f3, Zden Perehanec, illetve Illja Popovics szem\u00e9ly\u00e9ben h\u00e1rom fiatal, tehets\u00e9ges kapussal v\u00e1gunk neki a 2023\/24-es szezonnak. Tali\u00e1n L\u00e1szl\u00f3, a [&hellip;]<\/p>\n","protected":false},"author":1,"featured_media":2460,"comment_status":"open","ping_status":"open","sticky":false,"template":"","format":"standard","meta":{"_uag_custom_page_level_css":"","footnotes":""},"categories":[3],"tags":[],"class_list":["post-2459","post","type-post","status-publish","format-standard","has-post-thumbnail","hentry","category-hirek"],"yoast_head":"<!-- This site is optimized with the Yoast SEO plugin v25.5 - https:\/\/yoast.com\/wordpress\/plugins\/seo\/ -->\n<title>H\u00e1rom (\u00faj) kapussal v\u00e1gunk neki a k\u00f6vetkez\u0151 szezonnak - Cig\u00e1nd Sportegyes\u00fclet hivatalos oldala<\/title>\n<meta name=\"robots\" content=\"index, follow, max-snippet:-1, max-image-preview:large, max-video-preview:-1\" \/>\n<link rel=\"canonical\" href=\"https:\/\/cigandse.hu\/index.php\/2023\/07\/12\/harom-uj-kapussal-vagunk-neki-a-kovetkezo-szezonnak\/\" \/>\n<meta property=\"og:locale\" content=\"hu_HU\" \/>\n<meta property=\"og:type\" content=\"article\" \/>\n<meta property=\"og:title\" content=\"H\u00e1rom (\u00faj) kapussal v\u00e1gunk neki a k\u00f6vetkez\u0151 szezonnak - Cig\u00e1nd Sportegyes\u00fclet hivatalos oldala\" \/>\n<meta property=\"og:description\" content=\"Tali\u00e1n L\u00e1szl\u00f3, Zden Perehanec, illetve Illja Popovics szem\u00e9ly\u00e9ben h\u00e1rom fiatal, tehets\u00e9ges kapussal v\u00e1gunk neki a 2023\/24-es szezonnak. Tali\u00e1n L\u00e1szl\u00f3, a [&hellip;]\" \/>\n<meta property=\"og:url\" content=\"https:\/\/cigandse.hu\/index.php\/2023\/07\/12\/harom-uj-kapussal-vagunk-neki-a-kovetkezo-szezonnak\/\" \/>\n<meta property=\"og:site_name\" content=\"Cig\u00e1nd Sportegyes\u00fclet hivatalos oldala\" \/>\n<meta property=\"article:publisher\" content=\"https:\/\/www.facebook.com\/CigandSportegyesulet\" \/>\n<meta property=\"article:published_time\" content=\"2023-07-12T08:54:30+00:00\" \/>\n<meta property=\"og:image\" content=\"https:\/\/cigandse.hu\/wp-content\/uploads\/2023\/07\/20230711163242_IMG_1644.jpg\" \/>\n\t<meta property=\"og:image:width\" content=\"1920\" \/>\n\t<meta property=\"og:image:height\" content=\"1280\" \/>\n\t<meta property=\"og:image:type\" content=\"image\/jpeg\" \/>\n<meta name=\"author\" content=\"admin\" \/>\n<meta name=\"twitter:card\" content=\"summary_large_image\" \/>\n<meta name=\"twitter:label1\" content=\"Szerz\u0151:\" \/>\n\t<meta name=\"twitter:data1\" content=\"admin\" \/>\n\t<meta name=\"twitter:label2\" content=\"Becs\u00fclt olvas\u00e1si id\u0151\" \/>\n\t<meta name=\"twitter:data2\" content=\"1 perc\" \/>\n<script type=\"application\/ld+json\" class=\"yoast-schema-graph\">{\"@context\":\"https:\/\/schema.org\",\"@graph\":[{\"@type\":\"Article\",\"@id\":\"https:\/\/cigandse.hu\/index.php\/2023\/07\/12\/harom-uj-kapussal-vagunk-neki-a-kovetkezo-szezonnak\/#article\",\"isPartOf\":{\"@id\":\"https:\/\/cigandse.hu\/index.php\/2023\/07\/12\/harom-uj-kapussal-vagunk-neki-a-kovetkezo-szezonnak\/\"},\"author\":{\"name\":\"admin\",\"@id\":\"https:\/\/cigandse.hu\/#\/schema\/person\/98ccf0ab8d41a299cc83f8d4bc3ad158\"},\"headline\":\"H\u00e1rom (\u00faj) kapussal v\u00e1gunk neki a k\u00f6vetkez\u0151 szezonnak\",\"datePublished\":\"2023-07-12T08:54:30+00:00\",\"mainEntityOfPage\":{\"@id\":\"https:\/\/cigandse.hu\/index.php\/2023\/07\/12\/harom-uj-kapussal-vagunk-neki-a-kovetkezo-szezonnak\/\"},\"wordCount\":95,\"commentCount\":0,\"publisher\":{\"@id\":\"https:\/\/cigandse.hu\/#organization\"},\"image\":{\"@id\":\"https:\/\/cigandse.hu\/index.php\/2023\/07\/12\/harom-uj-kapussal-vagunk-neki-a-kovetkezo-szezonnak\/#primaryimage\"},\"thumbnailUrl\":\"https:\/\/cigandse.hu\/wp-content\/uploads\/2023\/07\/20230711163242_IMG_1644.jpg\",\"articleSection\":[\"H\u00edrek\"],\"inLanguage\":\"hu\",\"potentialAction\":[{\"@type\":\"CommentAction\",\"name\":\"Comment\",\"target\":[\"https:\/\/cigandse.hu\/index.php\/2023\/07\/12\/harom-uj-kapussal-vagunk-neki-a-kovetkezo-szezonnak\/#respond\"]}]},{\"@type\":\"WebPage\",\"@id\":\"https:\/\/cigandse.hu\/index.php\/2023\/07\/12\/harom-uj-kapussal-vagunk-neki-a-kovetkezo-szezonnak\/\",\"url\":\"https:\/\/cigandse.hu\/index.php\/2023\/07\/12\/harom-uj-kapussal-vagunk-neki-a-kovetkezo-szezonnak\/\",\"name\":\"H\u00e1rom (\u00faj) kapussal v\u00e1gunk neki a k\u00f6vetkez\u0151 szezonnak - Cig\u00e1nd Sportegyes\u00fclet hivatalos oldala\",\"isPartOf\":{\"@id\":\"https:\/\/cigandse.hu\/#website\"},\"primaryImageOfPage\":{\"@id\":\"https:\/\/cigandse.hu\/index.php\/2023\/07\/12\/harom-uj-kapussal-vagunk-neki-a-kovetkezo-szezonnak\/#primaryimage\"},\"image\":{\"@id\":\"https:\/\/cigandse.hu\/index.php\/2023\/07\/12\/harom-uj-kapussal-vagunk-neki-a-kovetkezo-szezonnak\/#primaryimage\"},\"thumbnailUrl\":\"https:\/\/cigandse.hu\/wp-content\/uploads\/2023\/07\/20230711163242_IMG_1644.jpg\",\"datePublished\":\"2023-07-12T08:54:30+00:00\",\"breadcrumb\":{\"@id\":\"https:\/\/cigandse.hu\/index.php\/2023\/07\/12\/harom-uj-kapussal-vagunk-neki-a-kovetkezo-szezonnak\/#breadcrumb\"},\"inLanguage\":\"hu\",\"potentialAction\":[{\"@type\":\"ReadAction\",\"target\":[\"https:\/\/cigandse.hu\/index.php\/2023\/07\/12\/harom-uj-kapussal-vagunk-neki-a-kovetkezo-szezonnak\/\"]}]},{\"@type\":\"ImageObject\",\"inLanguage\":\"hu\",\"@id\":\"https:\/\/cigandse.hu\/index.php\/2023\/07\/12\/harom-uj-kapussal-vagunk-neki-a-kovetkezo-szezonnak\/#primaryimage\",\"url\":\"https:\/\/cigandse.hu\/wp-content\/uploads\/2023\/07\/20230711163242_IMG_1644.jpg\",\"contentUrl\":\"https:\/\/cigandse.hu\/wp-content\/uploads\/2023\/07\/20230711163242_IMG_1644.jpg\",\"width\":1920,\"height\":1280},{\"@type\":\"BreadcrumbList\",\"@id\":\"https:\/\/cigandse.hu\/index.php\/2023\/07\/12\/harom-uj-kapussal-vagunk-neki-a-kovetkezo-szezonnak\/#breadcrumb\",\"itemListElement\":[{\"@type\":\"ListItem\",\"position\":1,\"name\":\"Kezd\u0151lap\",\"item\":\"https:\/\/cigandse.hu\/\"},{\"@type\":\"ListItem\",\"position\":2,\"name\":\"H\u00e1rom (\u00faj) kapussal v\u00e1gunk neki a k\u00f6vetkez\u0151 szezonnak\"}]},{\"@type\":\"WebSite\",\"@id\":\"https:\/\/cigandse.hu\/#website\",\"url\":\"https:\/\/cigandse.hu\/\",\"name\":\"Cig\u00e1nd Sportegyes\u00fclet hivatalos oldala\",\"description\":\"Cig\u00e1nd Sportegyes\u00fclet hivatalos oldala\",\"publisher\":{\"@id\":\"https:\/\/cigandse.hu\/#organization\"},\"potentialAction\":[{\"@type\":\"SearchAction\",\"target\":{\"@type\":\"EntryPoint\",\"urlTemplate\":\"https:\/\/cigandse.hu\/?s={search_term_string}\"},\"query-input\":{\"@type\":\"PropertyValueSpecification\",\"valueRequired\":true,\"valueName\":\"search_term_string\"}}],\"inLanguage\":\"hu\"},{\"@type\":\"Organization\",\"@id\":\"https:\/\/cigandse.hu\/#organization\",\"name\":\"Cig\u00e1nd Sportegyes\u00fclet\",\"url\":\"https:\/\/cigandse.hu\/\",\"logo\":{\"@type\":\"ImageObject\",\"inLanguage\":\"hu\",\"@id\":\"https:\/\/cigandse.hu\/#\/schema\/logo\/image\/\",\"url\":\"https:\/\/cigandse.hu\/wp-content\/uploads\/2022\/04\/Cigand-SE-cimer-1.jpg\",\"contentUrl\":\"https:\/\/cigandse.hu\/wp-content\/uploads\/2022\/04\/Cigand-SE-cimer-1.jpg\",\"width\":1932,\"height\":2088,\"caption\":\"Cig\u00e1nd Sportegyes\u00fclet\"},\"image\":{\"@id\":\"https:\/\/cigandse.hu\/#\/schema\/logo\/image\/\"},\"sameAs\":[\"https:\/\/www.facebook.com\/CigandSportegyesulet\",\"https:\/\/www.youtube.com\/channel\/UC0prdKj31NqRteZ5J4bGUZw\",\"https:\/\/hu.wikipedia.org\/wiki\/Cig\u00e1nd_SE\"]},{\"@type\":\"Person\",\"@id\":\"https:\/\/cigandse.hu\/#\/schema\/person\/98ccf0ab8d41a299cc83f8d4bc3ad158\",\"name\":\"admin\",\"image\":{\"@type\":\"ImageObject\",\"inLanguage\":\"hu\",\"@id\":\"https:\/\/cigandse.hu\/#\/schema\/person\/image\/\",\"url\":\"https:\/\/secure.gravatar.com\/avatar\/807752e5a26584bf309283b840694667743fc07b907e4db41f77a58fb4b98337?s=96&d=mm&r=g\",\"contentUrl\":\"https:\/\/secure.gravatar.com\/avatar\/807752e5a26584bf309283b840694667743fc07b907e4db41f77a58fb4b98337?s=96&d=mm&r=g\",\"caption\":\"admin\"},\"sameAs\":[\"https:\/\/cigandse.hu\"],\"url\":\"https:\/\/cigandse.hu\/index.php\/author\/terjeksandor\/\"}]}<\/script>\n<!-- \/ Yoast SEO plugin. -->","yoast_head_json":{"title":"H\u00e1rom (\u00faj) kapussal v\u00e1gunk neki a k\u00f6vetkez\u0151 szezonnak - Cig\u00e1nd Sportegyes\u00fclet hivatalos oldala","robots":{"index":"index","follow":"follow","max-snippet":"max-snippet:-1","max-image-preview":"max-image-preview:large","max-video-preview":"max-video-preview:-1"},"canonical":"https:\/\/cigandse.hu\/index.php\/2023\/07\/12\/harom-uj-kapussal-vagunk-neki-a-kovetkezo-szezonnak\/","og_locale":"hu_HU","og_type":"article","og_title":"H\u00e1rom (\u00faj) kapussal v\u00e1gunk neki a k\u00f6vetkez\u0151 szezonnak - Cig\u00e1nd Sportegyes\u00fclet hivatalos oldala","og_description":"Tali\u00e1n L\u00e1szl\u00f3, Zden Perehanec, illetve Illja Popovics szem\u00e9ly\u00e9ben h\u00e1rom fiatal, tehets\u00e9ges kapussal v\u00e1gunk neki a 2023\/24-es szezonnak. Tali\u00e1n L\u00e1szl\u00f3, a [&hellip;]","og_url":"https:\/\/cigandse.hu\/index.php\/2023\/07\/12\/harom-uj-kapussal-vagunk-neki-a-kovetkezo-szezonnak\/","og_site_name":"Cig\u00e1nd Sportegyes\u00fclet hivatalos oldala","article_publisher":"https:\/\/www.facebook.com\/CigandSportegyesulet","article_published_time":"2023-07-12T08:54:30+00:00","og_image":[{"width":1920,"height":1280,"url":"https:\/\/cigandse.hu\/wp-content\/uploads\/2023\/07\/20230711163242_IMG_1644.jpg","type":"image\/jpeg"}],"author":"admin","twitter_card":"summary_large_image","twitter_misc":{"Szerz\u0151:":"admin","Becs\u00fclt olvas\u00e1si id\u0151":"1 perc"},"schema":{"@context":"https:\/\/schema.org","@graph":[{"@type":"Article","@id":"https:\/\/cigandse.hu\/index.php\/2023\/07\/12\/harom-uj-kapussal-vagunk-neki-a-kovetkezo-szezonnak\/#article","isPartOf":{"@id":"https:\/\/cigandse.hu\/index.php\/2023\/07\/12\/harom-uj-kapussal-vagunk-neki-a-kovetkezo-szezonnak\/"},"author":{"name":"admin","@id":"https:\/\/cigandse.hu\/#\/schema\/person\/98ccf0ab8d41a299cc83f8d4bc3ad158"},"headline":"H\u00e1rom (\u00faj) kapussal v\u00e1gunk neki a k\u00f6vetkez\u0151 szezonnak","datePublished":"2023-07-12T08:54:30+00:00","mainEntityOfPage":{"@id":"https:\/\/cigandse.hu\/index.php\/2023\/07\/12\/harom-uj-kapussal-vagunk-neki-a-kovetkezo-szezonnak\/"},"wordCount":95,"commentCount":0,"publisher":{"@id":"https:\/\/cigandse.hu\/#organization"},"image":{"@id":"https:\/\/cigandse.hu\/index.php\/2023\/07\/12\/harom-uj-kapussal-vagunk-neki-a-kovetkezo-szezonnak\/#primaryimage"},"thumbnailUrl":"https:\/\/cigandse.hu\/wp-content\/uploads\/2023\/07\/20230711163242_IMG_1644.jpg","articleSection":["H\u00edrek"],"inLanguage":"hu","potentialAction":[{"@type":"CommentAction","name":"Comment","target":["https:\/\/cigandse.hu\/index.php\/2023\/07\/12\/harom-uj-kapussal-vagunk-neki-a-kovetkezo-szezonnak\/#respond"]}]},{"@type":"WebPage","@id":"https:\/\/cigandse.hu\/index.php\/2023\/07\/12\/harom-uj-kapussal-vagunk-neki-a-kovetkezo-szezonnak\/","url":"https:\/\/cigandse.hu\/index.php\/2023\/07\/12\/harom-uj-kapussal-vagunk-neki-a-kovetkezo-szezonnak\/","name":"H\u00e1rom (\u00faj) kapussal v\u00e1gunk neki a k\u00f6vetkez\u0151 szezonnak - Cig\u00e1nd Sportegyes\u00fclet hivatalos oldala","isPartOf":{"@id":"https:\/\/cigandse.hu\/#website"},"primaryImageOfPage":{"@id":"https:\/\/cigandse.hu\/index.php\/2023\/07\/12\/harom-uj-kapussal-vagunk-neki-a-kovetkezo-szezonnak\/#primaryimage"},"image":{"@id":"https:\/\/cigandse.hu\/index.php\/2023\/07\/12\/harom-uj-kapussal-vagunk-neki-a-kovetkezo-szezonnak\/#primaryimage"},"thumbnailUrl":"https:\/\/cigandse.hu\/wp-content\/uploads\/2023\/07\/20230711163242_IMG_1644.jpg","datePublished":"2023-07-12T08:54:30+00:00","breadcrumb":{"@id":"https:\/\/cigandse.hu\/index.php\/2023\/07\/12\/harom-uj-kapussal-vagunk-neki-a-kovetkezo-szezonnak\/#breadcrumb"},"inLanguage":"hu","potentialAction":[{"@type":"ReadAction","target":["https:\/\/cigandse.hu\/index.php\/2023\/07\/12\/harom-uj-kapussal-vagunk-neki-a-kovetkezo-szezonnak\/"]}]},{"@type":"ImageObject","inLanguage":"hu","@id":"https:\/\/cigandse.hu\/index.php\/2023\/07\/12\/harom-uj-kapussal-vagunk-neki-a-kovetkezo-szezonnak\/#primaryimage","url":"https:\/\/cigandse.hu\/wp-content\/uploads\/2023\/07\/20230711163242_IMG_1644.jpg","contentUrl":"https:\/\/cigandse.hu\/wp-content\/uploads\/2023\/07\/20230711163242_IMG_1644.jpg","width":1920,"height":1280},{"@type":"BreadcrumbList","@id":"https:\/\/cigandse.hu\/index.php\/2023\/07\/12\/harom-uj-kapussal-vagunk-neki-a-kovetkezo-szezonnak\/#breadcrumb","itemListElement":[{"@type":"ListItem","position":1,"name":"Kezd\u0151lap","item":"https:\/\/cigandse.hu\/"},{"@type":"ListItem","position":2,"name":"H\u00e1rom (\u00faj) kapussal v\u00e1gunk neki a k\u00f6vetkez\u0151 szezonnak"}]},{"@type":"WebSite","@id":"https:\/\/cigandse.hu\/#website","url":"https:\/\/cigandse.hu\/","name":"Cig\u00e1nd Sportegyes\u00fclet hivatalos oldala","description":"Cig\u00e1nd Sportegyes\u00fclet hivatalos oldala","publisher":{"@id":"https:\/\/cigandse.hu\/#organization"},"potentialAction":[{"@type":"SearchAction","target":{"@type":"EntryPoint","urlTemplate":"https:\/\/cigandse.hu\/?s={search_term_string}"},"query-input":{"@type":"PropertyValueSpecification","valueRequired":true,"valueName":"search_term_string"}}],"inLanguage":"hu"},{"@type":"Organization","@id":"https:\/\/cigandse.hu\/#organization","name":"Cig\u00e1nd Sportegyes\u00fclet","url":"https:\/\/cigandse.hu\/","logo":{"@type":"ImageObject","inLanguage":"hu","@id":"https:\/\/cigandse.hu\/#\/schema\/logo\/image\/","url":"https:\/\/cigandse.hu\/wp-content\/uploads\/2022\/04\/Cigand-SE-cimer-1.jpg","contentUrl":"https:\/\/cigandse.hu\/wp-content\/uploads\/2022\/04\/Cigand-SE-cimer-1.jpg","width":1932,"height":2088,"caption":"Cig\u00e1nd Sportegyes\u00fclet"},"image":{"@id":"https:\/\/cigandse.hu\/#\/schema\/logo\/image\/"},"sameAs":["https:\/\/www.facebook.com\/CigandSportegyesulet","https:\/\/www.youtube.com\/channel\/UC0prdKj31NqRteZ5J4bGUZw","https:\/\/hu.wikipedia.org\/wiki\/Cig\u00e1nd_SE"]},{"@type":"Person","@id":"https:\/\/cigandse.hu\/#\/schema\/person\/98ccf0ab8d41a299cc83f8d4bc3ad158","name":"admin","image":{"@type":"ImageObject","inLanguage":"hu","@id":"https:\/\/cigandse.hu\/#\/schema\/person\/image\/","url":"https:\/\/secure.gravatar.com\/avatar\/807752e5a26584bf309283b840694667743fc07b907e4db41f77a58fb4b98337?s=96&d=mm&r=g","contentUrl":"https:\/\/secure.gravatar.com\/avatar\/807752e5a26584bf309283b840694667743fc07b907e4db41f77a58fb4b98337?s=96&d=mm&r=g","caption":"admin"},"sameAs":["https:\/\/cigandse.hu"],"url":"https:\/\/cigandse.hu\/index.php\/author\/terjeksandor\/"}]}},"uagb_featured_image_src":{"full":["https:\/\/cigandse.hu\/wp-content\/uploads\/2023\/07\/20230711163242_IMG_1644.jpg",1920,1280,false],"thumbnail":["https:\/\/cigandse.hu\/wp-content\/uploads\/2023\/07\/20230711163242_IMG_1644-150x150.jpg",150,150,true],"medium":["https:\/\/cigandse.hu\/wp-content\/uploads\/2023\/07\/20230711163242_IMG_1644-300x200.jpg",300,200,true],"medium_large":["https:\/\/cigandse.hu\/wp-content\/uploads\/2023\/07\/20230711163242_IMG_1644-768x512.jpg",680,453,true],"large":["https:\/\/cigandse.hu\/wp-content\/uploads\/2023\/07\/20230711163242_IMG_1644-1024x683.jpg",680,454,true],"1536x1536":["https:\/\/cigandse.hu\/wp-content\/uploads\/2023\/07\/20230711163242_IMG_1644-1536x1024.jpg",1536,1024,true],"2048x2048":["https:\/\/cigandse.hu\/wp-content\/uploads\/2023\/07\/20230711163242_IMG_1644.jpg",1920,1280,false],"sportspress-crop-medium":["https:\/\/cigandse.hu\/wp-content\/uploads\/2023\/07\/20230711163242_IMG_1644-300x300.jpg",300,300,true],"sportspress-fit-medium":["https:\/\/cigandse.hu\/wp-content\/uploads\/2023\/07\/20230711163242_IMG_1644-300x200.jpg",300,200,true],"sportspress-fit-icon":["https:\/\/cigandse.hu\/wp-content\/uploads\/2023\/07\/20230711163242_IMG_1644-128x85.jpg",128,85,true],"sportspress-fit-mini":["https:\/\/cigandse.hu\/wp-content\/uploads\/2023\/07\/20230711163242_IMG_1644-32x21.jpg",32,21,true]},"uagb_author_info":{"display_name":"admin","author_link":"https:\/\/cigandse.hu\/index.php\/author\/terjeksandor\/"},"uagb_comment_info":0,"uagb_excerpt":"Tali\u00e1n L\u00e1szl\u00f3, Zden Perehanec, illetve Illja Popovics szem\u00e9ly\u00e9ben h\u00e1rom fiatal, tehets\u00e9ges kapussal v\u00e1gunk neki a 2023\/24-es szezonnak. Tali\u00e1n L\u00e1szl\u00f3, a [&hellip;]","_links":{"self":[{"href":"https:\/\/cigandse.hu\/index.php\/wp-json\/wp\/v2\/posts\/2459","targetHints":{"allow":["GET"]}}],"collection":[{"href":"https:\/\/cigandse.hu\/index.php\/wp-json\/wp\/v2\/posts"}],"about":[{"href":"https:\/\/cigandse.hu\/index.php\/wp-json\/wp\/v2\/types\/post"}],"author":[{"embeddable":true,"href":"https:\/\/cigandse.hu\/index.php\/wp-json\/wp\/v2\/users\/1"}],"replies":[{"embeddable":true,"href":"https:\/\/cigandse.hu\/index.php\/wp-json\/wp\/v2\/comments?post=2459"}],"version-history":[{"count":1,"href":"https:\/\/cigandse.hu\/index.php\/wp-json\/wp\/v2\/posts\/2459\/revisions"}],"predecessor-version":[{"id":2461,"href":"https:\/\/cigandse.hu\/index.php\/wp-json\/wp\/v2\/posts\/2459\/revisions\/2461"}],"wp:featuredmedia":[{"embeddable":true,"href":"https:\/\/cigandse.hu\/index.php\/wp-json\/wp\/v2\/media\/2460"}],"wp:attachment":[{"href":"https:\/\/cigandse.hu\/index.php\/wp-json\/wp\/v2\/media?parent=2459"}],"wp:term":[{"taxonomy":"category","embeddable":true,"href":"https:\/\/cigandse.hu\/index.php\/wp-json\/wp\/v2\/categories?post=2459"},{"taxonomy":"post_tag","embeddable":true,"href":"https:\/\/cigandse.hu\/index.php\/wp-json\/wp\/v2\/tags?post=2459"}],"curies":[{"name":"wp","href":"https:\/\/api.w.org\/{rel}","templated":true}]}}