{"id":2872,"date":"2023-09-18T11:10:30","date_gmt":"2023-09-18T09:10:30","guid":{"rendered":"https:\/\/cigandse.hu\/?p=2872"},"modified":"2023-09-18T11:11:26","modified_gmt":"2023-09-18T09:11:26","slug":"szarnyal-az-u19-tizenegyet-rugtak-a-senyonek-is","status":"publish","type":"post","link":"https:\/\/cigandse.hu\/index.php\/2023\/09\/18\/szarnyal-az-u19-tizenegyet-rugtak-a-senyonek-is\/","title":{"rendered":"Sz\u00e1rnyal az U19, tizenegyet r\u00fagtak a S\u00e9ny\u0151nek is!"},"content":{"rendered":"<p><a href=\"https:\/\/cigandse.hu\/wp-content\/uploads\/2023\/09\/19i-scaled.jpg\"><img loading=\"lazy\" decoding=\"async\" class=\"size-full wp-image-2873\" src=\"https:\/\/cigandse.hu\/wp-content\/uploads\/2023\/09\/19i-scaled.jpg\" alt=\"\" width=\"2560\" height=\"1493\" srcset=\"https:\/\/cigandse.hu\/wp-content\/uploads\/2023\/09\/19i-scaled.jpg 2560w, https:\/\/cigandse.hu\/wp-content\/uploads\/2023\/09\/19i-300x175.jpg 300w, https:\/\/cigandse.hu\/wp-content\/uploads\/2023\/09\/19i-1024x597.jpg 1024w, https:\/\/cigandse.hu\/wp-content\/uploads\/2023\/09\/19i-768x448.jpg 768w, https:\/\/cigandse.hu\/wp-content\/uploads\/2023\/09\/19i-1536x896.jpg 1536w, https:\/\/cigandse.hu\/wp-content\/uploads\/2023\/09\/19i-2048x1195.jpg 2048w, https:\/\/cigandse.hu\/wp-content\/uploads\/2023\/09\/19i-128x75.jpg 128w, https:\/\/cigandse.hu\/wp-content\/uploads\/2023\/09\/19i-32x19.jpg 32w\" sizes=\"auto, (max-width: 2560px) 100vw, 2560px\" \/><\/a><\/p>\n<p><strong>MLSZ REGION\u00c1LIS U19 ALAP, \u00c9SZAKKELETI CSOPORT, 3. FORDUL\u00d3:<\/strong><\/p>\n<p><b>Cig\u00e1nd SE\u2013<strong>S\u00e9ny\u0151-Carnifex FC<\/strong> 11\u20132 (5\u20131)<br \/>\n<\/b><\/p>\n<p><strong>CISE:\u00a0<\/strong>S\u00e9ra M. (Hal\u00e1sz B., 46.) \u2013 Popovics \u00c1. (Barati, 80.), M\u00e1ndi, Kluber (Hevorjan, 56.), Juh\u00e1sz D., Laczai, Horv\u00e1th R. (Lipt\u00e1k L., 57.), D\u00f3cs B., J\u00f3ni Zs., K\u0151rizs (Csire, 75.), Kereszti (Horv\u00e1th M., 75.). <strong>Edz\u0151:\u00a0<\/strong>Vachter Tam\u00e1s<\/p>\n<p><strong>G\u00f3lszerz\u0151ink:<\/strong> Kereszti (5), K\u0151rizs (2), Juh\u00e1sz D., Laczai, D\u00f3cs B., Barati<\/p>\n","protected":false},"excerpt":{"rendered":"<p>MLSZ REGION\u00c1LIS U19 ALAP, \u00c9SZAKKELETI CSOPORT, 3. FORDUL\u00d3: Cig\u00e1nd SE\u2013S\u00e9ny\u0151-Carnifex FC 11\u20132 (5\u20131) CISE:\u00a0S\u00e9ra M. (Hal\u00e1sz B., 46.) \u2013 Popovics [&hellip;]<\/p>\n","protected":false},"author":1,"featured_media":2873,"comment_status":"open","ping_status":"open","sticky":false,"template":"","format":"standard","meta":{"_uag_custom_page_level_css":"","footnotes":""},"categories":[3],"tags":[],"class_list":["post-2872","post","type-post","status-publish","format-standard","has-post-thumbnail","hentry","category-hirek"],"yoast_head":"<!-- This site is optimized with the Yoast SEO plugin v25.5 - https:\/\/yoast.com\/wordpress\/plugins\/seo\/ -->\n<title>Sz\u00e1rnyal az U19, tizenegyet r\u00fagtak a S\u00e9ny\u0151nek is! - Cig\u00e1nd Sportegyes\u00fclet hivatalos oldala<\/title>\n<meta name=\"robots\" content=\"index, follow, max-snippet:-1, max-image-preview:large, max-video-preview:-1\" \/>\n<link rel=\"canonical\" href=\"https:\/\/cigandse.hu\/index.php\/2023\/09\/18\/szarnyal-az-u19-tizenegyet-rugtak-a-senyonek-is\/\" \/>\n<meta property=\"og:locale\" content=\"hu_HU\" \/>\n<meta property=\"og:type\" content=\"article\" \/>\n<meta property=\"og:title\" content=\"Sz\u00e1rnyal az U19, tizenegyet r\u00fagtak a S\u00e9ny\u0151nek is! - Cig\u00e1nd Sportegyes\u00fclet hivatalos oldala\" \/>\n<meta property=\"og:description\" content=\"MLSZ REGION\u00c1LIS U19 ALAP, \u00c9SZAKKELETI CSOPORT, 3. FORDUL\u00d3: Cig\u00e1nd SE\u2013S\u00e9ny\u0151-Carnifex FC 11\u20132 (5\u20131) CISE:\u00a0S\u00e9ra M. (Hal\u00e1sz B., 46.) \u2013 Popovics [&hellip;]\" \/>\n<meta property=\"og:url\" content=\"https:\/\/cigandse.hu\/index.php\/2023\/09\/18\/szarnyal-az-u19-tizenegyet-rugtak-a-senyonek-is\/\" \/>\n<meta property=\"og:site_name\" content=\"Cig\u00e1nd Sportegyes\u00fclet hivatalos oldala\" \/>\n<meta property=\"article:publisher\" content=\"https:\/\/www.facebook.com\/CigandSportegyesulet\" \/>\n<meta property=\"article:published_time\" content=\"2023-09-18T09:10:30+00:00\" \/>\n<meta property=\"article:modified_time\" content=\"2023-09-18T09:11:26+00:00\" \/>\n<meta property=\"og:image\" content=\"https:\/\/cigandse.hu\/wp-content\/uploads\/2023\/09\/19i-scaled.jpg\" \/>\n\t<meta property=\"og:image:width\" content=\"2560\" \/>\n\t<meta property=\"og:image:height\" content=\"1493\" \/>\n\t<meta property=\"og:image:type\" content=\"image\/jpeg\" \/>\n<meta name=\"author\" content=\"admin\" \/>\n<meta name=\"twitter:card\" content=\"summary_large_image\" \/>\n<meta name=\"twitter:label1\" content=\"Szerz\u0151:\" \/>\n\t<meta name=\"twitter:data1\" content=\"admin\" \/>\n\t<meta name=\"twitter:label2\" content=\"Becs\u00fclt olvas\u00e1si id\u0151\" \/>\n\t<meta name=\"twitter:data2\" content=\"1 perc\" \/>\n<script type=\"application\/ld+json\" class=\"yoast-schema-graph\">{\"@context\":\"https:\/\/schema.org\",\"@graph\":[{\"@type\":\"Article\",\"@id\":\"https:\/\/cigandse.hu\/index.php\/2023\/09\/18\/szarnyal-az-u19-tizenegyet-rugtak-a-senyonek-is\/#article\",\"isPartOf\":{\"@id\":\"https:\/\/cigandse.hu\/index.php\/2023\/09\/18\/szarnyal-az-u19-tizenegyet-rugtak-a-senyonek-is\/\"},\"author\":{\"name\":\"admin\",\"@id\":\"https:\/\/cigandse.hu\/#\/schema\/person\/98ccf0ab8d41a299cc83f8d4bc3ad158\"},\"headline\":\"Sz\u00e1rnyal az U19, tizenegyet r\u00fagtak a S\u00e9ny\u0151nek is!\",\"datePublished\":\"2023-09-18T09:10:30+00:00\",\"dateModified\":\"2023-09-18T09:11:26+00:00\",\"mainEntityOfPage\":{\"@id\":\"https:\/\/cigandse.hu\/index.php\/2023\/09\/18\/szarnyal-az-u19-tizenegyet-rugtak-a-senyonek-is\/\"},\"wordCount\":81,\"commentCount\":0,\"publisher\":{\"@id\":\"https:\/\/cigandse.hu\/#organization\"},\"image\":{\"@id\":\"https:\/\/cigandse.hu\/index.php\/2023\/09\/18\/szarnyal-az-u19-tizenegyet-rugtak-a-senyonek-is\/#primaryimage\"},\"thumbnailUrl\":\"https:\/\/cigandse.hu\/wp-content\/uploads\/2023\/09\/19i-scaled.jpg\",\"articleSection\":[\"H\u00edrek\"],\"inLanguage\":\"hu\",\"potentialAction\":[{\"@type\":\"CommentAction\",\"name\":\"Comment\",\"target\":[\"https:\/\/cigandse.hu\/index.php\/2023\/09\/18\/szarnyal-az-u19-tizenegyet-rugtak-a-senyonek-is\/#respond\"]}]},{\"@type\":\"WebPage\",\"@id\":\"https:\/\/cigandse.hu\/index.php\/2023\/09\/18\/szarnyal-az-u19-tizenegyet-rugtak-a-senyonek-is\/\",\"url\":\"https:\/\/cigandse.hu\/index.php\/2023\/09\/18\/szarnyal-az-u19-tizenegyet-rugtak-a-senyonek-is\/\",\"name\":\"Sz\u00e1rnyal az U19, tizenegyet r\u00fagtak a S\u00e9ny\u0151nek is! - Cig\u00e1nd Sportegyes\u00fclet hivatalos oldala\",\"isPartOf\":{\"@id\":\"https:\/\/cigandse.hu\/#website\"},\"primaryImageOfPage\":{\"@id\":\"https:\/\/cigandse.hu\/index.php\/2023\/09\/18\/szarnyal-az-u19-tizenegyet-rugtak-a-senyonek-is\/#primaryimage\"},\"image\":{\"@id\":\"https:\/\/cigandse.hu\/index.php\/2023\/09\/18\/szarnyal-az-u19-tizenegyet-rugtak-a-senyonek-is\/#primaryimage\"},\"thumbnailUrl\":\"https:\/\/cigandse.hu\/wp-content\/uploads\/2023\/09\/19i-scaled.jpg\",\"datePublished\":\"2023-09-18T09:10:30+00:00\",\"dateModified\":\"2023-09-18T09:11:26+00:00\",\"breadcrumb\":{\"@id\":\"https:\/\/cigandse.hu\/index.php\/2023\/09\/18\/szarnyal-az-u19-tizenegyet-rugtak-a-senyonek-is\/#breadcrumb\"},\"inLanguage\":\"hu\",\"potentialAction\":[{\"@type\":\"ReadAction\",\"target\":[\"https:\/\/cigandse.hu\/index.php\/2023\/09\/18\/szarnyal-az-u19-tizenegyet-rugtak-a-senyonek-is\/\"]}]},{\"@type\":\"ImageObject\",\"inLanguage\":\"hu\",\"@id\":\"https:\/\/cigandse.hu\/index.php\/2023\/09\/18\/szarnyal-az-u19-tizenegyet-rugtak-a-senyonek-is\/#primaryimage\",\"url\":\"https:\/\/cigandse.hu\/wp-content\/uploads\/2023\/09\/19i-scaled.jpg\",\"contentUrl\":\"https:\/\/cigandse.hu\/wp-content\/uploads\/2023\/09\/19i-scaled.jpg\",\"width\":2560,\"height\":1493,\"caption\":\"Boys Text Style Effect\"},{\"@type\":\"BreadcrumbList\",\"@id\":\"https:\/\/cigandse.hu\/index.php\/2023\/09\/18\/szarnyal-az-u19-tizenegyet-rugtak-a-senyonek-is\/#breadcrumb\",\"itemListElement\":[{\"@type\":\"ListItem\",\"position\":1,\"name\":\"Kezd\u0151lap\",\"item\":\"https:\/\/cigandse.hu\/\"},{\"@type\":\"ListItem\",\"position\":2,\"name\":\"Sz\u00e1rnyal az U19, tizenegyet r\u00fagtak a S\u00e9ny\u0151nek is!\"}]},{\"@type\":\"WebSite\",\"@id\":\"https:\/\/cigandse.hu\/#website\",\"url\":\"https:\/\/cigandse.hu\/\",\"name\":\"Cig\u00e1nd Sportegyes\u00fclet hivatalos oldala\",\"description\":\"Cig\u00e1nd Sportegyes\u00fclet hivatalos oldala\",\"publisher\":{\"@id\":\"https:\/\/cigandse.hu\/#organization\"},\"potentialAction\":[{\"@type\":\"SearchAction\",\"target\":{\"@type\":\"EntryPoint\",\"urlTemplate\":\"https:\/\/cigandse.hu\/?s={search_term_string}\"},\"query-input\":{\"@type\":\"PropertyValueSpecification\",\"valueRequired\":true,\"valueName\":\"search_term_string\"}}],\"inLanguage\":\"hu\"},{\"@type\":\"Organization\",\"@id\":\"https:\/\/cigandse.hu\/#organization\",\"name\":\"Cig\u00e1nd Sportegyes\u00fclet\",\"url\":\"https:\/\/cigandse.hu\/\",\"logo\":{\"@type\":\"ImageObject\",\"inLanguage\":\"hu\",\"@id\":\"https:\/\/cigandse.hu\/#\/schema\/logo\/image\/\",\"url\":\"https:\/\/cigandse.hu\/wp-content\/uploads\/2022\/04\/Cigand-SE-cimer-1.jpg\",\"contentUrl\":\"https:\/\/cigandse.hu\/wp-content\/uploads\/2022\/04\/Cigand-SE-cimer-1.jpg\",\"width\":1932,\"height\":2088,\"caption\":\"Cig\u00e1nd Sportegyes\u00fclet\"},\"image\":{\"@id\":\"https:\/\/cigandse.hu\/#\/schema\/logo\/image\/\"},\"sameAs\":[\"https:\/\/www.facebook.com\/CigandSportegyesulet\",\"https:\/\/www.youtube.com\/channel\/UC0prdKj31NqRteZ5J4bGUZw\",\"https:\/\/hu.wikipedia.org\/wiki\/Cig\u00e1nd_SE\"]},{\"@type\":\"Person\",\"@id\":\"https:\/\/cigandse.hu\/#\/schema\/person\/98ccf0ab8d41a299cc83f8d4bc3ad158\",\"name\":\"admin\",\"image\":{\"@type\":\"ImageObject\",\"inLanguage\":\"hu\",\"@id\":\"https:\/\/cigandse.hu\/#\/schema\/person\/image\/\",\"url\":\"https:\/\/secure.gravatar.com\/avatar\/807752e5a26584bf309283b840694667743fc07b907e4db41f77a58fb4b98337?s=96&d=mm&r=g\",\"contentUrl\":\"https:\/\/secure.gravatar.com\/avatar\/807752e5a26584bf309283b840694667743fc07b907e4db41f77a58fb4b98337?s=96&d=mm&r=g\",\"caption\":\"admin\"},\"sameAs\":[\"https:\/\/cigandse.hu\"],\"url\":\"https:\/\/cigandse.hu\/index.php\/author\/terjeksandor\/\"}]}<\/script>\n<!-- \/ Yoast SEO plugin. -->","yoast_head_json":{"title":"Sz\u00e1rnyal az U19, tizenegyet r\u00fagtak a S\u00e9ny\u0151nek is! - Cig\u00e1nd Sportegyes\u00fclet hivatalos oldala","robots":{"index":"index","follow":"follow","max-snippet":"max-snippet:-1","max-image-preview":"max-image-preview:large","max-video-preview":"max-video-preview:-1"},"canonical":"https:\/\/cigandse.hu\/index.php\/2023\/09\/18\/szarnyal-az-u19-tizenegyet-rugtak-a-senyonek-is\/","og_locale":"hu_HU","og_type":"article","og_title":"Sz\u00e1rnyal az U19, tizenegyet r\u00fagtak a S\u00e9ny\u0151nek is! - Cig\u00e1nd Sportegyes\u00fclet hivatalos oldala","og_description":"MLSZ REGION\u00c1LIS U19 ALAP, \u00c9SZAKKELETI CSOPORT, 3. FORDUL\u00d3: Cig\u00e1nd SE\u2013S\u00e9ny\u0151-Carnifex FC 11\u20132 (5\u20131) CISE:\u00a0S\u00e9ra M. (Hal\u00e1sz B., 46.) \u2013 Popovics [&hellip;]","og_url":"https:\/\/cigandse.hu\/index.php\/2023\/09\/18\/szarnyal-az-u19-tizenegyet-rugtak-a-senyonek-is\/","og_site_name":"Cig\u00e1nd Sportegyes\u00fclet hivatalos oldala","article_publisher":"https:\/\/www.facebook.com\/CigandSportegyesulet","article_published_time":"2023-09-18T09:10:30+00:00","article_modified_time":"2023-09-18T09:11:26+00:00","og_image":[{"width":2560,"height":1493,"url":"https:\/\/cigandse.hu\/wp-content\/uploads\/2023\/09\/19i-scaled.jpg","type":"image\/jpeg"}],"author":"admin","twitter_card":"summary_large_image","twitter_misc":{"Szerz\u0151:":"admin","Becs\u00fclt olvas\u00e1si id\u0151":"1 perc"},"schema":{"@context":"https:\/\/schema.org","@graph":[{"@type":"Article","@id":"https:\/\/cigandse.hu\/index.php\/2023\/09\/18\/szarnyal-az-u19-tizenegyet-rugtak-a-senyonek-is\/#article","isPartOf":{"@id":"https:\/\/cigandse.hu\/index.php\/2023\/09\/18\/szarnyal-az-u19-tizenegyet-rugtak-a-senyonek-is\/"},"author":{"name":"admin","@id":"https:\/\/cigandse.hu\/#\/schema\/person\/98ccf0ab8d41a299cc83f8d4bc3ad158"},"headline":"Sz\u00e1rnyal az U19, tizenegyet r\u00fagtak a S\u00e9ny\u0151nek is!","datePublished":"2023-09-18T09:10:30+00:00","dateModified":"2023-09-18T09:11:26+00:00","mainEntityOfPage":{"@id":"https:\/\/cigandse.hu\/index.php\/2023\/09\/18\/szarnyal-az-u19-tizenegyet-rugtak-a-senyonek-is\/"},"wordCount":81,"commentCount":0,"publisher":{"@id":"https:\/\/cigandse.hu\/#organization"},"image":{"@id":"https:\/\/cigandse.hu\/index.php\/2023\/09\/18\/szarnyal-az-u19-tizenegyet-rugtak-a-senyonek-is\/#primaryimage"},"thumbnailUrl":"https:\/\/cigandse.hu\/wp-content\/uploads\/2023\/09\/19i-scaled.jpg","articleSection":["H\u00edrek"],"inLanguage":"hu","potentialAction":[{"@type":"CommentAction","name":"Comment","target":["https:\/\/cigandse.hu\/index.php\/2023\/09\/18\/szarnyal-az-u19-tizenegyet-rugtak-a-senyonek-is\/#respond"]}]},{"@type":"WebPage","@id":"https:\/\/cigandse.hu\/index.php\/2023\/09\/18\/szarnyal-az-u19-tizenegyet-rugtak-a-senyonek-is\/","url":"https:\/\/cigandse.hu\/index.php\/2023\/09\/18\/szarnyal-az-u19-tizenegyet-rugtak-a-senyonek-is\/","name":"Sz\u00e1rnyal az U19, tizenegyet r\u00fagtak a S\u00e9ny\u0151nek is! - Cig\u00e1nd Sportegyes\u00fclet hivatalos oldala","isPartOf":{"@id":"https:\/\/cigandse.hu\/#website"},"primaryImageOfPage":{"@id":"https:\/\/cigandse.hu\/index.php\/2023\/09\/18\/szarnyal-az-u19-tizenegyet-rugtak-a-senyonek-is\/#primaryimage"},"image":{"@id":"https:\/\/cigandse.hu\/index.php\/2023\/09\/18\/szarnyal-az-u19-tizenegyet-rugtak-a-senyonek-is\/#primaryimage"},"thumbnailUrl":"https:\/\/cigandse.hu\/wp-content\/uploads\/2023\/09\/19i-scaled.jpg","datePublished":"2023-09-18T09:10:30+00:00","dateModified":"2023-09-18T09:11:26+00:00","breadcrumb":{"@id":"https:\/\/cigandse.hu\/index.php\/2023\/09\/18\/szarnyal-az-u19-tizenegyet-rugtak-a-senyonek-is\/#breadcrumb"},"inLanguage":"hu","potentialAction":[{"@type":"ReadAction","target":["https:\/\/cigandse.hu\/index.php\/2023\/09\/18\/szarnyal-az-u19-tizenegyet-rugtak-a-senyonek-is\/"]}]},{"@type":"ImageObject","inLanguage":"hu","@id":"https:\/\/cigandse.hu\/index.php\/2023\/09\/18\/szarnyal-az-u19-tizenegyet-rugtak-a-senyonek-is\/#primaryimage","url":"https:\/\/cigandse.hu\/wp-content\/uploads\/2023\/09\/19i-scaled.jpg","contentUrl":"https:\/\/cigandse.hu\/wp-content\/uploads\/2023\/09\/19i-scaled.jpg","width":2560,"height":1493,"caption":"Boys Text Style Effect"},{"@type":"BreadcrumbList","@id":"https:\/\/cigandse.hu\/index.php\/2023\/09\/18\/szarnyal-az-u19-tizenegyet-rugtak-a-senyonek-is\/#breadcrumb","itemListElement":[{"@type":"ListItem","position":1,"name":"Kezd\u0151lap","item":"https:\/\/cigandse.hu\/"},{"@type":"ListItem","position":2,"name":"Sz\u00e1rnyal az U19, tizenegyet r\u00fagtak a S\u00e9ny\u0151nek is!"}]},{"@type":"WebSite","@id":"https:\/\/cigandse.hu\/#website","url":"https:\/\/cigandse.hu\/","name":"Cig\u00e1nd Sportegyes\u00fclet hivatalos oldala","description":"Cig\u00e1nd Sportegyes\u00fclet hivatalos oldala","publisher":{"@id":"https:\/\/cigandse.hu\/#organization"},"potentialAction":[{"@type":"SearchAction","target":{"@type":"EntryPoint","urlTemplate":"https:\/\/cigandse.hu\/?s={search_term_string}"},"query-input":{"@type":"PropertyValueSpecification","valueRequired":true,"valueName":"search_term_string"}}],"inLanguage":"hu"},{"@type":"Organization","@id":"https:\/\/cigandse.hu\/#organization","name":"Cig\u00e1nd Sportegyes\u00fclet","url":"https:\/\/cigandse.hu\/","logo":{"@type":"ImageObject","inLanguage":"hu","@id":"https:\/\/cigandse.hu\/#\/schema\/logo\/image\/","url":"https:\/\/cigandse.hu\/wp-content\/uploads\/2022\/04\/Cigand-SE-cimer-1.jpg","contentUrl":"https:\/\/cigandse.hu\/wp-content\/uploads\/2022\/04\/Cigand-SE-cimer-1.jpg","width":1932,"height":2088,"caption":"Cig\u00e1nd Sportegyes\u00fclet"},"image":{"@id":"https:\/\/cigandse.hu\/#\/schema\/logo\/image\/"},"sameAs":["https:\/\/www.facebook.com\/CigandSportegyesulet","https:\/\/www.youtube.com\/channel\/UC0prdKj31NqRteZ5J4bGUZw","https:\/\/hu.wikipedia.org\/wiki\/Cig\u00e1nd_SE"]},{"@type":"Person","@id":"https:\/\/cigandse.hu\/#\/schema\/person\/98ccf0ab8d41a299cc83f8d4bc3ad158","name":"admin","image":{"@type":"ImageObject","inLanguage":"hu","@id":"https:\/\/cigandse.hu\/#\/schema\/person\/image\/","url":"https:\/\/secure.gravatar.com\/avatar\/807752e5a26584bf309283b840694667743fc07b907e4db41f77a58fb4b98337?s=96&d=mm&r=g","contentUrl":"https:\/\/secure.gravatar.com\/avatar\/807752e5a26584bf309283b840694667743fc07b907e4db41f77a58fb4b98337?s=96&d=mm&r=g","caption":"admin"},"sameAs":["https:\/\/cigandse.hu"],"url":"https:\/\/cigandse.hu\/index.php\/author\/terjeksandor\/"}]}},"uagb_featured_image_src":{"full":["https:\/\/cigandse.hu\/wp-content\/uploads\/2023\/09\/19i-scaled.jpg",2560,1493,false],"thumbnail":["https:\/\/cigandse.hu\/wp-content\/uploads\/2023\/09\/19i-150x150.jpg",150,150,true],"medium":["https:\/\/cigandse.hu\/wp-content\/uploads\/2023\/09\/19i-300x175.jpg",300,175,true],"medium_large":["https:\/\/cigandse.hu\/wp-content\/uploads\/2023\/09\/19i-768x448.jpg",680,397,true],"large":["https:\/\/cigandse.hu\/wp-content\/uploads\/2023\/09\/19i-1024x597.jpg",680,396,true],"1536x1536":["https:\/\/cigandse.hu\/wp-content\/uploads\/2023\/09\/19i-1536x896.jpg",1536,896,true],"2048x2048":["https:\/\/cigandse.hu\/wp-content\/uploads\/2023\/09\/19i-2048x1195.jpg",2048,1195,true],"sportspress-crop-medium":["https:\/\/cigandse.hu\/wp-content\/uploads\/2023\/09\/19i-300x300.jpg",300,300,true],"sportspress-fit-medium":["https:\/\/cigandse.hu\/wp-content\/uploads\/2023\/09\/19i-300x175.jpg",300,175,true],"sportspress-fit-icon":["https:\/\/cigandse.hu\/wp-content\/uploads\/2023\/09\/19i-128x75.jpg",128,75,true],"sportspress-fit-mini":["https:\/\/cigandse.hu\/wp-content\/uploads\/2023\/09\/19i-32x19.jpg",32,19,true]},"uagb_author_info":{"display_name":"admin","author_link":"https:\/\/cigandse.hu\/index.php\/author\/terjeksandor\/"},"uagb_comment_info":0,"uagb_excerpt":"MLSZ REGION\u00c1LIS U19 ALAP, \u00c9SZAKKELETI CSOPORT, 3. FORDUL\u00d3: Cig\u00e1nd SE\u2013S\u00e9ny\u0151-Carnifex FC 11\u20132 (5\u20131) CISE:\u00a0S\u00e9ra M. (Hal\u00e1sz B., 46.) \u2013 Popovics [&hellip;]","_links":{"self":[{"href":"https:\/\/cigandse.hu\/index.php\/wp-json\/wp\/v2\/posts\/2872","targetHints":{"allow":["GET"]}}],"collection":[{"href":"https:\/\/cigandse.hu\/index.php\/wp-json\/wp\/v2\/posts"}],"about":[{"href":"https:\/\/cigandse.hu\/index.php\/wp-json\/wp\/v2\/types\/post"}],"author":[{"embeddable":true,"href":"https:\/\/cigandse.hu\/index.php\/wp-json\/wp\/v2\/users\/1"}],"replies":[{"embeddable":true,"href":"https:\/\/cigandse.hu\/index.php\/wp-json\/wp\/v2\/comments?post=2872"}],"version-history":[{"count":2,"href":"https:\/\/cigandse.hu\/index.php\/wp-json\/wp\/v2\/posts\/2872\/revisions"}],"predecessor-version":[{"id":2875,"href":"https:\/\/cigandse.hu\/index.php\/wp-json\/wp\/v2\/posts\/2872\/revisions\/2875"}],"wp:featuredmedia":[{"embeddable":true,"href":"https:\/\/cigandse.hu\/index.php\/wp-json\/wp\/v2\/media\/2873"}],"wp:attachment":[{"href":"https:\/\/cigandse.hu\/index.php\/wp-json\/wp\/v2\/media?parent=2872"}],"wp:term":[{"taxonomy":"category","embeddable":true,"href":"https:\/\/cigandse.hu\/index.php\/wp-json\/wp\/v2\/categories?post=2872"},{"taxonomy":"post_tag","embeddable":true,"href":"https:\/\/cigandse.hu\/index.php\/wp-json\/wp\/v2\/tags?post=2872"}],"curies":[{"name":"wp","href":"https:\/\/api.w.org\/{rel}","templated":true}]}}