{"id":3231,"date":"2023-12-06T22:28:34","date_gmt":"2023-12-06T21:28:34","guid":{"rendered":"https:\/\/cigandse.hu\/?p=3231"},"modified":"2023-12-06T22:28:34","modified_gmt":"2023-12-06T21:28:34","slug":"u19-es-csapatunk-masodik-helyen-zarta-az-alapszakaszt","status":"publish","type":"post","link":"https:\/\/cigandse.hu\/index.php\/2023\/12\/06\/u19-es-csapatunk-masodik-helyen-zarta-az-alapszakaszt\/","title":{"rendered":"U19-es csapatunk m\u00e1sodik helyen z\u00e1rta az alapszakaszt"},"content":{"rendered":"<p><a href=\"https:\/\/cigandse.hu\/wp-content\/uploads\/2023\/12\/ghuiz.jpg\"><img loading=\"lazy\" decoding=\"async\" class=\"alignnone size-full wp-image-3232\" src=\"https:\/\/cigandse.hu\/wp-content\/uploads\/2023\/12\/ghuiz.jpg\" alt=\"\" width=\"2020\" height=\"1297\" srcset=\"https:\/\/cigandse.hu\/wp-content\/uploads\/2023\/12\/ghuiz.jpg 2020w, https:\/\/cigandse.hu\/wp-content\/uploads\/2023\/12\/ghuiz-300x193.jpg 300w, https:\/\/cigandse.hu\/wp-content\/uploads\/2023\/12\/ghuiz-1024x657.jpg 1024w, https:\/\/cigandse.hu\/wp-content\/uploads\/2023\/12\/ghuiz-768x493.jpg 768w, https:\/\/cigandse.hu\/wp-content\/uploads\/2023\/12\/ghuiz-1536x986.jpg 1536w, https:\/\/cigandse.hu\/wp-content\/uploads\/2023\/12\/ghuiz-128x82.jpg 128w, https:\/\/cigandse.hu\/wp-content\/uploads\/2023\/12\/ghuiz-32x21.jpg 32w\" sizes=\"auto, (max-width: 2020px) 100vw, 2020px\" \/><\/a><\/p>\n<p><strong>MLSZ REGION\u00c1LIS U19 ALAP, \u00c9SZAKKELETI CSOPORT, 13. FORDUL\u00d3:<\/strong><\/p>\n<p><b>Borsod Sport Klub\u2013Cig\u00e1nd SE 1\u20134 (1\u20131)<\/b><\/p>\n<p><strong>Nagy G\u00e1bor, megb\u00edzott edz\u0151:<\/strong> \u2013 Meccsb\u0151l-meccsbe j\u00f6tt a csapat, ami meg is l\u00e1tszott az els\u0151 25 percben. A szerdai m\u00e9rk\u0151z\u00e9s ut\u00e1n, az id\u0151j\u00e1r\u00e1s \u00e9s a p\u00e1ly\u00e1k haszn\u00e1lhatatlans\u00e1ga miatt nem tudtunk edzeni, ez\u00e9rt el\u00e9gg\u00e9 tomp\u00e1k voltunk az els\u0151 f\u00e9lid\u0151ben. M\u00e1sodik j\u00e1t\u00e9kr\u00e9szben m\u00e1r nem volt k\u00e9rd\u00e9s, hogy melyik csapat a jobb. Lelkes, g\u00f3lrat\u00f6r\u0151 j\u00e1t\u00e9kkal rukkoltak el\u0151 a fi\u00fak, ahol a cser\u00e9k is j\u00f3l sz\u00e1lltak be. Gratul\u00e1lok a csapat minden egyes tagj\u00e1nak az el\u00e9rt f\u0151t\u00e1bl\u00e1ra jut\u00e1s\u00e9rt, \u00e9s sok sikert k\u00edv\u00e1nok a visszat\u00e9r\u0151 edz\u0151j\u00fckkel egy\u00fctt a tavaszi szezonra! Hajr\u00e1 Cig\u00e1nd!<\/p>\n","protected":false},"excerpt":{"rendered":"<p>MLSZ REGION\u00c1LIS U19 ALAP, \u00c9SZAKKELETI CSOPORT, 13. FORDUL\u00d3: Borsod Sport Klub\u2013Cig\u00e1nd SE 1\u20134 (1\u20131) Nagy G\u00e1bor, megb\u00edzott edz\u0151: \u2013 Meccsb\u0151l-meccsbe [&hellip;]<\/p>\n","protected":false},"author":1,"featured_media":3232,"comment_status":"open","ping_status":"open","sticky":false,"template":"","format":"standard","meta":{"_uag_custom_page_level_css":"","footnotes":""},"categories":[3],"tags":[],"class_list":["post-3231","post","type-post","status-publish","format-standard","has-post-thumbnail","hentry","category-hirek"],"yoast_head":"<!-- This site is optimized with the Yoast SEO plugin v25.5 - https:\/\/yoast.com\/wordpress\/plugins\/seo\/ -->\n<title>U19-es csapatunk m\u00e1sodik helyen z\u00e1rta az alapszakaszt - Cig\u00e1nd Sportegyes\u00fclet hivatalos oldala<\/title>\n<meta name=\"robots\" content=\"index, follow, max-snippet:-1, max-image-preview:large, max-video-preview:-1\" \/>\n<link rel=\"canonical\" href=\"https:\/\/cigandse.hu\/index.php\/2023\/12\/06\/u19-es-csapatunk-masodik-helyen-zarta-az-alapszakaszt\/\" \/>\n<meta property=\"og:locale\" content=\"hu_HU\" \/>\n<meta property=\"og:type\" content=\"article\" \/>\n<meta property=\"og:title\" content=\"U19-es csapatunk m\u00e1sodik helyen z\u00e1rta az alapszakaszt - Cig\u00e1nd Sportegyes\u00fclet hivatalos oldala\" \/>\n<meta property=\"og:description\" content=\"MLSZ REGION\u00c1LIS U19 ALAP, \u00c9SZAKKELETI CSOPORT, 13. FORDUL\u00d3: Borsod Sport Klub\u2013Cig\u00e1nd SE 1\u20134 (1\u20131) Nagy G\u00e1bor, megb\u00edzott edz\u0151: \u2013 Meccsb\u0151l-meccsbe [&hellip;]\" \/>\n<meta property=\"og:url\" content=\"https:\/\/cigandse.hu\/index.php\/2023\/12\/06\/u19-es-csapatunk-masodik-helyen-zarta-az-alapszakaszt\/\" \/>\n<meta property=\"og:site_name\" content=\"Cig\u00e1nd Sportegyes\u00fclet hivatalos oldala\" \/>\n<meta property=\"article:publisher\" content=\"https:\/\/www.facebook.com\/CigandSportegyesulet\" \/>\n<meta property=\"article:published_time\" content=\"2023-12-06T21:28:34+00:00\" \/>\n<meta property=\"og:image\" content=\"https:\/\/cigandse.hu\/wp-content\/uploads\/2023\/12\/ghuiz.jpg\" \/>\n\t<meta property=\"og:image:width\" content=\"2020\" \/>\n\t<meta property=\"og:image:height\" content=\"1297\" \/>\n\t<meta property=\"og:image:type\" content=\"image\/jpeg\" \/>\n<meta name=\"author\" content=\"admin\" \/>\n<meta name=\"twitter:card\" content=\"summary_large_image\" \/>\n<meta name=\"twitter:label1\" content=\"Szerz\u0151:\" \/>\n\t<meta name=\"twitter:data1\" content=\"admin\" \/>\n\t<meta name=\"twitter:label2\" content=\"Becs\u00fclt olvas\u00e1si id\u0151\" \/>\n\t<meta name=\"twitter:data2\" content=\"1 perc\" \/>\n<script type=\"application\/ld+json\" class=\"yoast-schema-graph\">{\"@context\":\"https:\/\/schema.org\",\"@graph\":[{\"@type\":\"Article\",\"@id\":\"https:\/\/cigandse.hu\/index.php\/2023\/12\/06\/u19-es-csapatunk-masodik-helyen-zarta-az-alapszakaszt\/#article\",\"isPartOf\":{\"@id\":\"https:\/\/cigandse.hu\/index.php\/2023\/12\/06\/u19-es-csapatunk-masodik-helyen-zarta-az-alapszakaszt\/\"},\"author\":{\"name\":\"admin\",\"@id\":\"https:\/\/cigandse.hu\/#\/schema\/person\/98ccf0ab8d41a299cc83f8d4bc3ad158\"},\"headline\":\"U19-es csapatunk m\u00e1sodik helyen z\u00e1rta az alapszakaszt\",\"datePublished\":\"2023-12-06T21:28:34+00:00\",\"mainEntityOfPage\":{\"@id\":\"https:\/\/cigandse.hu\/index.php\/2023\/12\/06\/u19-es-csapatunk-masodik-helyen-zarta-az-alapszakaszt\/\"},\"wordCount\":159,\"commentCount\":0,\"publisher\":{\"@id\":\"https:\/\/cigandse.hu\/#organization\"},\"image\":{\"@id\":\"https:\/\/cigandse.hu\/index.php\/2023\/12\/06\/u19-es-csapatunk-masodik-helyen-zarta-az-alapszakaszt\/#primaryimage\"},\"thumbnailUrl\":\"https:\/\/cigandse.hu\/wp-content\/uploads\/2023\/12\/ghuiz.jpg\",\"articleSection\":[\"H\u00edrek\"],\"inLanguage\":\"hu\",\"potentialAction\":[{\"@type\":\"CommentAction\",\"name\":\"Comment\",\"target\":[\"https:\/\/cigandse.hu\/index.php\/2023\/12\/06\/u19-es-csapatunk-masodik-helyen-zarta-az-alapszakaszt\/#respond\"]}]},{\"@type\":\"WebPage\",\"@id\":\"https:\/\/cigandse.hu\/index.php\/2023\/12\/06\/u19-es-csapatunk-masodik-helyen-zarta-az-alapszakaszt\/\",\"url\":\"https:\/\/cigandse.hu\/index.php\/2023\/12\/06\/u19-es-csapatunk-masodik-helyen-zarta-az-alapszakaszt\/\",\"name\":\"U19-es csapatunk m\u00e1sodik helyen z\u00e1rta az alapszakaszt - Cig\u00e1nd Sportegyes\u00fclet hivatalos oldala\",\"isPartOf\":{\"@id\":\"https:\/\/cigandse.hu\/#website\"},\"primaryImageOfPage\":{\"@id\":\"https:\/\/cigandse.hu\/index.php\/2023\/12\/06\/u19-es-csapatunk-masodik-helyen-zarta-az-alapszakaszt\/#primaryimage\"},\"image\":{\"@id\":\"https:\/\/cigandse.hu\/index.php\/2023\/12\/06\/u19-es-csapatunk-masodik-helyen-zarta-az-alapszakaszt\/#primaryimage\"},\"thumbnailUrl\":\"https:\/\/cigandse.hu\/wp-content\/uploads\/2023\/12\/ghuiz.jpg\",\"datePublished\":\"2023-12-06T21:28:34+00:00\",\"breadcrumb\":{\"@id\":\"https:\/\/cigandse.hu\/index.php\/2023\/12\/06\/u19-es-csapatunk-masodik-helyen-zarta-az-alapszakaszt\/#breadcrumb\"},\"inLanguage\":\"hu\",\"potentialAction\":[{\"@type\":\"ReadAction\",\"target\":[\"https:\/\/cigandse.hu\/index.php\/2023\/12\/06\/u19-es-csapatunk-masodik-helyen-zarta-az-alapszakaszt\/\"]}]},{\"@type\":\"ImageObject\",\"inLanguage\":\"hu\",\"@id\":\"https:\/\/cigandse.hu\/index.php\/2023\/12\/06\/u19-es-csapatunk-masodik-helyen-zarta-az-alapszakaszt\/#primaryimage\",\"url\":\"https:\/\/cigandse.hu\/wp-content\/uploads\/2023\/12\/ghuiz.jpg\",\"contentUrl\":\"https:\/\/cigandse.hu\/wp-content\/uploads\/2023\/12\/ghuiz.jpg\",\"width\":2020,\"height\":1297},{\"@type\":\"BreadcrumbList\",\"@id\":\"https:\/\/cigandse.hu\/index.php\/2023\/12\/06\/u19-es-csapatunk-masodik-helyen-zarta-az-alapszakaszt\/#breadcrumb\",\"itemListElement\":[{\"@type\":\"ListItem\",\"position\":1,\"name\":\"Kezd\u0151lap\",\"item\":\"https:\/\/cigandse.hu\/\"},{\"@type\":\"ListItem\",\"position\":2,\"name\":\"U19-es csapatunk m\u00e1sodik helyen z\u00e1rta az alapszakaszt\"}]},{\"@type\":\"WebSite\",\"@id\":\"https:\/\/cigandse.hu\/#website\",\"url\":\"https:\/\/cigandse.hu\/\",\"name\":\"Cig\u00e1nd Sportegyes\u00fclet hivatalos oldala\",\"description\":\"Cig\u00e1nd Sportegyes\u00fclet hivatalos oldala\",\"publisher\":{\"@id\":\"https:\/\/cigandse.hu\/#organization\"},\"potentialAction\":[{\"@type\":\"SearchAction\",\"target\":{\"@type\":\"EntryPoint\",\"urlTemplate\":\"https:\/\/cigandse.hu\/?s={search_term_string}\"},\"query-input\":{\"@type\":\"PropertyValueSpecification\",\"valueRequired\":true,\"valueName\":\"search_term_string\"}}],\"inLanguage\":\"hu\"},{\"@type\":\"Organization\",\"@id\":\"https:\/\/cigandse.hu\/#organization\",\"name\":\"Cig\u00e1nd Sportegyes\u00fclet\",\"url\":\"https:\/\/cigandse.hu\/\",\"logo\":{\"@type\":\"ImageObject\",\"inLanguage\":\"hu\",\"@id\":\"https:\/\/cigandse.hu\/#\/schema\/logo\/image\/\",\"url\":\"https:\/\/cigandse.hu\/wp-content\/uploads\/2022\/04\/Cigand-SE-cimer-1.jpg\",\"contentUrl\":\"https:\/\/cigandse.hu\/wp-content\/uploads\/2022\/04\/Cigand-SE-cimer-1.jpg\",\"width\":1932,\"height\":2088,\"caption\":\"Cig\u00e1nd Sportegyes\u00fclet\"},\"image\":{\"@id\":\"https:\/\/cigandse.hu\/#\/schema\/logo\/image\/\"},\"sameAs\":[\"https:\/\/www.facebook.com\/CigandSportegyesulet\",\"https:\/\/www.youtube.com\/channel\/UC0prdKj31NqRteZ5J4bGUZw\",\"https:\/\/hu.wikipedia.org\/wiki\/Cig\u00e1nd_SE\"]},{\"@type\":\"Person\",\"@id\":\"https:\/\/cigandse.hu\/#\/schema\/person\/98ccf0ab8d41a299cc83f8d4bc3ad158\",\"name\":\"admin\",\"image\":{\"@type\":\"ImageObject\",\"inLanguage\":\"hu\",\"@id\":\"https:\/\/cigandse.hu\/#\/schema\/person\/image\/\",\"url\":\"https:\/\/secure.gravatar.com\/avatar\/807752e5a26584bf309283b840694667743fc07b907e4db41f77a58fb4b98337?s=96&d=mm&r=g\",\"contentUrl\":\"https:\/\/secure.gravatar.com\/avatar\/807752e5a26584bf309283b840694667743fc07b907e4db41f77a58fb4b98337?s=96&d=mm&r=g\",\"caption\":\"admin\"},\"sameAs\":[\"https:\/\/cigandse.hu\"],\"url\":\"https:\/\/cigandse.hu\/index.php\/author\/terjeksandor\/\"}]}<\/script>\n<!-- \/ Yoast SEO plugin. -->","yoast_head_json":{"title":"U19-es csapatunk m\u00e1sodik helyen z\u00e1rta az alapszakaszt - Cig\u00e1nd Sportegyes\u00fclet hivatalos oldala","robots":{"index":"index","follow":"follow","max-snippet":"max-snippet:-1","max-image-preview":"max-image-preview:large","max-video-preview":"max-video-preview:-1"},"canonical":"https:\/\/cigandse.hu\/index.php\/2023\/12\/06\/u19-es-csapatunk-masodik-helyen-zarta-az-alapszakaszt\/","og_locale":"hu_HU","og_type":"article","og_title":"U19-es csapatunk m\u00e1sodik helyen z\u00e1rta az alapszakaszt - Cig\u00e1nd Sportegyes\u00fclet hivatalos oldala","og_description":"MLSZ REGION\u00c1LIS U19 ALAP, \u00c9SZAKKELETI CSOPORT, 13. FORDUL\u00d3: Borsod Sport Klub\u2013Cig\u00e1nd SE 1\u20134 (1\u20131) Nagy G\u00e1bor, megb\u00edzott edz\u0151: \u2013 Meccsb\u0151l-meccsbe [&hellip;]","og_url":"https:\/\/cigandse.hu\/index.php\/2023\/12\/06\/u19-es-csapatunk-masodik-helyen-zarta-az-alapszakaszt\/","og_site_name":"Cig\u00e1nd Sportegyes\u00fclet hivatalos oldala","article_publisher":"https:\/\/www.facebook.com\/CigandSportegyesulet","article_published_time":"2023-12-06T21:28:34+00:00","og_image":[{"width":2020,"height":1297,"url":"https:\/\/cigandse.hu\/wp-content\/uploads\/2023\/12\/ghuiz.jpg","type":"image\/jpeg"}],"author":"admin","twitter_card":"summary_large_image","twitter_misc":{"Szerz\u0151:":"admin","Becs\u00fclt olvas\u00e1si id\u0151":"1 perc"},"schema":{"@context":"https:\/\/schema.org","@graph":[{"@type":"Article","@id":"https:\/\/cigandse.hu\/index.php\/2023\/12\/06\/u19-es-csapatunk-masodik-helyen-zarta-az-alapszakaszt\/#article","isPartOf":{"@id":"https:\/\/cigandse.hu\/index.php\/2023\/12\/06\/u19-es-csapatunk-masodik-helyen-zarta-az-alapszakaszt\/"},"author":{"name":"admin","@id":"https:\/\/cigandse.hu\/#\/schema\/person\/98ccf0ab8d41a299cc83f8d4bc3ad158"},"headline":"U19-es csapatunk m\u00e1sodik helyen z\u00e1rta az alapszakaszt","datePublished":"2023-12-06T21:28:34+00:00","mainEntityOfPage":{"@id":"https:\/\/cigandse.hu\/index.php\/2023\/12\/06\/u19-es-csapatunk-masodik-helyen-zarta-az-alapszakaszt\/"},"wordCount":159,"commentCount":0,"publisher":{"@id":"https:\/\/cigandse.hu\/#organization"},"image":{"@id":"https:\/\/cigandse.hu\/index.php\/2023\/12\/06\/u19-es-csapatunk-masodik-helyen-zarta-az-alapszakaszt\/#primaryimage"},"thumbnailUrl":"https:\/\/cigandse.hu\/wp-content\/uploads\/2023\/12\/ghuiz.jpg","articleSection":["H\u00edrek"],"inLanguage":"hu","potentialAction":[{"@type":"CommentAction","name":"Comment","target":["https:\/\/cigandse.hu\/index.php\/2023\/12\/06\/u19-es-csapatunk-masodik-helyen-zarta-az-alapszakaszt\/#respond"]}]},{"@type":"WebPage","@id":"https:\/\/cigandse.hu\/index.php\/2023\/12\/06\/u19-es-csapatunk-masodik-helyen-zarta-az-alapszakaszt\/","url":"https:\/\/cigandse.hu\/index.php\/2023\/12\/06\/u19-es-csapatunk-masodik-helyen-zarta-az-alapszakaszt\/","name":"U19-es csapatunk m\u00e1sodik helyen z\u00e1rta az alapszakaszt - Cig\u00e1nd Sportegyes\u00fclet hivatalos oldala","isPartOf":{"@id":"https:\/\/cigandse.hu\/#website"},"primaryImageOfPage":{"@id":"https:\/\/cigandse.hu\/index.php\/2023\/12\/06\/u19-es-csapatunk-masodik-helyen-zarta-az-alapszakaszt\/#primaryimage"},"image":{"@id":"https:\/\/cigandse.hu\/index.php\/2023\/12\/06\/u19-es-csapatunk-masodik-helyen-zarta-az-alapszakaszt\/#primaryimage"},"thumbnailUrl":"https:\/\/cigandse.hu\/wp-content\/uploads\/2023\/12\/ghuiz.jpg","datePublished":"2023-12-06T21:28:34+00:00","breadcrumb":{"@id":"https:\/\/cigandse.hu\/index.php\/2023\/12\/06\/u19-es-csapatunk-masodik-helyen-zarta-az-alapszakaszt\/#breadcrumb"},"inLanguage":"hu","potentialAction":[{"@type":"ReadAction","target":["https:\/\/cigandse.hu\/index.php\/2023\/12\/06\/u19-es-csapatunk-masodik-helyen-zarta-az-alapszakaszt\/"]}]},{"@type":"ImageObject","inLanguage":"hu","@id":"https:\/\/cigandse.hu\/index.php\/2023\/12\/06\/u19-es-csapatunk-masodik-helyen-zarta-az-alapszakaszt\/#primaryimage","url":"https:\/\/cigandse.hu\/wp-content\/uploads\/2023\/12\/ghuiz.jpg","contentUrl":"https:\/\/cigandse.hu\/wp-content\/uploads\/2023\/12\/ghuiz.jpg","width":2020,"height":1297},{"@type":"BreadcrumbList","@id":"https:\/\/cigandse.hu\/index.php\/2023\/12\/06\/u19-es-csapatunk-masodik-helyen-zarta-az-alapszakaszt\/#breadcrumb","itemListElement":[{"@type":"ListItem","position":1,"name":"Kezd\u0151lap","item":"https:\/\/cigandse.hu\/"},{"@type":"ListItem","position":2,"name":"U19-es csapatunk m\u00e1sodik helyen z\u00e1rta az alapszakaszt"}]},{"@type":"WebSite","@id":"https:\/\/cigandse.hu\/#website","url":"https:\/\/cigandse.hu\/","name":"Cig\u00e1nd Sportegyes\u00fclet hivatalos oldala","description":"Cig\u00e1nd Sportegyes\u00fclet hivatalos oldala","publisher":{"@id":"https:\/\/cigandse.hu\/#organization"},"potentialAction":[{"@type":"SearchAction","target":{"@type":"EntryPoint","urlTemplate":"https:\/\/cigandse.hu\/?s={search_term_string}"},"query-input":{"@type":"PropertyValueSpecification","valueRequired":true,"valueName":"search_term_string"}}],"inLanguage":"hu"},{"@type":"Organization","@id":"https:\/\/cigandse.hu\/#organization","name":"Cig\u00e1nd Sportegyes\u00fclet","url":"https:\/\/cigandse.hu\/","logo":{"@type":"ImageObject","inLanguage":"hu","@id":"https:\/\/cigandse.hu\/#\/schema\/logo\/image\/","url":"https:\/\/cigandse.hu\/wp-content\/uploads\/2022\/04\/Cigand-SE-cimer-1.jpg","contentUrl":"https:\/\/cigandse.hu\/wp-content\/uploads\/2022\/04\/Cigand-SE-cimer-1.jpg","width":1932,"height":2088,"caption":"Cig\u00e1nd Sportegyes\u00fclet"},"image":{"@id":"https:\/\/cigandse.hu\/#\/schema\/logo\/image\/"},"sameAs":["https:\/\/www.facebook.com\/CigandSportegyesulet","https:\/\/www.youtube.com\/channel\/UC0prdKj31NqRteZ5J4bGUZw","https:\/\/hu.wikipedia.org\/wiki\/Cig\u00e1nd_SE"]},{"@type":"Person","@id":"https:\/\/cigandse.hu\/#\/schema\/person\/98ccf0ab8d41a299cc83f8d4bc3ad158","name":"admin","image":{"@type":"ImageObject","inLanguage":"hu","@id":"https:\/\/cigandse.hu\/#\/schema\/person\/image\/","url":"https:\/\/secure.gravatar.com\/avatar\/807752e5a26584bf309283b840694667743fc07b907e4db41f77a58fb4b98337?s=96&d=mm&r=g","contentUrl":"https:\/\/secure.gravatar.com\/avatar\/807752e5a26584bf309283b840694667743fc07b907e4db41f77a58fb4b98337?s=96&d=mm&r=g","caption":"admin"},"sameAs":["https:\/\/cigandse.hu"],"url":"https:\/\/cigandse.hu\/index.php\/author\/terjeksandor\/"}]}},"uagb_featured_image_src":{"full":["https:\/\/cigandse.hu\/wp-content\/uploads\/2023\/12\/ghuiz.jpg",2020,1297,false],"thumbnail":["https:\/\/cigandse.hu\/wp-content\/uploads\/2023\/12\/ghuiz-150x150.jpg",150,150,true],"medium":["https:\/\/cigandse.hu\/wp-content\/uploads\/2023\/12\/ghuiz-300x193.jpg",300,193,true],"medium_large":["https:\/\/cigandse.hu\/wp-content\/uploads\/2023\/12\/ghuiz-768x493.jpg",680,437,true],"large":["https:\/\/cigandse.hu\/wp-content\/uploads\/2023\/12\/ghuiz-1024x657.jpg",680,436,true],"1536x1536":["https:\/\/cigandse.hu\/wp-content\/uploads\/2023\/12\/ghuiz-1536x986.jpg",1536,986,true],"2048x2048":["https:\/\/cigandse.hu\/wp-content\/uploads\/2023\/12\/ghuiz.jpg",2020,1297,false],"sportspress-crop-medium":["https:\/\/cigandse.hu\/wp-content\/uploads\/2023\/12\/ghuiz-300x300.jpg",300,300,true],"sportspress-fit-medium":["https:\/\/cigandse.hu\/wp-content\/uploads\/2023\/12\/ghuiz-300x193.jpg",300,193,true],"sportspress-fit-icon":["https:\/\/cigandse.hu\/wp-content\/uploads\/2023\/12\/ghuiz-128x82.jpg",128,82,true],"sportspress-fit-mini":["https:\/\/cigandse.hu\/wp-content\/uploads\/2023\/12\/ghuiz-32x21.jpg",32,21,true]},"uagb_author_info":{"display_name":"admin","author_link":"https:\/\/cigandse.hu\/index.php\/author\/terjeksandor\/"},"uagb_comment_info":0,"uagb_excerpt":"MLSZ REGION\u00c1LIS U19 ALAP, \u00c9SZAKKELETI CSOPORT, 13. FORDUL\u00d3: Borsod Sport Klub\u2013Cig\u00e1nd SE 1\u20134 (1\u20131) Nagy G\u00e1bor, megb\u00edzott edz\u0151: \u2013 Meccsb\u0151l-meccsbe [&hellip;]","_links":{"self":[{"href":"https:\/\/cigandse.hu\/index.php\/wp-json\/wp\/v2\/posts\/3231","targetHints":{"allow":["GET"]}}],"collection":[{"href":"https:\/\/cigandse.hu\/index.php\/wp-json\/wp\/v2\/posts"}],"about":[{"href":"https:\/\/cigandse.hu\/index.php\/wp-json\/wp\/v2\/types\/post"}],"author":[{"embeddable":true,"href":"https:\/\/cigandse.hu\/index.php\/wp-json\/wp\/v2\/users\/1"}],"replies":[{"embeddable":true,"href":"https:\/\/cigandse.hu\/index.php\/wp-json\/wp\/v2\/comments?post=3231"}],"version-history":[{"count":1,"href":"https:\/\/cigandse.hu\/index.php\/wp-json\/wp\/v2\/posts\/3231\/revisions"}],"predecessor-version":[{"id":3233,"href":"https:\/\/cigandse.hu\/index.php\/wp-json\/wp\/v2\/posts\/3231\/revisions\/3233"}],"wp:featuredmedia":[{"embeddable":true,"href":"https:\/\/cigandse.hu\/index.php\/wp-json\/wp\/v2\/media\/3232"}],"wp:attachment":[{"href":"https:\/\/cigandse.hu\/index.php\/wp-json\/wp\/v2\/media?parent=3231"}],"wp:term":[{"taxonomy":"category","embeddable":true,"href":"https:\/\/cigandse.hu\/index.php\/wp-json\/wp\/v2\/categories?post=3231"},{"taxonomy":"post_tag","embeddable":true,"href":"https:\/\/cigandse.hu\/index.php\/wp-json\/wp\/v2\/tags?post=3231"}],"curies":[{"name":"wp","href":"https:\/\/api.w.org\/{rel}","templated":true}]}}