{"id":3316,"date":"2023-12-18T22:38:20","date_gmt":"2023-12-18T21:38:20","guid":{"rendered":"https:\/\/cigandse.hu\/?p=3316"},"modified":"2023-12-18T22:43:35","modified_gmt":"2023-12-18T21:43:35","slug":"nemzetkozi-minitornaval-zarta-az-evet-u12-es-csapatunk","status":"publish","type":"post","link":"https:\/\/cigandse.hu\/index.php\/2023\/12\/18\/nemzetkozi-minitornaval-zarta-az-evet-u12-es-csapatunk\/","title":{"rendered":"Nemzetk\u00f6zi minitorn\u00e1val z\u00e1rta az \u00e9vet U12-es csapatunk"},"content":{"rendered":"<h3><a href=\"https:\/\/cigandse.hu\/wp-content\/uploads\/2023\/12\/u12varda.jpg\"><img loading=\"lazy\" decoding=\"async\" class=\"alignnone size-full wp-image-3317\" src=\"https:\/\/cigandse.hu\/wp-content\/uploads\/2023\/12\/u12varda.jpg\" alt=\"\" width=\"2020\" height=\"1212\" srcset=\"https:\/\/cigandse.hu\/wp-content\/uploads\/2023\/12\/u12varda.jpg 2020w, https:\/\/cigandse.hu\/wp-content\/uploads\/2023\/12\/u12varda-300x180.jpg 300w, https:\/\/cigandse.hu\/wp-content\/uploads\/2023\/12\/u12varda-1024x614.jpg 1024w, https:\/\/cigandse.hu\/wp-content\/uploads\/2023\/12\/u12varda-768x461.jpg 768w, https:\/\/cigandse.hu\/wp-content\/uploads\/2023\/12\/u12varda-1536x922.jpg 1536w, https:\/\/cigandse.hu\/wp-content\/uploads\/2023\/12\/u12varda-128x77.jpg 128w, https:\/\/cigandse.hu\/wp-content\/uploads\/2023\/12\/u12varda-32x19.jpg 32w\" sizes=\"auto, (max-width: 2020px) 100vw, 2020px\" \/><\/a><\/h3>\n<h3>A V\u00e1rda Labdar\u00fag\u00f3 Akad\u00e9mia megh\u00edv\u00e1s\u00e1nak eleget t\u00e9ve nemzetk\u00f6zi minitorn\u00e1n vett r\u00e9szt U12-es csapatunk Kisv\u00e1rd\u00e1n, a V\u00e1rkerti fedett m\u0171f\u00fcves csarnokban.<\/h3>\n<p>Az ellenfelek k\u00f6z\u00f6tt az FC Minaj \u201eA&#8221;, az FC Minaj \u201eB&#8221; \u00e9s a h\u00e1zigazda V\u00e1rda LA U11-es g\u00e1rd\u00e1ja szerepelt. A csapatok k\u00f6rm\u00e9rk\u0151z\u00e9sek form\u00e1j\u00e1ban m\u00e9rk\u0151ztek meg egym\u00e1ssal. Sz\u00ednvonalas, j\u00f3 iram\u00fa meccseket j\u00e1tszhattak j\u00e1t\u00e9kosaink az \u00e9v m\u00e9lt\u00f3 befejez\u00e9sek\u00e9nt.<\/p>\n<p><strong>Kert\u00e9sz Mil\u00e1n edz\u0151 a k\u00f6vetkez\u0151k\u00e9ppen \u00e9rt\u00e9kelte a torn\u00e1t:<\/strong> \u2013 Remek\u00fcl szolg\u00e1lta a gyerekek fejl\u0151d\u00e9s\u00e9t a torna. A kezdeti megillet\u0151d\u00f6tts\u00e9get k\u00f6vet\u0151en hamar felvette a j\u00e1t\u00e9k ritmus\u00e1t csapatunk \u00e9s m\u00e9lt\u00f3 ellenfelei voltunk ennek a nemzetk\u00f6zi mez\u0151nynek. Kombinat\u00edvan \u00e9s b\u00e1tran j\u00e1tszottunk el\u0151re minden m\u00e9rk\u0151z\u00e9s\u00fcnk\u00f6n, valamint ki kell emelnem, hogy a hib\u00e1k ut\u00e1n igyekeztek a gyerekek azonnal jav\u00edtani \u00e9s korrig\u00e1lni. A csapat teljes\u00edtm\u00e9ny\u00e9t pozit\u00edvan tudom \u00e9rt\u00e9kelni, amely nemcsak a j\u00e1t\u00e9khelyzetek megold\u00e1saiban, hanem a mai napon a g\u00f3lok sz\u00e1m\u00e1ban is megmutatkozott. Nagy \u00f6r\u00f6m sz\u00e1momra, hogy az \u0151sz folyam\u00e1n kevesebb lehet\u0151s\u00e9get kap\u00f3 j\u00e1t\u00e9kosok remek\u00fcl illeszkedtek bele a csapat j\u00e1t\u00e9k\u00e1ba, valamint \u00f6r\u00fcl\u00f6k annak, hogy sz\u00e9p sz\u00e1m\u00fa sz\u00fcl\u0151i k\u00f6z\u00f6ss\u00e9g gy\u0171lt \u00f6ssze \u00e9s szurkolt nek\u00fcnk a torna eg\u00e9sze alatt! K\u00f6sz\u00f6nj\u00fck a VLA megh\u00edv\u00e1s\u00e1t, j\u00f3 pihen\u00e9st, boldog kar\u00e1csonyt \u00e9s boldog \u00faj \u00e9vet k\u00edv\u00e1n az U12-es csapat mindenkinek!<\/p>\n<p><strong>A torn\u00e1n r\u00e9szt vev\u0151 gyerekek n\u00e9vsora:<\/strong> T\u00f3th M\u00e1t\u00e9, Kert\u00e9sz M\u00e1t\u00e9, Balogh Kevin, Havrilla Fl\u00f3ri\u00e1n, Szab\u00f3 M\u00e1rton, Sz\u00e1nt\u00f3 Zal\u00e1n, Hossz\u00fa Zal\u00e1n, F\u00e9nyes P\u00e9ter, Barna Rik\u00e1rd\u00f3, Mik\u00f3 Marcell, Torma P\u00e1l, Lengyel Ferenc<\/p>\n","protected":false},"excerpt":{"rendered":"<p>A V\u00e1rda Labdar\u00fag\u00f3 Akad\u00e9mia megh\u00edv\u00e1s\u00e1nak eleget t\u00e9ve nemzetk\u00f6zi minitorn\u00e1n vett r\u00e9szt U12-es csapatunk Kisv\u00e1rd\u00e1n, a V\u00e1rkerti fedett m\u0171f\u00fcves csarnokban. Az [&hellip;]<\/p>\n","protected":false},"author":1,"featured_media":3317,"comment_status":"open","ping_status":"open","sticky":false,"template":"","format":"standard","meta":{"_uag_custom_page_level_css":"","footnotes":""},"categories":[3],"tags":[],"class_list":["post-3316","post","type-post","status-publish","format-standard","has-post-thumbnail","hentry","category-hirek"],"yoast_head":"<!-- This site is optimized with the Yoast SEO plugin v25.5 - https:\/\/yoast.com\/wordpress\/plugins\/seo\/ -->\n<title>Nemzetk\u00f6zi minitorn\u00e1val z\u00e1rta az \u00e9vet U12-es csapatunk - Cig\u00e1nd Sportegyes\u00fclet hivatalos oldala<\/title>\n<meta name=\"robots\" content=\"index, follow, max-snippet:-1, max-image-preview:large, max-video-preview:-1\" \/>\n<link rel=\"canonical\" href=\"https:\/\/cigandse.hu\/index.php\/2023\/12\/18\/nemzetkozi-minitornaval-zarta-az-evet-u12-es-csapatunk\/\" \/>\n<meta property=\"og:locale\" content=\"hu_HU\" \/>\n<meta property=\"og:type\" content=\"article\" \/>\n<meta property=\"og:title\" content=\"Nemzetk\u00f6zi minitorn\u00e1val z\u00e1rta az \u00e9vet U12-es csapatunk - Cig\u00e1nd Sportegyes\u00fclet hivatalos oldala\" \/>\n<meta property=\"og:description\" content=\"A V\u00e1rda Labdar\u00fag\u00f3 Akad\u00e9mia megh\u00edv\u00e1s\u00e1nak eleget t\u00e9ve nemzetk\u00f6zi minitorn\u00e1n vett r\u00e9szt U12-es csapatunk Kisv\u00e1rd\u00e1n, a V\u00e1rkerti fedett m\u0171f\u00fcves csarnokban. Az [&hellip;]\" \/>\n<meta property=\"og:url\" content=\"https:\/\/cigandse.hu\/index.php\/2023\/12\/18\/nemzetkozi-minitornaval-zarta-az-evet-u12-es-csapatunk\/\" \/>\n<meta property=\"og:site_name\" content=\"Cig\u00e1nd Sportegyes\u00fclet hivatalos oldala\" \/>\n<meta property=\"article:publisher\" content=\"https:\/\/www.facebook.com\/CigandSportegyesulet\" \/>\n<meta property=\"article:published_time\" content=\"2023-12-18T21:38:20+00:00\" \/>\n<meta property=\"article:modified_time\" content=\"2023-12-18T21:43:35+00:00\" \/>\n<meta property=\"og:image\" content=\"https:\/\/cigandse.hu\/wp-content\/uploads\/2023\/12\/u12varda.jpg\" \/>\n\t<meta property=\"og:image:width\" content=\"2020\" \/>\n\t<meta property=\"og:image:height\" content=\"1212\" \/>\n\t<meta property=\"og:image:type\" content=\"image\/jpeg\" \/>\n<meta name=\"author\" content=\"admin\" \/>\n<meta name=\"twitter:card\" content=\"summary_large_image\" \/>\n<meta name=\"twitter:label1\" content=\"Szerz\u0151:\" \/>\n\t<meta name=\"twitter:data1\" content=\"admin\" \/>\n\t<meta name=\"twitter:label2\" content=\"Becs\u00fclt olvas\u00e1si id\u0151\" \/>\n\t<meta name=\"twitter:data2\" content=\"2 perc\" \/>\n<script type=\"application\/ld+json\" class=\"yoast-schema-graph\">{\"@context\":\"https:\/\/schema.org\",\"@graph\":[{\"@type\":\"Article\",\"@id\":\"https:\/\/cigandse.hu\/index.php\/2023\/12\/18\/nemzetkozi-minitornaval-zarta-az-evet-u12-es-csapatunk\/#article\",\"isPartOf\":{\"@id\":\"https:\/\/cigandse.hu\/index.php\/2023\/12\/18\/nemzetkozi-minitornaval-zarta-az-evet-u12-es-csapatunk\/\"},\"author\":{\"name\":\"admin\",\"@id\":\"https:\/\/cigandse.hu\/#\/schema\/person\/98ccf0ab8d41a299cc83f8d4bc3ad158\"},\"headline\":\"Nemzetk\u00f6zi minitorn\u00e1val z\u00e1rta az \u00e9vet U12-es csapatunk\",\"datePublished\":\"2023-12-18T21:38:20+00:00\",\"dateModified\":\"2023-12-18T21:43:35+00:00\",\"mainEntityOfPage\":{\"@id\":\"https:\/\/cigandse.hu\/index.php\/2023\/12\/18\/nemzetkozi-minitornaval-zarta-az-evet-u12-es-csapatunk\/\"},\"wordCount\":359,\"commentCount\":0,\"publisher\":{\"@id\":\"https:\/\/cigandse.hu\/#organization\"},\"image\":{\"@id\":\"https:\/\/cigandse.hu\/index.php\/2023\/12\/18\/nemzetkozi-minitornaval-zarta-az-evet-u12-es-csapatunk\/#primaryimage\"},\"thumbnailUrl\":\"https:\/\/cigandse.hu\/wp-content\/uploads\/2023\/12\/u12varda.jpg\",\"articleSection\":[\"H\u00edrek\"],\"inLanguage\":\"hu\",\"potentialAction\":[{\"@type\":\"CommentAction\",\"name\":\"Comment\",\"target\":[\"https:\/\/cigandse.hu\/index.php\/2023\/12\/18\/nemzetkozi-minitornaval-zarta-az-evet-u12-es-csapatunk\/#respond\"]}]},{\"@type\":\"WebPage\",\"@id\":\"https:\/\/cigandse.hu\/index.php\/2023\/12\/18\/nemzetkozi-minitornaval-zarta-az-evet-u12-es-csapatunk\/\",\"url\":\"https:\/\/cigandse.hu\/index.php\/2023\/12\/18\/nemzetkozi-minitornaval-zarta-az-evet-u12-es-csapatunk\/\",\"name\":\"Nemzetk\u00f6zi minitorn\u00e1val z\u00e1rta az \u00e9vet U12-es csapatunk - Cig\u00e1nd Sportegyes\u00fclet hivatalos oldala\",\"isPartOf\":{\"@id\":\"https:\/\/cigandse.hu\/#website\"},\"primaryImageOfPage\":{\"@id\":\"https:\/\/cigandse.hu\/index.php\/2023\/12\/18\/nemzetkozi-minitornaval-zarta-az-evet-u12-es-csapatunk\/#primaryimage\"},\"image\":{\"@id\":\"https:\/\/cigandse.hu\/index.php\/2023\/12\/18\/nemzetkozi-minitornaval-zarta-az-evet-u12-es-csapatunk\/#primaryimage\"},\"thumbnailUrl\":\"https:\/\/cigandse.hu\/wp-content\/uploads\/2023\/12\/u12varda.jpg\",\"datePublished\":\"2023-12-18T21:38:20+00:00\",\"dateModified\":\"2023-12-18T21:43:35+00:00\",\"breadcrumb\":{\"@id\":\"https:\/\/cigandse.hu\/index.php\/2023\/12\/18\/nemzetkozi-minitornaval-zarta-az-evet-u12-es-csapatunk\/#breadcrumb\"},\"inLanguage\":\"hu\",\"potentialAction\":[{\"@type\":\"ReadAction\",\"target\":[\"https:\/\/cigandse.hu\/index.php\/2023\/12\/18\/nemzetkozi-minitornaval-zarta-az-evet-u12-es-csapatunk\/\"]}]},{\"@type\":\"ImageObject\",\"inLanguage\":\"hu\",\"@id\":\"https:\/\/cigandse.hu\/index.php\/2023\/12\/18\/nemzetkozi-minitornaval-zarta-az-evet-u12-es-csapatunk\/#primaryimage\",\"url\":\"https:\/\/cigandse.hu\/wp-content\/uploads\/2023\/12\/u12varda.jpg\",\"contentUrl\":\"https:\/\/cigandse.hu\/wp-content\/uploads\/2023\/12\/u12varda.jpg\",\"width\":2020,\"height\":1212},{\"@type\":\"BreadcrumbList\",\"@id\":\"https:\/\/cigandse.hu\/index.php\/2023\/12\/18\/nemzetkozi-minitornaval-zarta-az-evet-u12-es-csapatunk\/#breadcrumb\",\"itemListElement\":[{\"@type\":\"ListItem\",\"position\":1,\"name\":\"Kezd\u0151lap\",\"item\":\"https:\/\/cigandse.hu\/\"},{\"@type\":\"ListItem\",\"position\":2,\"name\":\"Nemzetk\u00f6zi minitorn\u00e1val z\u00e1rta az \u00e9vet U12-es csapatunk\"}]},{\"@type\":\"WebSite\",\"@id\":\"https:\/\/cigandse.hu\/#website\",\"url\":\"https:\/\/cigandse.hu\/\",\"name\":\"Cig\u00e1nd Sportegyes\u00fclet hivatalos oldala\",\"description\":\"Cig\u00e1nd Sportegyes\u00fclet hivatalos oldala\",\"publisher\":{\"@id\":\"https:\/\/cigandse.hu\/#organization\"},\"potentialAction\":[{\"@type\":\"SearchAction\",\"target\":{\"@type\":\"EntryPoint\",\"urlTemplate\":\"https:\/\/cigandse.hu\/?s={search_term_string}\"},\"query-input\":{\"@type\":\"PropertyValueSpecification\",\"valueRequired\":true,\"valueName\":\"search_term_string\"}}],\"inLanguage\":\"hu\"},{\"@type\":\"Organization\",\"@id\":\"https:\/\/cigandse.hu\/#organization\",\"name\":\"Cig\u00e1nd Sportegyes\u00fclet\",\"url\":\"https:\/\/cigandse.hu\/\",\"logo\":{\"@type\":\"ImageObject\",\"inLanguage\":\"hu\",\"@id\":\"https:\/\/cigandse.hu\/#\/schema\/logo\/image\/\",\"url\":\"https:\/\/cigandse.hu\/wp-content\/uploads\/2022\/04\/Cigand-SE-cimer-1.jpg\",\"contentUrl\":\"https:\/\/cigandse.hu\/wp-content\/uploads\/2022\/04\/Cigand-SE-cimer-1.jpg\",\"width\":1932,\"height\":2088,\"caption\":\"Cig\u00e1nd Sportegyes\u00fclet\"},\"image\":{\"@id\":\"https:\/\/cigandse.hu\/#\/schema\/logo\/image\/\"},\"sameAs\":[\"https:\/\/www.facebook.com\/CigandSportegyesulet\",\"https:\/\/www.youtube.com\/channel\/UC0prdKj31NqRteZ5J4bGUZw\",\"https:\/\/hu.wikipedia.org\/wiki\/Cig\u00e1nd_SE\"]},{\"@type\":\"Person\",\"@id\":\"https:\/\/cigandse.hu\/#\/schema\/person\/98ccf0ab8d41a299cc83f8d4bc3ad158\",\"name\":\"admin\",\"image\":{\"@type\":\"ImageObject\",\"inLanguage\":\"hu\",\"@id\":\"https:\/\/cigandse.hu\/#\/schema\/person\/image\/\",\"url\":\"https:\/\/secure.gravatar.com\/avatar\/807752e5a26584bf309283b840694667743fc07b907e4db41f77a58fb4b98337?s=96&d=mm&r=g\",\"contentUrl\":\"https:\/\/secure.gravatar.com\/avatar\/807752e5a26584bf309283b840694667743fc07b907e4db41f77a58fb4b98337?s=96&d=mm&r=g\",\"caption\":\"admin\"},\"sameAs\":[\"https:\/\/cigandse.hu\"],\"url\":\"https:\/\/cigandse.hu\/index.php\/author\/terjeksandor\/\"}]}<\/script>\n<!-- \/ Yoast SEO plugin. -->","yoast_head_json":{"title":"Nemzetk\u00f6zi minitorn\u00e1val z\u00e1rta az \u00e9vet U12-es csapatunk - Cig\u00e1nd Sportegyes\u00fclet hivatalos oldala","robots":{"index":"index","follow":"follow","max-snippet":"max-snippet:-1","max-image-preview":"max-image-preview:large","max-video-preview":"max-video-preview:-1"},"canonical":"https:\/\/cigandse.hu\/index.php\/2023\/12\/18\/nemzetkozi-minitornaval-zarta-az-evet-u12-es-csapatunk\/","og_locale":"hu_HU","og_type":"article","og_title":"Nemzetk\u00f6zi minitorn\u00e1val z\u00e1rta az \u00e9vet U12-es csapatunk - Cig\u00e1nd Sportegyes\u00fclet hivatalos oldala","og_description":"A V\u00e1rda Labdar\u00fag\u00f3 Akad\u00e9mia megh\u00edv\u00e1s\u00e1nak eleget t\u00e9ve nemzetk\u00f6zi minitorn\u00e1n vett r\u00e9szt U12-es csapatunk Kisv\u00e1rd\u00e1n, a V\u00e1rkerti fedett m\u0171f\u00fcves csarnokban. Az [&hellip;]","og_url":"https:\/\/cigandse.hu\/index.php\/2023\/12\/18\/nemzetkozi-minitornaval-zarta-az-evet-u12-es-csapatunk\/","og_site_name":"Cig\u00e1nd Sportegyes\u00fclet hivatalos oldala","article_publisher":"https:\/\/www.facebook.com\/CigandSportegyesulet","article_published_time":"2023-12-18T21:38:20+00:00","article_modified_time":"2023-12-18T21:43:35+00:00","og_image":[{"width":2020,"height":1212,"url":"https:\/\/cigandse.hu\/wp-content\/uploads\/2023\/12\/u12varda.jpg","type":"image\/jpeg"}],"author":"admin","twitter_card":"summary_large_image","twitter_misc":{"Szerz\u0151:":"admin","Becs\u00fclt olvas\u00e1si id\u0151":"2 perc"},"schema":{"@context":"https:\/\/schema.org","@graph":[{"@type":"Article","@id":"https:\/\/cigandse.hu\/index.php\/2023\/12\/18\/nemzetkozi-minitornaval-zarta-az-evet-u12-es-csapatunk\/#article","isPartOf":{"@id":"https:\/\/cigandse.hu\/index.php\/2023\/12\/18\/nemzetkozi-minitornaval-zarta-az-evet-u12-es-csapatunk\/"},"author":{"name":"admin","@id":"https:\/\/cigandse.hu\/#\/schema\/person\/98ccf0ab8d41a299cc83f8d4bc3ad158"},"headline":"Nemzetk\u00f6zi minitorn\u00e1val z\u00e1rta az \u00e9vet U12-es csapatunk","datePublished":"2023-12-18T21:38:20+00:00","dateModified":"2023-12-18T21:43:35+00:00","mainEntityOfPage":{"@id":"https:\/\/cigandse.hu\/index.php\/2023\/12\/18\/nemzetkozi-minitornaval-zarta-az-evet-u12-es-csapatunk\/"},"wordCount":359,"commentCount":0,"publisher":{"@id":"https:\/\/cigandse.hu\/#organization"},"image":{"@id":"https:\/\/cigandse.hu\/index.php\/2023\/12\/18\/nemzetkozi-minitornaval-zarta-az-evet-u12-es-csapatunk\/#primaryimage"},"thumbnailUrl":"https:\/\/cigandse.hu\/wp-content\/uploads\/2023\/12\/u12varda.jpg","articleSection":["H\u00edrek"],"inLanguage":"hu","potentialAction":[{"@type":"CommentAction","name":"Comment","target":["https:\/\/cigandse.hu\/index.php\/2023\/12\/18\/nemzetkozi-minitornaval-zarta-az-evet-u12-es-csapatunk\/#respond"]}]},{"@type":"WebPage","@id":"https:\/\/cigandse.hu\/index.php\/2023\/12\/18\/nemzetkozi-minitornaval-zarta-az-evet-u12-es-csapatunk\/","url":"https:\/\/cigandse.hu\/index.php\/2023\/12\/18\/nemzetkozi-minitornaval-zarta-az-evet-u12-es-csapatunk\/","name":"Nemzetk\u00f6zi minitorn\u00e1val z\u00e1rta az \u00e9vet U12-es csapatunk - Cig\u00e1nd Sportegyes\u00fclet hivatalos oldala","isPartOf":{"@id":"https:\/\/cigandse.hu\/#website"},"primaryImageOfPage":{"@id":"https:\/\/cigandse.hu\/index.php\/2023\/12\/18\/nemzetkozi-minitornaval-zarta-az-evet-u12-es-csapatunk\/#primaryimage"},"image":{"@id":"https:\/\/cigandse.hu\/index.php\/2023\/12\/18\/nemzetkozi-minitornaval-zarta-az-evet-u12-es-csapatunk\/#primaryimage"},"thumbnailUrl":"https:\/\/cigandse.hu\/wp-content\/uploads\/2023\/12\/u12varda.jpg","datePublished":"2023-12-18T21:38:20+00:00","dateModified":"2023-12-18T21:43:35+00:00","breadcrumb":{"@id":"https:\/\/cigandse.hu\/index.php\/2023\/12\/18\/nemzetkozi-minitornaval-zarta-az-evet-u12-es-csapatunk\/#breadcrumb"},"inLanguage":"hu","potentialAction":[{"@type":"ReadAction","target":["https:\/\/cigandse.hu\/index.php\/2023\/12\/18\/nemzetkozi-minitornaval-zarta-az-evet-u12-es-csapatunk\/"]}]},{"@type":"ImageObject","inLanguage":"hu","@id":"https:\/\/cigandse.hu\/index.php\/2023\/12\/18\/nemzetkozi-minitornaval-zarta-az-evet-u12-es-csapatunk\/#primaryimage","url":"https:\/\/cigandse.hu\/wp-content\/uploads\/2023\/12\/u12varda.jpg","contentUrl":"https:\/\/cigandse.hu\/wp-content\/uploads\/2023\/12\/u12varda.jpg","width":2020,"height":1212},{"@type":"BreadcrumbList","@id":"https:\/\/cigandse.hu\/index.php\/2023\/12\/18\/nemzetkozi-minitornaval-zarta-az-evet-u12-es-csapatunk\/#breadcrumb","itemListElement":[{"@type":"ListItem","position":1,"name":"Kezd\u0151lap","item":"https:\/\/cigandse.hu\/"},{"@type":"ListItem","position":2,"name":"Nemzetk\u00f6zi minitorn\u00e1val z\u00e1rta az \u00e9vet U12-es csapatunk"}]},{"@type":"WebSite","@id":"https:\/\/cigandse.hu\/#website","url":"https:\/\/cigandse.hu\/","name":"Cig\u00e1nd Sportegyes\u00fclet hivatalos oldala","description":"Cig\u00e1nd Sportegyes\u00fclet hivatalos oldala","publisher":{"@id":"https:\/\/cigandse.hu\/#organization"},"potentialAction":[{"@type":"SearchAction","target":{"@type":"EntryPoint","urlTemplate":"https:\/\/cigandse.hu\/?s={search_term_string}"},"query-input":{"@type":"PropertyValueSpecification","valueRequired":true,"valueName":"search_term_string"}}],"inLanguage":"hu"},{"@type":"Organization","@id":"https:\/\/cigandse.hu\/#organization","name":"Cig\u00e1nd Sportegyes\u00fclet","url":"https:\/\/cigandse.hu\/","logo":{"@type":"ImageObject","inLanguage":"hu","@id":"https:\/\/cigandse.hu\/#\/schema\/logo\/image\/","url":"https:\/\/cigandse.hu\/wp-content\/uploads\/2022\/04\/Cigand-SE-cimer-1.jpg","contentUrl":"https:\/\/cigandse.hu\/wp-content\/uploads\/2022\/04\/Cigand-SE-cimer-1.jpg","width":1932,"height":2088,"caption":"Cig\u00e1nd Sportegyes\u00fclet"},"image":{"@id":"https:\/\/cigandse.hu\/#\/schema\/logo\/image\/"},"sameAs":["https:\/\/www.facebook.com\/CigandSportegyesulet","https:\/\/www.youtube.com\/channel\/UC0prdKj31NqRteZ5J4bGUZw","https:\/\/hu.wikipedia.org\/wiki\/Cig\u00e1nd_SE"]},{"@type":"Person","@id":"https:\/\/cigandse.hu\/#\/schema\/person\/98ccf0ab8d41a299cc83f8d4bc3ad158","name":"admin","image":{"@type":"ImageObject","inLanguage":"hu","@id":"https:\/\/cigandse.hu\/#\/schema\/person\/image\/","url":"https:\/\/secure.gravatar.com\/avatar\/807752e5a26584bf309283b840694667743fc07b907e4db41f77a58fb4b98337?s=96&d=mm&r=g","contentUrl":"https:\/\/secure.gravatar.com\/avatar\/807752e5a26584bf309283b840694667743fc07b907e4db41f77a58fb4b98337?s=96&d=mm&r=g","caption":"admin"},"sameAs":["https:\/\/cigandse.hu"],"url":"https:\/\/cigandse.hu\/index.php\/author\/terjeksandor\/"}]}},"uagb_featured_image_src":{"full":["https:\/\/cigandse.hu\/wp-content\/uploads\/2023\/12\/u12varda.jpg",2020,1212,false],"thumbnail":["https:\/\/cigandse.hu\/wp-content\/uploads\/2023\/12\/u12varda-150x150.jpg",150,150,true],"medium":["https:\/\/cigandse.hu\/wp-content\/uploads\/2023\/12\/u12varda-300x180.jpg",300,180,true],"medium_large":["https:\/\/cigandse.hu\/wp-content\/uploads\/2023\/12\/u12varda-768x461.jpg",680,408,true],"large":["https:\/\/cigandse.hu\/wp-content\/uploads\/2023\/12\/u12varda-1024x614.jpg",680,408,true],"1536x1536":["https:\/\/cigandse.hu\/wp-content\/uploads\/2023\/12\/u12varda-1536x922.jpg",1536,922,true],"2048x2048":["https:\/\/cigandse.hu\/wp-content\/uploads\/2023\/12\/u12varda.jpg",2020,1212,false],"sportspress-crop-medium":["https:\/\/cigandse.hu\/wp-content\/uploads\/2023\/12\/u12varda-300x300.jpg",300,300,true],"sportspress-fit-medium":["https:\/\/cigandse.hu\/wp-content\/uploads\/2023\/12\/u12varda-300x180.jpg",300,180,true],"sportspress-fit-icon":["https:\/\/cigandse.hu\/wp-content\/uploads\/2023\/12\/u12varda-128x77.jpg",128,77,true],"sportspress-fit-mini":["https:\/\/cigandse.hu\/wp-content\/uploads\/2023\/12\/u12varda-32x19.jpg",32,19,true]},"uagb_author_info":{"display_name":"admin","author_link":"https:\/\/cigandse.hu\/index.php\/author\/terjeksandor\/"},"uagb_comment_info":0,"uagb_excerpt":"A V\u00e1rda Labdar\u00fag\u00f3 Akad\u00e9mia megh\u00edv\u00e1s\u00e1nak eleget t\u00e9ve nemzetk\u00f6zi minitorn\u00e1n vett r\u00e9szt U12-es csapatunk Kisv\u00e1rd\u00e1n, a V\u00e1rkerti fedett m\u0171f\u00fcves csarnokban. Az [&hellip;]","_links":{"self":[{"href":"https:\/\/cigandse.hu\/index.php\/wp-json\/wp\/v2\/posts\/3316","targetHints":{"allow":["GET"]}}],"collection":[{"href":"https:\/\/cigandse.hu\/index.php\/wp-json\/wp\/v2\/posts"}],"about":[{"href":"https:\/\/cigandse.hu\/index.php\/wp-json\/wp\/v2\/types\/post"}],"author":[{"embeddable":true,"href":"https:\/\/cigandse.hu\/index.php\/wp-json\/wp\/v2\/users\/1"}],"replies":[{"embeddable":true,"href":"https:\/\/cigandse.hu\/index.php\/wp-json\/wp\/v2\/comments?post=3316"}],"version-history":[{"count":2,"href":"https:\/\/cigandse.hu\/index.php\/wp-json\/wp\/v2\/posts\/3316\/revisions"}],"predecessor-version":[{"id":3319,"href":"https:\/\/cigandse.hu\/index.php\/wp-json\/wp\/v2\/posts\/3316\/revisions\/3319"}],"wp:featuredmedia":[{"embeddable":true,"href":"https:\/\/cigandse.hu\/index.php\/wp-json\/wp\/v2\/media\/3317"}],"wp:attachment":[{"href":"https:\/\/cigandse.hu\/index.php\/wp-json\/wp\/v2\/media?parent=3316"}],"wp:term":[{"taxonomy":"category","embeddable":true,"href":"https:\/\/cigandse.hu\/index.php\/wp-json\/wp\/v2\/categories?post=3316"},{"taxonomy":"post_tag","embeddable":true,"href":"https:\/\/cigandse.hu\/index.php\/wp-json\/wp\/v2\/tags?post=3316"}],"curies":[{"name":"wp","href":"https:\/\/api.w.org\/{rel}","templated":true}]}}