{"id":3330,"date":"2023-12-20T12:09:07","date_gmt":"2023-12-20T11:09:07","guid":{"rendered":"https:\/\/cigandse.hu\/?p=3330"},"modified":"2023-12-20T12:11:17","modified_gmt":"2023-12-20T11:11:17","slug":"ket-korosztalyunk-is-nyiradonyban-teremfocizott","status":"publish","type":"post","link":"https:\/\/cigandse.hu\/index.php\/2023\/12\/20\/ket-korosztalyunk-is-nyiradonyban-teremfocizott\/","title":{"rendered":"K\u00e9t koroszt\u00e1lyunk is Ny\u00edradonyban teremfocizott"},"content":{"rendered":"<p><a href=\"https:\/\/cigandse.hu\/wp-content\/uploads\/2023\/12\/nyad-scaled.jpg\"><img loading=\"lazy\" decoding=\"async\" class=\"alignnone size-full wp-image-3331\" src=\"https:\/\/cigandse.hu\/wp-content\/uploads\/2023\/12\/nyad-scaled.jpg\" alt=\"\" width=\"2560\" height=\"1634\" srcset=\"https:\/\/cigandse.hu\/wp-content\/uploads\/2023\/12\/nyad-scaled.jpg 2560w, https:\/\/cigandse.hu\/wp-content\/uploads\/2023\/12\/nyad-300x192.jpg 300w, https:\/\/cigandse.hu\/wp-content\/uploads\/2023\/12\/nyad-1024x654.jpg 1024w, https:\/\/cigandse.hu\/wp-content\/uploads\/2023\/12\/nyad-768x490.jpg 768w, https:\/\/cigandse.hu\/wp-content\/uploads\/2023\/12\/nyad-1536x981.jpg 1536w, https:\/\/cigandse.hu\/wp-content\/uploads\/2023\/12\/nyad-2048x1308.jpg 2048w, https:\/\/cigandse.hu\/wp-content\/uploads\/2023\/12\/nyad-128x82.jpg 128w, https:\/\/cigandse.hu\/wp-content\/uploads\/2023\/12\/nyad-32x20.jpg 32w\" sizes=\"auto, (max-width: 2560px) 100vw, 2560px\" \/><\/a><\/p>\n<h3>U11-es \u00e9s U9-es koroszt\u00e1lyunk region\u00e1lis KK teremtorn\u00e1n szerepelt Ny\u00edradonyban.<\/h3>\n<p><strong>A k\u00e9t koroszt\u00e1lyt Cs\u00e1ki Tam\u00e1s szakmai vezet\u0151 k\u00eds\u00e9rte el.<\/strong><\/p>\n<p><strong>Cs\u00e1ki Tam\u00e1s \u00e9rt\u00e9kel\u00e9se U11-es csapatunk szerepl\u00e9s\u00e9r\u0151l:<\/strong> \u2013\u00a0Nagy iramban kezdt\u00fck az els\u0151 k\u00e9t m\u00e9rk\u0151z\u00e9s\u00fcnket, ahol tudtunk nyom\u00e1st gyakorolni az ellenfelekre \u00e9s a let\u00e1mad\u00e1saink rengeteg labdaszerz\u00e9ssel \u00e9s g\u00f3llal p\u00e1rosult. A visszat\u00e1mad\u00e1sok m\u0171k\u00f6dtek, viszont a biztos\u00edt\u00e1sok hi\u00e1nya miatt az ellenf\u00e9l kontrat\u00e1mad\u00e1sb\u00f3l t\u00f6bbsz\u00f6r tudott vesz\u00e9lyeztetni. Felt\u0171n\u0151 volt a torna sor\u00e1n a gyeng\u00e9bb l\u00e1b magasabb min\u0151s\u00e9gben \u00e9s mennyis\u00e9gben t\u00f6rt\u00e9n\u0151 haszn\u00e1lata, amely gyors\u00edtani tudott a j\u00e1t\u00e9kunkon \u00e9s n\u00f6velte a m\u00e9rk\u0151z\u00e9seink temp\u00f3j\u00e1t. K\u00fcl\u00f6n ki kell emelnem az \u00f6nbizalommal teli j\u00e1t\u00e9kot \u00e9s a szabad- \u00e9s gyors d\u00f6nt\u00e9sek megjelen\u00e9s\u00e9t, amely rendk\u00edv\u00fcl pozit\u00edv volt a csapat eg\u00e9sz\u00e9re n\u00e9zve. \u00dcgyesek voltak a fi\u00fak!<\/p>\n<p><strong>\u00c9rt\u00e9kel\u00e9s az U9-es koroszt\u00e1lyr\u00f3l:<\/strong> \u2013 Az els\u0151 t\u00e9li teremtorn\u00e1n a szabadt\u00e9ri torn\u00e1khoz k\u00e9pest kicsit sz\u00e9tsz\u00f3rt volt a csapat. A torn\u00e1t k\u00e9t r\u00e9szre tudom bontani: az els\u0151 k\u00e9t m\u00e9rk\u0151z\u00e9sen dekoncentr\u00e1lts\u00e1g \u00e9s meglep\u0151d\u00f6tts\u00e9g jellemezte a gyerekeket, viszont a harmadik \u00e9s negyedik tal\u00e1lkoz\u00f3n m\u00e1r \u00f6sszeszedetten j\u00e1tszottak, a koroszt\u00e1lynak megfelel\u0151 technikai-taktikai megold\u00e1sokat j\u00f3l alkalmazt\u00e1k a k\u00fcl\u00f6nb\u00f6z\u0151 j\u00e1t\u00e9khelyzetekben. A teremtorn\u00e1k sor\u00e1n az egy\u00e9ni k\u00e9pess\u00e9gek, a gyors d\u00f6nt\u00e9sek \u00e9s a kreativit\u00e1s fokozottan el\u0151t\u00e9rbe ker\u00fclnek, amelyek m\u00e9g ink\u00e1bb a gyerekek fejl\u0151d\u00e9s\u00e9t szolg\u00e1lj\u00e1k. K\u00fcl\u00f6n \u00f6r\u00f6m sz\u00e1momra, hogy a t\u00e9li id\u0151szakban ilyen kis koroszt\u00e1lyban is k\u00f6rzetk\u00f6zponti csapatok ellen tudunk j\u00f3 iram\u00fa m\u00e9rk\u0151z\u00e9seket j\u00e1tszani. K\u00f6sz\u00f6nj\u00fck a Z\u00e1honyi VSC k\u00e9t k\u00f6lcs\u00f6nadott j\u00e1t\u00e9kos\u00e1t, akik nagyon j\u00f3 teljes\u00edtm\u00e9nyt ny\u00fajtottak a torna alkalm\u00e1val!<\/p>\n<p><a href=\"https:\/\/cigandse.hu\/wp-content\/uploads\/2023\/12\/Screenshot_20231210-133636_Messenger.jpg\"><img loading=\"lazy\" decoding=\"async\" class=\"alignnone size-full wp-image-3333\" src=\"https:\/\/cigandse.hu\/wp-content\/uploads\/2023\/12\/Screenshot_20231210-133636_Messenger.jpg\" alt=\"\" width=\"1080\" height=\"814\" srcset=\"https:\/\/cigandse.hu\/wp-content\/uploads\/2023\/12\/Screenshot_20231210-133636_Messenger.jpg 1080w, https:\/\/cigandse.hu\/wp-content\/uploads\/2023\/12\/Screenshot_20231210-133636_Messenger-300x226.jpg 300w, https:\/\/cigandse.hu\/wp-content\/uploads\/2023\/12\/Screenshot_20231210-133636_Messenger-1024x772.jpg 1024w, https:\/\/cigandse.hu\/wp-content\/uploads\/2023\/12\/Screenshot_20231210-133636_Messenger-768x579.jpg 768w, https:\/\/cigandse.hu\/wp-content\/uploads\/2023\/12\/Screenshot_20231210-133636_Messenger-128x96.jpg 128w, https:\/\/cigandse.hu\/wp-content\/uploads\/2023\/12\/Screenshot_20231210-133636_Messenger-32x24.jpg 32w\" sizes=\"auto, (max-width: 1080px) 100vw, 1080px\" \/><\/a><\/p>\n","protected":false},"excerpt":{"rendered":"<p>U11-es \u00e9s U9-es koroszt\u00e1lyunk region\u00e1lis KK teremtorn\u00e1n szerepelt Ny\u00edradonyban. A k\u00e9t koroszt\u00e1lyt Cs\u00e1ki Tam\u00e1s szakmai vezet\u0151 k\u00eds\u00e9rte el. Cs\u00e1ki Tam\u00e1s [&hellip;]<\/p>\n","protected":false},"author":1,"featured_media":3331,"comment_status":"open","ping_status":"open","sticky":false,"template":"","format":"standard","meta":{"_uag_custom_page_level_css":"","footnotes":""},"categories":[3],"tags":[],"class_list":["post-3330","post","type-post","status-publish","format-standard","has-post-thumbnail","hentry","category-hirek"],"yoast_head":"<!-- This site is optimized with the Yoast SEO plugin v25.5 - https:\/\/yoast.com\/wordpress\/plugins\/seo\/ -->\n<title>K\u00e9t koroszt\u00e1lyunk is Ny\u00edradonyban teremfocizott - Cig\u00e1nd Sportegyes\u00fclet hivatalos oldala<\/title>\n<meta name=\"robots\" content=\"index, follow, max-snippet:-1, max-image-preview:large, max-video-preview:-1\" \/>\n<link rel=\"canonical\" href=\"https:\/\/cigandse.hu\/index.php\/2023\/12\/20\/ket-korosztalyunk-is-nyiradonyban-teremfocizott\/\" \/>\n<meta property=\"og:locale\" content=\"hu_HU\" \/>\n<meta property=\"og:type\" content=\"article\" \/>\n<meta property=\"og:title\" content=\"K\u00e9t koroszt\u00e1lyunk is Ny\u00edradonyban teremfocizott - Cig\u00e1nd Sportegyes\u00fclet hivatalos oldala\" \/>\n<meta property=\"og:description\" content=\"U11-es \u00e9s U9-es koroszt\u00e1lyunk region\u00e1lis KK teremtorn\u00e1n szerepelt Ny\u00edradonyban. A k\u00e9t koroszt\u00e1lyt Cs\u00e1ki Tam\u00e1s szakmai vezet\u0151 k\u00eds\u00e9rte el. Cs\u00e1ki Tam\u00e1s [&hellip;]\" \/>\n<meta property=\"og:url\" content=\"https:\/\/cigandse.hu\/index.php\/2023\/12\/20\/ket-korosztalyunk-is-nyiradonyban-teremfocizott\/\" \/>\n<meta property=\"og:site_name\" content=\"Cig\u00e1nd Sportegyes\u00fclet hivatalos oldala\" \/>\n<meta property=\"article:publisher\" content=\"https:\/\/www.facebook.com\/CigandSportegyesulet\" \/>\n<meta property=\"article:published_time\" content=\"2023-12-20T11:09:07+00:00\" \/>\n<meta property=\"article:modified_time\" content=\"2023-12-20T11:11:17+00:00\" \/>\n<meta property=\"og:image\" content=\"https:\/\/cigandse.hu\/wp-content\/uploads\/2023\/12\/nyad-scaled.jpg\" \/>\n\t<meta property=\"og:image:width\" content=\"2560\" \/>\n\t<meta property=\"og:image:height\" content=\"1634\" \/>\n\t<meta property=\"og:image:type\" content=\"image\/jpeg\" \/>\n<meta name=\"author\" content=\"admin\" \/>\n<meta name=\"twitter:card\" content=\"summary_large_image\" \/>\n<meta name=\"twitter:label1\" content=\"Szerz\u0151:\" \/>\n\t<meta name=\"twitter:data1\" content=\"admin\" \/>\n\t<meta name=\"twitter:label2\" content=\"Becs\u00fclt olvas\u00e1si id\u0151\" \/>\n\t<meta name=\"twitter:data2\" content=\"2 perc\" \/>\n<script type=\"application\/ld+json\" class=\"yoast-schema-graph\">{\"@context\":\"https:\/\/schema.org\",\"@graph\":[{\"@type\":\"Article\",\"@id\":\"https:\/\/cigandse.hu\/index.php\/2023\/12\/20\/ket-korosztalyunk-is-nyiradonyban-teremfocizott\/#article\",\"isPartOf\":{\"@id\":\"https:\/\/cigandse.hu\/index.php\/2023\/12\/20\/ket-korosztalyunk-is-nyiradonyban-teremfocizott\/\"},\"author\":{\"name\":\"admin\",\"@id\":\"https:\/\/cigandse.hu\/#\/schema\/person\/98ccf0ab8d41a299cc83f8d4bc3ad158\"},\"headline\":\"K\u00e9t koroszt\u00e1lyunk is Ny\u00edradonyban teremfocizott\",\"datePublished\":\"2023-12-20T11:09:07+00:00\",\"dateModified\":\"2023-12-20T11:11:17+00:00\",\"mainEntityOfPage\":{\"@id\":\"https:\/\/cigandse.hu\/index.php\/2023\/12\/20\/ket-korosztalyunk-is-nyiradonyban-teremfocizott\/\"},\"wordCount\":388,\"commentCount\":0,\"publisher\":{\"@id\":\"https:\/\/cigandse.hu\/#organization\"},\"image\":{\"@id\":\"https:\/\/cigandse.hu\/index.php\/2023\/12\/20\/ket-korosztalyunk-is-nyiradonyban-teremfocizott\/#primaryimage\"},\"thumbnailUrl\":\"https:\/\/cigandse.hu\/wp-content\/uploads\/2023\/12\/nyad-scaled.jpg\",\"articleSection\":[\"H\u00edrek\"],\"inLanguage\":\"hu\",\"potentialAction\":[{\"@type\":\"CommentAction\",\"name\":\"Comment\",\"target\":[\"https:\/\/cigandse.hu\/index.php\/2023\/12\/20\/ket-korosztalyunk-is-nyiradonyban-teremfocizott\/#respond\"]}]},{\"@type\":\"WebPage\",\"@id\":\"https:\/\/cigandse.hu\/index.php\/2023\/12\/20\/ket-korosztalyunk-is-nyiradonyban-teremfocizott\/\",\"url\":\"https:\/\/cigandse.hu\/index.php\/2023\/12\/20\/ket-korosztalyunk-is-nyiradonyban-teremfocizott\/\",\"name\":\"K\u00e9t koroszt\u00e1lyunk is Ny\u00edradonyban teremfocizott - Cig\u00e1nd Sportegyes\u00fclet hivatalos oldala\",\"isPartOf\":{\"@id\":\"https:\/\/cigandse.hu\/#website\"},\"primaryImageOfPage\":{\"@id\":\"https:\/\/cigandse.hu\/index.php\/2023\/12\/20\/ket-korosztalyunk-is-nyiradonyban-teremfocizott\/#primaryimage\"},\"image\":{\"@id\":\"https:\/\/cigandse.hu\/index.php\/2023\/12\/20\/ket-korosztalyunk-is-nyiradonyban-teremfocizott\/#primaryimage\"},\"thumbnailUrl\":\"https:\/\/cigandse.hu\/wp-content\/uploads\/2023\/12\/nyad-scaled.jpg\",\"datePublished\":\"2023-12-20T11:09:07+00:00\",\"dateModified\":\"2023-12-20T11:11:17+00:00\",\"breadcrumb\":{\"@id\":\"https:\/\/cigandse.hu\/index.php\/2023\/12\/20\/ket-korosztalyunk-is-nyiradonyban-teremfocizott\/#breadcrumb\"},\"inLanguage\":\"hu\",\"potentialAction\":[{\"@type\":\"ReadAction\",\"target\":[\"https:\/\/cigandse.hu\/index.php\/2023\/12\/20\/ket-korosztalyunk-is-nyiradonyban-teremfocizott\/\"]}]},{\"@type\":\"ImageObject\",\"inLanguage\":\"hu\",\"@id\":\"https:\/\/cigandse.hu\/index.php\/2023\/12\/20\/ket-korosztalyunk-is-nyiradonyban-teremfocizott\/#primaryimage\",\"url\":\"https:\/\/cigandse.hu\/wp-content\/uploads\/2023\/12\/nyad-scaled.jpg\",\"contentUrl\":\"https:\/\/cigandse.hu\/wp-content\/uploads\/2023\/12\/nyad-scaled.jpg\",\"width\":2560,\"height\":1634},{\"@type\":\"BreadcrumbList\",\"@id\":\"https:\/\/cigandse.hu\/index.php\/2023\/12\/20\/ket-korosztalyunk-is-nyiradonyban-teremfocizott\/#breadcrumb\",\"itemListElement\":[{\"@type\":\"ListItem\",\"position\":1,\"name\":\"Kezd\u0151lap\",\"item\":\"https:\/\/cigandse.hu\/\"},{\"@type\":\"ListItem\",\"position\":2,\"name\":\"K\u00e9t koroszt\u00e1lyunk is Ny\u00edradonyban teremfocizott\"}]},{\"@type\":\"WebSite\",\"@id\":\"https:\/\/cigandse.hu\/#website\",\"url\":\"https:\/\/cigandse.hu\/\",\"name\":\"Cig\u00e1nd Sportegyes\u00fclet hivatalos oldala\",\"description\":\"Cig\u00e1nd Sportegyes\u00fclet hivatalos oldala\",\"publisher\":{\"@id\":\"https:\/\/cigandse.hu\/#organization\"},\"potentialAction\":[{\"@type\":\"SearchAction\",\"target\":{\"@type\":\"EntryPoint\",\"urlTemplate\":\"https:\/\/cigandse.hu\/?s={search_term_string}\"},\"query-input\":{\"@type\":\"PropertyValueSpecification\",\"valueRequired\":true,\"valueName\":\"search_term_string\"}}],\"inLanguage\":\"hu\"},{\"@type\":\"Organization\",\"@id\":\"https:\/\/cigandse.hu\/#organization\",\"name\":\"Cig\u00e1nd Sportegyes\u00fclet\",\"url\":\"https:\/\/cigandse.hu\/\",\"logo\":{\"@type\":\"ImageObject\",\"inLanguage\":\"hu\",\"@id\":\"https:\/\/cigandse.hu\/#\/schema\/logo\/image\/\",\"url\":\"https:\/\/cigandse.hu\/wp-content\/uploads\/2022\/04\/Cigand-SE-cimer-1.jpg\",\"contentUrl\":\"https:\/\/cigandse.hu\/wp-content\/uploads\/2022\/04\/Cigand-SE-cimer-1.jpg\",\"width\":1932,\"height\":2088,\"caption\":\"Cig\u00e1nd Sportegyes\u00fclet\"},\"image\":{\"@id\":\"https:\/\/cigandse.hu\/#\/schema\/logo\/image\/\"},\"sameAs\":[\"https:\/\/www.facebook.com\/CigandSportegyesulet\",\"https:\/\/www.youtube.com\/channel\/UC0prdKj31NqRteZ5J4bGUZw\",\"https:\/\/hu.wikipedia.org\/wiki\/Cig\u00e1nd_SE\"]},{\"@type\":\"Person\",\"@id\":\"https:\/\/cigandse.hu\/#\/schema\/person\/98ccf0ab8d41a299cc83f8d4bc3ad158\",\"name\":\"admin\",\"image\":{\"@type\":\"ImageObject\",\"inLanguage\":\"hu\",\"@id\":\"https:\/\/cigandse.hu\/#\/schema\/person\/image\/\",\"url\":\"https:\/\/secure.gravatar.com\/avatar\/807752e5a26584bf309283b840694667743fc07b907e4db41f77a58fb4b98337?s=96&d=mm&r=g\",\"contentUrl\":\"https:\/\/secure.gravatar.com\/avatar\/807752e5a26584bf309283b840694667743fc07b907e4db41f77a58fb4b98337?s=96&d=mm&r=g\",\"caption\":\"admin\"},\"sameAs\":[\"https:\/\/cigandse.hu\"],\"url\":\"https:\/\/cigandse.hu\/index.php\/author\/terjeksandor\/\"}]}<\/script>\n<!-- \/ Yoast SEO plugin. -->","yoast_head_json":{"title":"K\u00e9t koroszt\u00e1lyunk is Ny\u00edradonyban teremfocizott - Cig\u00e1nd Sportegyes\u00fclet hivatalos oldala","robots":{"index":"index","follow":"follow","max-snippet":"max-snippet:-1","max-image-preview":"max-image-preview:large","max-video-preview":"max-video-preview:-1"},"canonical":"https:\/\/cigandse.hu\/index.php\/2023\/12\/20\/ket-korosztalyunk-is-nyiradonyban-teremfocizott\/","og_locale":"hu_HU","og_type":"article","og_title":"K\u00e9t koroszt\u00e1lyunk is Ny\u00edradonyban teremfocizott - Cig\u00e1nd Sportegyes\u00fclet hivatalos oldala","og_description":"U11-es \u00e9s U9-es koroszt\u00e1lyunk region\u00e1lis KK teremtorn\u00e1n szerepelt Ny\u00edradonyban. A k\u00e9t koroszt\u00e1lyt Cs\u00e1ki Tam\u00e1s szakmai vezet\u0151 k\u00eds\u00e9rte el. Cs\u00e1ki Tam\u00e1s [&hellip;]","og_url":"https:\/\/cigandse.hu\/index.php\/2023\/12\/20\/ket-korosztalyunk-is-nyiradonyban-teremfocizott\/","og_site_name":"Cig\u00e1nd Sportegyes\u00fclet hivatalos oldala","article_publisher":"https:\/\/www.facebook.com\/CigandSportegyesulet","article_published_time":"2023-12-20T11:09:07+00:00","article_modified_time":"2023-12-20T11:11:17+00:00","og_image":[{"width":2560,"height":1634,"url":"https:\/\/cigandse.hu\/wp-content\/uploads\/2023\/12\/nyad-scaled.jpg","type":"image\/jpeg"}],"author":"admin","twitter_card":"summary_large_image","twitter_misc":{"Szerz\u0151:":"admin","Becs\u00fclt olvas\u00e1si id\u0151":"2 perc"},"schema":{"@context":"https:\/\/schema.org","@graph":[{"@type":"Article","@id":"https:\/\/cigandse.hu\/index.php\/2023\/12\/20\/ket-korosztalyunk-is-nyiradonyban-teremfocizott\/#article","isPartOf":{"@id":"https:\/\/cigandse.hu\/index.php\/2023\/12\/20\/ket-korosztalyunk-is-nyiradonyban-teremfocizott\/"},"author":{"name":"admin","@id":"https:\/\/cigandse.hu\/#\/schema\/person\/98ccf0ab8d41a299cc83f8d4bc3ad158"},"headline":"K\u00e9t koroszt\u00e1lyunk is Ny\u00edradonyban teremfocizott","datePublished":"2023-12-20T11:09:07+00:00","dateModified":"2023-12-20T11:11:17+00:00","mainEntityOfPage":{"@id":"https:\/\/cigandse.hu\/index.php\/2023\/12\/20\/ket-korosztalyunk-is-nyiradonyban-teremfocizott\/"},"wordCount":388,"commentCount":0,"publisher":{"@id":"https:\/\/cigandse.hu\/#organization"},"image":{"@id":"https:\/\/cigandse.hu\/index.php\/2023\/12\/20\/ket-korosztalyunk-is-nyiradonyban-teremfocizott\/#primaryimage"},"thumbnailUrl":"https:\/\/cigandse.hu\/wp-content\/uploads\/2023\/12\/nyad-scaled.jpg","articleSection":["H\u00edrek"],"inLanguage":"hu","potentialAction":[{"@type":"CommentAction","name":"Comment","target":["https:\/\/cigandse.hu\/index.php\/2023\/12\/20\/ket-korosztalyunk-is-nyiradonyban-teremfocizott\/#respond"]}]},{"@type":"WebPage","@id":"https:\/\/cigandse.hu\/index.php\/2023\/12\/20\/ket-korosztalyunk-is-nyiradonyban-teremfocizott\/","url":"https:\/\/cigandse.hu\/index.php\/2023\/12\/20\/ket-korosztalyunk-is-nyiradonyban-teremfocizott\/","name":"K\u00e9t koroszt\u00e1lyunk is Ny\u00edradonyban teremfocizott - Cig\u00e1nd Sportegyes\u00fclet hivatalos oldala","isPartOf":{"@id":"https:\/\/cigandse.hu\/#website"},"primaryImageOfPage":{"@id":"https:\/\/cigandse.hu\/index.php\/2023\/12\/20\/ket-korosztalyunk-is-nyiradonyban-teremfocizott\/#primaryimage"},"image":{"@id":"https:\/\/cigandse.hu\/index.php\/2023\/12\/20\/ket-korosztalyunk-is-nyiradonyban-teremfocizott\/#primaryimage"},"thumbnailUrl":"https:\/\/cigandse.hu\/wp-content\/uploads\/2023\/12\/nyad-scaled.jpg","datePublished":"2023-12-20T11:09:07+00:00","dateModified":"2023-12-20T11:11:17+00:00","breadcrumb":{"@id":"https:\/\/cigandse.hu\/index.php\/2023\/12\/20\/ket-korosztalyunk-is-nyiradonyban-teremfocizott\/#breadcrumb"},"inLanguage":"hu","potentialAction":[{"@type":"ReadAction","target":["https:\/\/cigandse.hu\/index.php\/2023\/12\/20\/ket-korosztalyunk-is-nyiradonyban-teremfocizott\/"]}]},{"@type":"ImageObject","inLanguage":"hu","@id":"https:\/\/cigandse.hu\/index.php\/2023\/12\/20\/ket-korosztalyunk-is-nyiradonyban-teremfocizott\/#primaryimage","url":"https:\/\/cigandse.hu\/wp-content\/uploads\/2023\/12\/nyad-scaled.jpg","contentUrl":"https:\/\/cigandse.hu\/wp-content\/uploads\/2023\/12\/nyad-scaled.jpg","width":2560,"height":1634},{"@type":"BreadcrumbList","@id":"https:\/\/cigandse.hu\/index.php\/2023\/12\/20\/ket-korosztalyunk-is-nyiradonyban-teremfocizott\/#breadcrumb","itemListElement":[{"@type":"ListItem","position":1,"name":"Kezd\u0151lap","item":"https:\/\/cigandse.hu\/"},{"@type":"ListItem","position":2,"name":"K\u00e9t koroszt\u00e1lyunk is Ny\u00edradonyban teremfocizott"}]},{"@type":"WebSite","@id":"https:\/\/cigandse.hu\/#website","url":"https:\/\/cigandse.hu\/","name":"Cig\u00e1nd Sportegyes\u00fclet hivatalos oldala","description":"Cig\u00e1nd Sportegyes\u00fclet hivatalos oldala","publisher":{"@id":"https:\/\/cigandse.hu\/#organization"},"potentialAction":[{"@type":"SearchAction","target":{"@type":"EntryPoint","urlTemplate":"https:\/\/cigandse.hu\/?s={search_term_string}"},"query-input":{"@type":"PropertyValueSpecification","valueRequired":true,"valueName":"search_term_string"}}],"inLanguage":"hu"},{"@type":"Organization","@id":"https:\/\/cigandse.hu\/#organization","name":"Cig\u00e1nd Sportegyes\u00fclet","url":"https:\/\/cigandse.hu\/","logo":{"@type":"ImageObject","inLanguage":"hu","@id":"https:\/\/cigandse.hu\/#\/schema\/logo\/image\/","url":"https:\/\/cigandse.hu\/wp-content\/uploads\/2022\/04\/Cigand-SE-cimer-1.jpg","contentUrl":"https:\/\/cigandse.hu\/wp-content\/uploads\/2022\/04\/Cigand-SE-cimer-1.jpg","width":1932,"height":2088,"caption":"Cig\u00e1nd Sportegyes\u00fclet"},"image":{"@id":"https:\/\/cigandse.hu\/#\/schema\/logo\/image\/"},"sameAs":["https:\/\/www.facebook.com\/CigandSportegyesulet","https:\/\/www.youtube.com\/channel\/UC0prdKj31NqRteZ5J4bGUZw","https:\/\/hu.wikipedia.org\/wiki\/Cig\u00e1nd_SE"]},{"@type":"Person","@id":"https:\/\/cigandse.hu\/#\/schema\/person\/98ccf0ab8d41a299cc83f8d4bc3ad158","name":"admin","image":{"@type":"ImageObject","inLanguage":"hu","@id":"https:\/\/cigandse.hu\/#\/schema\/person\/image\/","url":"https:\/\/secure.gravatar.com\/avatar\/807752e5a26584bf309283b840694667743fc07b907e4db41f77a58fb4b98337?s=96&d=mm&r=g","contentUrl":"https:\/\/secure.gravatar.com\/avatar\/807752e5a26584bf309283b840694667743fc07b907e4db41f77a58fb4b98337?s=96&d=mm&r=g","caption":"admin"},"sameAs":["https:\/\/cigandse.hu"],"url":"https:\/\/cigandse.hu\/index.php\/author\/terjeksandor\/"}]}},"uagb_featured_image_src":{"full":["https:\/\/cigandse.hu\/wp-content\/uploads\/2023\/12\/nyad-scaled.jpg",2560,1634,false],"thumbnail":["https:\/\/cigandse.hu\/wp-content\/uploads\/2023\/12\/nyad-150x150.jpg",150,150,true],"medium":["https:\/\/cigandse.hu\/wp-content\/uploads\/2023\/12\/nyad-300x192.jpg",300,192,true],"medium_large":["https:\/\/cigandse.hu\/wp-content\/uploads\/2023\/12\/nyad-768x490.jpg",680,434,true],"large":["https:\/\/cigandse.hu\/wp-content\/uploads\/2023\/12\/nyad-1024x654.jpg",680,434,true],"1536x1536":["https:\/\/cigandse.hu\/wp-content\/uploads\/2023\/12\/nyad-1536x981.jpg",1536,981,true],"2048x2048":["https:\/\/cigandse.hu\/wp-content\/uploads\/2023\/12\/nyad-2048x1308.jpg",2048,1308,true],"sportspress-crop-medium":["https:\/\/cigandse.hu\/wp-content\/uploads\/2023\/12\/nyad-300x300.jpg",300,300,true],"sportspress-fit-medium":["https:\/\/cigandse.hu\/wp-content\/uploads\/2023\/12\/nyad-300x192.jpg",300,192,true],"sportspress-fit-icon":["https:\/\/cigandse.hu\/wp-content\/uploads\/2023\/12\/nyad-128x82.jpg",128,82,true],"sportspress-fit-mini":["https:\/\/cigandse.hu\/wp-content\/uploads\/2023\/12\/nyad-32x20.jpg",32,20,true]},"uagb_author_info":{"display_name":"admin","author_link":"https:\/\/cigandse.hu\/index.php\/author\/terjeksandor\/"},"uagb_comment_info":0,"uagb_excerpt":"U11-es \u00e9s U9-es koroszt\u00e1lyunk region\u00e1lis KK teremtorn\u00e1n szerepelt Ny\u00edradonyban. A k\u00e9t koroszt\u00e1lyt Cs\u00e1ki Tam\u00e1s szakmai vezet\u0151 k\u00eds\u00e9rte el. Cs\u00e1ki Tam\u00e1s [&hellip;]","_links":{"self":[{"href":"https:\/\/cigandse.hu\/index.php\/wp-json\/wp\/v2\/posts\/3330","targetHints":{"allow":["GET"]}}],"collection":[{"href":"https:\/\/cigandse.hu\/index.php\/wp-json\/wp\/v2\/posts"}],"about":[{"href":"https:\/\/cigandse.hu\/index.php\/wp-json\/wp\/v2\/types\/post"}],"author":[{"embeddable":true,"href":"https:\/\/cigandse.hu\/index.php\/wp-json\/wp\/v2\/users\/1"}],"replies":[{"embeddable":true,"href":"https:\/\/cigandse.hu\/index.php\/wp-json\/wp\/v2\/comments?post=3330"}],"version-history":[{"count":3,"href":"https:\/\/cigandse.hu\/index.php\/wp-json\/wp\/v2\/posts\/3330\/revisions"}],"predecessor-version":[{"id":3335,"href":"https:\/\/cigandse.hu\/index.php\/wp-json\/wp\/v2\/posts\/3330\/revisions\/3335"}],"wp:featuredmedia":[{"embeddable":true,"href":"https:\/\/cigandse.hu\/index.php\/wp-json\/wp\/v2\/media\/3331"}],"wp:attachment":[{"href":"https:\/\/cigandse.hu\/index.php\/wp-json\/wp\/v2\/media?parent=3330"}],"wp:term":[{"taxonomy":"category","embeddable":true,"href":"https:\/\/cigandse.hu\/index.php\/wp-json\/wp\/v2\/categories?post=3330"},{"taxonomy":"post_tag","embeddable":true,"href":"https:\/\/cigandse.hu\/index.php\/wp-json\/wp\/v2\/tags?post=3330"}],"curies":[{"name":"wp","href":"https:\/\/api.w.org\/{rel}","templated":true}]}}