{"id":3356,"date":"2023-12-23T17:00:58","date_gmt":"2023-12-23T16:00:58","guid":{"rendered":"https:\/\/cigandse.hu\/?p=3356"},"modified":"2023-12-23T17:30:23","modified_gmt":"2023-12-23T16:30:23","slug":"3356","status":"publish","type":"post","link":"https:\/\/cigandse.hu\/index.php\/2023\/12\/23\/3356\/","title":{"rendered":"\u201eTavasszal a tizenh\u00e1rom bajnoki meccsb\u0151l tizenh\u00e1rmat nyerj\u00fcnk meg&#8221;"},"content":{"rendered":"<h3><a href=\"https:\/\/cigandse.hu\/wp-content\/uploads\/2023\/12\/bogdanovics-camera.jpg\"><img loading=\"lazy\" decoding=\"async\" class=\"alignnone size-full wp-image-3357\" src=\"https:\/\/cigandse.hu\/wp-content\/uploads\/2023\/12\/bogdanovics-camera.jpg\" alt=\"\" width=\"2048\" height=\"1365\" srcset=\"https:\/\/cigandse.hu\/wp-content\/uploads\/2023\/12\/bogdanovics-camera.jpg 2048w, https:\/\/cigandse.hu\/wp-content\/uploads\/2023\/12\/bogdanovics-camera-300x200.jpg 300w, https:\/\/cigandse.hu\/wp-content\/uploads\/2023\/12\/bogdanovics-camera-1024x683.jpg 1024w, https:\/\/cigandse.hu\/wp-content\/uploads\/2023\/12\/bogdanovics-camera-768x512.jpg 768w, https:\/\/cigandse.hu\/wp-content\/uploads\/2023\/12\/bogdanovics-camera-1536x1024.jpg 1536w, https:\/\/cigandse.hu\/wp-content\/uploads\/2023\/12\/bogdanovics-camera-128x85.jpg 128w, https:\/\/cigandse.hu\/wp-content\/uploads\/2023\/12\/bogdanovics-camera-32x21.jpg 32w\" sizes=\"auto, (max-width: 2048px) 100vw, 2048px\" \/><\/a><\/h3>\n<h3>Feln\u0151tt csapatunk a harmadik helyr\u0151l v\u00e1rhatja az NB III \u00c9szakkeleti csoport tavaszi folytat\u00e1s\u00e1t, \u00e9s b\u00e1r az \u0151szi szerepl\u00e9s\u00fcnk fel\u00fclm\u00falta a v\u00e1rakoz\u00e1sokat, vezet\u0151edz\u0151nk m\u00e9g feljebb t\u00f6rne tavasszal. Igor Bogdanovic \u00e9rt\u00e9kelte a szezon els\u0151 fel\u00e9t, besz\u00e9lt a tavaszi v\u00e1rakoz\u00e1sair\u00f3l \u00e9s kar\u00e1csonyi terveir\u0151l is &#8211; INTERJ\u00da<\/h3>\n<p><strong>\u2013 Milyen volt az \u0151szi szezonunk, ha egy p\u00e1r sz\u00f3val kellene jellemezned?<br \/>\n<\/strong>\u2013 Meglep\u0151en sikeres!<\/p>\n<div><strong>\u2013 \u00dajonc csapatk\u00e9nt siker\u00fclt az \u0151szi tabella harmadik hely\u00e9re vezetned a g\u00e1rd\u00e1t. El\u00e9gedett vagy az id\u00e9nnyel?<\/strong><\/div>\n<div><\/div>\n<div>\u2013 Amikor j\u00fanius 26-\u00e1n, el\u0151sz\u00f6r tal\u00e1lkoztunk az \u00f6lt\u00f6z\u0151ben az els\u0151 edz\u00e9s el\u0151tt, 36(!) j\u00e1t\u00e9kos \u00fclt velem szemben. Az els\u0151 gondolatom az volt, hogy biztos j\u00f3 helyen vagyok? Nem hittem el, de egyben boldog voltam, mert ezt sz\u00e1momra j\u00f3t jelentett, hogy ennyi j\u00e1t\u00e9kos szeretne Cig\u00e1ndon j\u00e1tszani. Elkezdt\u00fcnk egy\u00fctt dolgozni, edz\u00e9sr\u0151l-edz\u00e9sre, napr\u00f3l-napra, j\u00e1tszottunk felk\u00e9sz\u00fcl\u00e9si m\u00e9rk\u0151z\u00e9seket, elindult a bajnoks\u00e1g, \u00e9s pik-pak v\u00e9ge is lett. Nagyon gyorsan eltelt ez az \u0151szi szezon. Re\u00e1lisan n\u00e9zve n\u00e1lam az els\u0151dleges c\u00e9l az volt, hogy olyan csapatot alak\u00edtsunk, hogy nyugodt f\u00e9l\u00e9v\u00fcnk legyen. \u00dajonck\u00e9nt min\u00e9l hamarabb \u00e9rj\u00fck el a klub \u00e1ltal kit\u0171z\u00f6tt c\u00e9lt: a biztos bennmarad\u00e1st. Viszont a saj\u00e1t fejemben m\u00e1sik c\u00e9lt is kialak\u00edtottam, a st\u00e1bbal egy\u00fctt elkezdt\u00fcnk dolgozni azon, hogy mindenben jobbak legy\u00fcnk, olyan helyen \u00e1lljunk a tabell\u00e1n, hogy minden cig\u00e1ndi b\u00fcszke legyen r\u00e1nk. Lehetett volna jobb is, de a v\u00e9g\u00e9re elf\u00e1radtunk fejben, ezeket a ment\u00e1lis dolgokat kell kezeln\u00fcnk a k\u00e9s\u0151bbiekben. Nyilv\u00e1n el\u00e9gedett kell, hogy legyek, mert minden j\u00e1t\u00e9kos egy\u00e9nileg \u00e9s csapatszinten is j\u00f3ban teljes\u00edtett a v\u00e1rtn\u00e1l. Azonban van hi\u00e1ny\u00e9rzetem, mert term\u00e9szetesen voltak hib\u00e1k, de a tavasszal azon lesz\u00fcnk, hogy ezeket min\u00e9l j\u00f3ban lereduk\u00e1ljuk \u00e9s kik\u00fcsz\u00f6b\u00f6lj\u00fck.<\/div>\n<p>&nbsp;<\/p>\n<div><strong>\u2013 Mi volt a siker titka?\u00a0\u00a0<\/strong><\/div>\n<div><\/div>\n<div><strong>\u2013 <\/strong>Teljesen \u0151szint\u00e9n mondom, hogy a klubvezet\u00e9s \u00e9s a k\u00f6r\u00fclm\u00e9nyek! \u00c9n m\u00e1r ezt \u00e9vekkel ezel\u0151tt tudtam, hogy Cig\u00e1ndnak nagy respektje van a magyar fociban, ez most teljes m\u00e9rt\u00e9kben meg is tapasztalhattam. Szerencs\u00e9m van, hogy ilyen klubhoz ker\u00fcltem. Minden edz\u0151koll\u00e9g\u00e1nak azt k\u00edv\u00e1nom, hogy ilyen helyen dolgozhasson \u00e9s ilyen munkat\u00e1rsai legyenek. Csak a saj\u00e1t munk\u00e1mmal kell foglalkozom, ez \u00f3ri\u00e1si dolog, mert itt mindenki a maga dolg\u00e1t v\u00e9gzi.<\/div>\n<p>&nbsp;<\/p>\n<div><strong>\u2013 Az\u00e9rt a j\u00e1t\u00e9kosok \u00e9s a te \u00e9rdemed se vedd el, mert v\u00e9lem\u00e9nyem szerint ez a f\u0151 \u00f6sszetev\u0151?\u00a0\u00a0<\/strong><\/div>\n<div><\/div>\n<p><strong>\u2013 <\/strong>Nyilv\u00e1n igen, de elengedhetetlen \u00e9s a legf\u0151bb dolog a magabiztos h\u00e1tt\u00e9r, ha ez megvan a t\u00f6bbi csak azt\u00e1n j\u00f6het.<\/p>\n<div><strong>\u2013 Mi jelentette a legnagyobb kih\u00edv\u00e1st a szezon sor\u00e1n?\u00a0\u00a0<\/strong><\/div>\n<div><\/div>\n<div><strong>\u2013 <\/strong>Minden egyes \u00fajonc csapatn\u00e1l, minden egyes \u00faj szezonban, \u00faj bajnoks\u00e1gban vannak kih\u00edv\u00e1sok, \u00edgy voltunk mi is ezzel. J\u00f3 csapatot alak\u00edtani, tetszet\u0151s j\u00e1t\u00e9kot j\u00e1tszani, nyerni a m\u00e9rk\u0151z\u00e9seket, hogy legyenek kiszolg\u00e1lva a szurkol\u00f3ink. Nekem viszont egy dolog fontosabb volt mint a t\u00f6bbi. Csapatot szerettem volna \u00e9p\u00edteni, minden szempontb\u00f3l n\u00e9zve: ment\u00e1lisan, taktikailag, technikailag, fizik\u00e1lisan, \u00fagy \u00e9rzem ez siker\u00fclt.<\/div>\n<div><\/div>\n<p>&nbsp;<\/p>\n<div><strong>\u2013 Miben kell legink\u00e1bb fejl\u0151dni tavasszal?<\/strong><\/div>\n<div><\/div>\n<div><strong>\u2013 <\/strong>Mindig re\u00e1lisan pr\u00f3b\u00e1lom n\u00e9zni a dolgokat, ez \u00edgy van most is. Elvileg minden j\u00f3l alakult, sok mindenben nem kell v\u00e1ltoztatnunk, de nem szabad h\u00e1trad\u0151lni. Azt szeretn\u00e9nk el\u00e9rni, hogy a j\u00e1t\u00e9kosaim mindenben jobbak legyenek. Soha nem szabad feladni, pozit\u00edvnak kell lenni mindig, ment\u00e1lisan er\u0151s\u00f6dni. Mindenki tudja, hogy fejben d\u0151l el minden, ez a labdar\u00fag\u00e1sban is \u00edgy van.<\/div>\n<p>&nbsp;<\/p>\n<div><strong>\u2013 Mennyire fog v\u00e1ltozni a j\u00e1t\u00e9koskeret?<\/strong><\/div>\n<div><\/div>\n<div><strong>\u2013 <\/strong>Igen, ez mindig \u00e9rdekes k\u00e9rd\u00e9s, mert ha n\u00e9zem a tabell\u00e1n elfoglalt hely\u00fcnket, akkor nem nagyon lenne okunk v\u00e1ltoztatni. Viszont minden sz\u00fcnet alatt el\u00e9g id\u0151 van visszan\u00e9zni, visszatekinteni, \u00e9rt\u00e9kelni a m\u00faltat, csapatk\u00e9nt \u00e9s egy\u00e9nileg egyar\u00e1nt. Nem gy\u0151z\u00f6m hangs\u00falyozni, hogy nekem nagy szerencs\u00e9m van itt Cig\u00e1ndon, mert a vezet\u0151k, j\u00e1t\u00e9kosok, st\u00e1btagok, de minden klubn\u00e1l dolgoz\u00f3 egy ir\u00e1nyba h\u00faz, \u00e9s ez\u00e9rt \u00f3ri\u00e1si k\u00f6sz\u00f6n\u00f6m j\u00e1r mindannyiuknak. P\u00e1r friss\u00edt\u00e9s lesz, Erdei Andris szem\u00e9ly\u00e9ben m\u00e1r \u00e9rkezett egy rendk\u00edv\u00fcl tehets\u00e9ges k\u00f6z\u00e9pp\u00e1ly\u00e1s, aki nagy hasznunkra lehet a k\u00e9s\u0151bbiekben. T\u00e1rgyal\u00e1sban \u00e1llunk m\u00e9g p\u00e1r j\u00e1t\u00e9kossal, de lesznek t\u00e1voz\u00f3ink is, picit friss\u00edteni kell csapaton bel\u00fcl a jobb eredm\u00e9nyek el\u00e9r\u00e9s\u00e9ben b\u00edzva.<\/div>\n<p>&nbsp;<\/p>\n<div><strong>\u2013 Mint minden valamire val\u00f3 klubnak, \u00edgy nek\u00fcnk is vessz\u0151parip\u00e1nk a fiatalok szerepeltet\u00e9se. T\u00f6bben fent k\u00e9sz\u00fclnek m\u00e1r a csapattal, ketten be is mutatkoztak az \u0151sszel. Milyen v\u00e1ltoz\u00e1s v\u00e1rhat\u00f3 ebben a tavasszal?<\/strong><\/div>\n<div><\/div>\n<div><strong>\u2013 <\/strong>Nagyon tehets\u00e9ges fiataljaink vannak, akik szorgalmasan dolgoznak, a f\u00e9l\u00e9v alatt ami\u00f3ta itt vagyok szembet\u0171n\u0151 a fejl\u0151d\u00e9s\u00fck. \u00c9n szeretem a fiatal j\u00e1t\u00e9kosokat bedobni a m\u00e9lyv\u00edzbe, ha meg\u00e9rdemlik \u00e9s kell\u0151k\u00e9ppen al\u00e1zatosak a futball \u00e9s a klub ir\u00e1nt. Popovics \u00e9s Silling helyzet\u00e9t k\u00fcl\u00f6nv\u00e1lasztan\u00e1m, illetve idesoroln\u00e1m K\u0151rizs \u00c1kost is, \u0151k el\u0151r\u00e9bb tartanak a t\u00e1rsaikn\u00e1l, ez a h\u00e1rom j\u00e1t\u00e9kos ha nem lenne fiatalkor\u00fa, akkor is kell\u0151 versenyt\u00e1rsaik lenn\u00e9nek a t\u00f6bbi feln\u0151ttkor\u00fa labdar\u00fag\u00f3inknak. D\u00f3cs Beni \u00e9s Juh\u00e1sz Dominik fejl\u0151d\u00e9se is megk\u00e9rd\u0151jelezhetetlen, de a Patakr\u00f3l visszat\u00e9r\u0151 G\u00e9g\u00e9ny Z\u00e9n\u00f3\u00e9 is, akinek csak j\u00f3t tett, hogy k\u00f6lcs\u00f6nben j\u00e1tszott. \u0150k mindannyian vel\u00fcnk kezdik a felk\u00e9sz\u00fcl\u00e9st, \u00e9s ha minden igaz van egy-k\u00e9t tehets\u00e9ges j\u00e1t\u00e9kos, akik \u00e9rkezhetnek m\u00e9g az U19-b\u0151l a felk\u00e9sz\u00fcl\u00e9sre, de r\u00f3luk egyeztetni fogok m\u00e9g az ut\u00e1np\u00f3tl\u00e1s vezet\u0151kkel.<\/div>\n<p>&nbsp;<\/p>\n<div><strong>\u2013 Mi lesz a t\u00e9li program, mikor kezd\u0151dik a felk\u00e9sz\u00fcl\u00e9s?<\/strong><\/div>\n<div><\/div>\n<div><strong>\u2013 <\/strong>Egyel\u0151re a j\u00e1t\u00e9kosok t\u00e9li pihen\u0151re vonultak, majd janu\u00e1r 2-t\u00f3l megkapj\u00e1k az egy\u00e9ni h\u00e1zi feladatokat, \u00e9s sz\u00e9pen lassan beindulnak az alapoz\u00e1s el\u0151tti munk\u00e1k. Janu\u00e1r 15-t\u0151l a vas\u00e1rnap kiv\u00e9tel\u00e9vel minden nap edz\u00e9sek vagy felk\u00e9sz\u00fcl\u00e9si m\u00e9rk\u0151z\u00e9sek szerepelnek a programban, egyetlen egy c\u00e9llal, hogy legy\u00fcnk ann\u00e1l is jobbak mint amit az \u0151szi szezonban produk\u00e1ltunk.<\/div>\n<p>&nbsp;<\/p>\n<div>\n<div><strong>\u2013 Mi lesz a c\u00e9l tavasszal?<\/strong><\/div>\n<div><\/div>\n<div><strong>\u2013 <\/strong>Elmondtam a fi\u00faknak a z\u00e1r\u00f3vacsor\u00e1n, hogy menjenek haza \u00e9s pihenjenek, janu\u00e1r m\u00e1sodik\u00e1ig felejts\u00e9k el a focit. Ut\u00e1na felt\u00f6lt\u0151dve v\u00e1gjanak neki az alapoz\u00e1snak, annak t\u00fckr\u00e9ben, hogy tavasszal a tizenh\u00e1rom bajnoki meccsb\u0151l tizenh\u00e1rmat nyerj\u00fcnk meg.<\/div>\n<\/div>\n<p>&nbsp;<\/p>\n<div>\n<div><\/div>\n<div><strong>\u2013 Hogy telik a kar\u00e1csonyod, amelyb\u0151l ha minden igaz mindig kett\u0151t \u00fcnnepelsz?!<\/strong><\/div>\n<div><\/div>\n<div><strong>\u2013 <\/strong>Igen, m\u00e1r lassan 20 \u00e9ve, hogy mind a k\u00e9t kar\u00e1csonyt meg\u00fcnneplem. Mindk\u00e9t alkalommal sz\u0171k csal\u00e1di k\u00f6rben fogok \u00fcnnepelni, Magyarorsz\u00e1gon \u00e9s Szerbi\u00e1ban is a szeretteimmel t\u00f6lt\u00f6m az id\u0151met.<\/div>\n<div>\n<h6><\/h6>\n<p><small><strong>Szerb kar\u00e1csonyi szok\u00e1s<\/strong><br \/>\nJanu\u00e1r 6-\u00e1ra elk\u00e9sz\u00fclnek az \u00e9telek, de senki nem ny\u00falhat a megter\u00edtett asztalhoz. A csal\u00e1d legid\u0151sebb f\u00e9rfitagja kimegy a kertbe, \u00e9s egy fejsz\u00e9vel az Atya, a Fi\u00fa \u00e9s a Szentl\u00e9lek nev\u00e9ben h\u00e1rom csap\u00e1st m\u00e9r egy sz\u00e1raz leveles t\u00f6lgyfa\u00e1gra, amelyet badnyaknak h\u00edvnak. Majd a f\u00e9rfi visszamegy a h\u00e1zba, kez\u00e9be vesz n\u00e9gy di\u00f3t, amiket azt\u00e1n a n\u00e9gy \u00e9gt\u00e1j fel\u00e9 haj\u00edt, \u00e9s a padl\u00f3t szalm\u00e1val sz\u00f3rja fel. Ezut\u00e1n az eg\u00e9sz csal\u00e1d templomba megy, \u00e9s hazat\u00e9r\u00e9s\u00fck ut\u00e1n egyetlen kal\u00e1csot osztanak el a csal\u00e1d tagjai k\u00f6z\u00f6tt. A t\u00f6bbi \u00e9telt m\u00e1snap fogyasztj\u00e1k el.<\/small><\/p>\n<\/div>\n<\/div>\n<p>Vezet\u0151edz\u0151nk janu\u00e1rban jelentkezik az MLSZ Edz\u0151k\u00e9pz\u0151 K\u00f6zpontj\u00e1nak legmagasabb szint\u0171 k\u00e9pz\u00e9s\u00e9re, a Pro-licenc tanfolyamra.<\/p>\n","protected":false},"excerpt":{"rendered":"<p>Feln\u0151tt csapatunk a harmadik helyr\u0151l v\u00e1rhatja az NB III \u00c9szakkeleti csoport tavaszi folytat\u00e1s\u00e1t, \u00e9s b\u00e1r az \u0151szi szerepl\u00e9s\u00fcnk fel\u00fclm\u00falta a [&hellip;]<\/p>\n","protected":false},"author":1,"featured_media":3357,"comment_status":"open","ping_status":"open","sticky":false,"template":"","format":"standard","meta":{"_uag_custom_page_level_css":"","footnotes":""},"categories":[3],"tags":[],"class_list":["post-3356","post","type-post","status-publish","format-standard","has-post-thumbnail","hentry","category-hirek"],"yoast_head":"<!-- This site is optimized with the Yoast SEO plugin v25.5 - https:\/\/yoast.com\/wordpress\/plugins\/seo\/ -->\n<title>\u201eTavasszal a tizenh\u00e1rom bajnoki meccsb\u0151l tizenh\u00e1rmat nyerj\u00fcnk meg&quot; - Cig\u00e1nd Sportegyes\u00fclet hivatalos oldala<\/title>\n<meta name=\"robots\" content=\"index, follow, max-snippet:-1, max-image-preview:large, max-video-preview:-1\" \/>\n<link rel=\"canonical\" href=\"https:\/\/cigandse.hu\/index.php\/2023\/12\/23\/3356\/\" \/>\n<meta property=\"og:locale\" content=\"hu_HU\" \/>\n<meta property=\"og:type\" content=\"article\" \/>\n<meta property=\"og:title\" content=\"\u201eTavasszal a tizenh\u00e1rom bajnoki meccsb\u0151l tizenh\u00e1rmat nyerj\u00fcnk meg&quot; - Cig\u00e1nd Sportegyes\u00fclet hivatalos oldala\" \/>\n<meta property=\"og:description\" content=\"Feln\u0151tt csapatunk a harmadik helyr\u0151l v\u00e1rhatja az NB III \u00c9szakkeleti csoport tavaszi folytat\u00e1s\u00e1t, \u00e9s b\u00e1r az \u0151szi szerepl\u00e9s\u00fcnk fel\u00fclm\u00falta a [&hellip;]\" \/>\n<meta property=\"og:url\" content=\"https:\/\/cigandse.hu\/index.php\/2023\/12\/23\/3356\/\" \/>\n<meta property=\"og:site_name\" content=\"Cig\u00e1nd Sportegyes\u00fclet hivatalos oldala\" \/>\n<meta property=\"article:publisher\" content=\"https:\/\/www.facebook.com\/CigandSportegyesulet\" \/>\n<meta property=\"article:published_time\" content=\"2023-12-23T16:00:58+00:00\" \/>\n<meta property=\"article:modified_time\" content=\"2023-12-23T16:30:23+00:00\" \/>\n<meta property=\"og:image\" content=\"https:\/\/cigandse.hu\/wp-content\/uploads\/2023\/12\/bogdanovics-camera.jpg\" \/>\n\t<meta property=\"og:image:width\" content=\"2048\" \/>\n\t<meta property=\"og:image:height\" content=\"1365\" \/>\n\t<meta property=\"og:image:type\" content=\"image\/jpeg\" \/>\n<meta name=\"author\" content=\"admin\" \/>\n<meta name=\"twitter:card\" content=\"summary_large_image\" \/>\n<meta name=\"twitter:label1\" content=\"Szerz\u0151:\" \/>\n\t<meta name=\"twitter:data1\" content=\"admin\" \/>\n\t<meta name=\"twitter:label2\" content=\"Becs\u00fclt olvas\u00e1si id\u0151\" \/>\n\t<meta name=\"twitter:data2\" content=\"6 perc\" \/>\n<script type=\"application\/ld+json\" class=\"yoast-schema-graph\">{\"@context\":\"https:\/\/schema.org\",\"@graph\":[{\"@type\":\"Article\",\"@id\":\"https:\/\/cigandse.hu\/index.php\/2023\/12\/23\/3356\/#article\",\"isPartOf\":{\"@id\":\"https:\/\/cigandse.hu\/index.php\/2023\/12\/23\/3356\/\"},\"author\":{\"name\":\"admin\",\"@id\":\"https:\/\/cigandse.hu\/#\/schema\/person\/98ccf0ab8d41a299cc83f8d4bc3ad158\"},\"headline\":\"\u201eTavasszal a tizenh\u00e1rom bajnoki meccsb\u0151l tizenh\u00e1rmat nyerj\u00fcnk meg&#8221;\",\"datePublished\":\"2023-12-23T16:00:58+00:00\",\"dateModified\":\"2023-12-23T16:30:23+00:00\",\"mainEntityOfPage\":{\"@id\":\"https:\/\/cigandse.hu\/index.php\/2023\/12\/23\/3356\/\"},\"wordCount\":1462,\"commentCount\":0,\"publisher\":{\"@id\":\"https:\/\/cigandse.hu\/#organization\"},\"image\":{\"@id\":\"https:\/\/cigandse.hu\/index.php\/2023\/12\/23\/3356\/#primaryimage\"},\"thumbnailUrl\":\"https:\/\/cigandse.hu\/wp-content\/uploads\/2023\/12\/bogdanovics-camera.jpg\",\"articleSection\":[\"H\u00edrek\"],\"inLanguage\":\"hu\",\"potentialAction\":[{\"@type\":\"CommentAction\",\"name\":\"Comment\",\"target\":[\"https:\/\/cigandse.hu\/index.php\/2023\/12\/23\/3356\/#respond\"]}]},{\"@type\":\"WebPage\",\"@id\":\"https:\/\/cigandse.hu\/index.php\/2023\/12\/23\/3356\/\",\"url\":\"https:\/\/cigandse.hu\/index.php\/2023\/12\/23\/3356\/\",\"name\":\"\u201eTavasszal a tizenh\u00e1rom bajnoki meccsb\u0151l tizenh\u00e1rmat nyerj\u00fcnk meg\\\" - Cig\u00e1nd Sportegyes\u00fclet hivatalos oldala\",\"isPartOf\":{\"@id\":\"https:\/\/cigandse.hu\/#website\"},\"primaryImageOfPage\":{\"@id\":\"https:\/\/cigandse.hu\/index.php\/2023\/12\/23\/3356\/#primaryimage\"},\"image\":{\"@id\":\"https:\/\/cigandse.hu\/index.php\/2023\/12\/23\/3356\/#primaryimage\"},\"thumbnailUrl\":\"https:\/\/cigandse.hu\/wp-content\/uploads\/2023\/12\/bogdanovics-camera.jpg\",\"datePublished\":\"2023-12-23T16:00:58+00:00\",\"dateModified\":\"2023-12-23T16:30:23+00:00\",\"breadcrumb\":{\"@id\":\"https:\/\/cigandse.hu\/index.php\/2023\/12\/23\/3356\/#breadcrumb\"},\"inLanguage\":\"hu\",\"potentialAction\":[{\"@type\":\"ReadAction\",\"target\":[\"https:\/\/cigandse.hu\/index.php\/2023\/12\/23\/3356\/\"]}]},{\"@type\":\"ImageObject\",\"inLanguage\":\"hu\",\"@id\":\"https:\/\/cigandse.hu\/index.php\/2023\/12\/23\/3356\/#primaryimage\",\"url\":\"https:\/\/cigandse.hu\/wp-content\/uploads\/2023\/12\/bogdanovics-camera.jpg\",\"contentUrl\":\"https:\/\/cigandse.hu\/wp-content\/uploads\/2023\/12\/bogdanovics-camera.jpg\",\"width\":2048,\"height\":1365},{\"@type\":\"BreadcrumbList\",\"@id\":\"https:\/\/cigandse.hu\/index.php\/2023\/12\/23\/3356\/#breadcrumb\",\"itemListElement\":[{\"@type\":\"ListItem\",\"position\":1,\"name\":\"Kezd\u0151lap\",\"item\":\"https:\/\/cigandse.hu\/\"},{\"@type\":\"ListItem\",\"position\":2,\"name\":\"\u201eTavasszal a tizenh\u00e1rom bajnoki meccsb\u0151l tizenh\u00e1rmat nyerj\u00fcnk meg&#8221;\"}]},{\"@type\":\"WebSite\",\"@id\":\"https:\/\/cigandse.hu\/#website\",\"url\":\"https:\/\/cigandse.hu\/\",\"name\":\"Cig\u00e1nd Sportegyes\u00fclet hivatalos oldala\",\"description\":\"Cig\u00e1nd Sportegyes\u00fclet hivatalos oldala\",\"publisher\":{\"@id\":\"https:\/\/cigandse.hu\/#organization\"},\"potentialAction\":[{\"@type\":\"SearchAction\",\"target\":{\"@type\":\"EntryPoint\",\"urlTemplate\":\"https:\/\/cigandse.hu\/?s={search_term_string}\"},\"query-input\":{\"@type\":\"PropertyValueSpecification\",\"valueRequired\":true,\"valueName\":\"search_term_string\"}}],\"inLanguage\":\"hu\"},{\"@type\":\"Organization\",\"@id\":\"https:\/\/cigandse.hu\/#organization\",\"name\":\"Cig\u00e1nd Sportegyes\u00fclet\",\"url\":\"https:\/\/cigandse.hu\/\",\"logo\":{\"@type\":\"ImageObject\",\"inLanguage\":\"hu\",\"@id\":\"https:\/\/cigandse.hu\/#\/schema\/logo\/image\/\",\"url\":\"https:\/\/cigandse.hu\/wp-content\/uploads\/2022\/04\/Cigand-SE-cimer-1.jpg\",\"contentUrl\":\"https:\/\/cigandse.hu\/wp-content\/uploads\/2022\/04\/Cigand-SE-cimer-1.jpg\",\"width\":1932,\"height\":2088,\"caption\":\"Cig\u00e1nd Sportegyes\u00fclet\"},\"image\":{\"@id\":\"https:\/\/cigandse.hu\/#\/schema\/logo\/image\/\"},\"sameAs\":[\"https:\/\/www.facebook.com\/CigandSportegyesulet\",\"https:\/\/www.youtube.com\/channel\/UC0prdKj31NqRteZ5J4bGUZw\",\"https:\/\/hu.wikipedia.org\/wiki\/Cig\u00e1nd_SE\"]},{\"@type\":\"Person\",\"@id\":\"https:\/\/cigandse.hu\/#\/schema\/person\/98ccf0ab8d41a299cc83f8d4bc3ad158\",\"name\":\"admin\",\"image\":{\"@type\":\"ImageObject\",\"inLanguage\":\"hu\",\"@id\":\"https:\/\/cigandse.hu\/#\/schema\/person\/image\/\",\"url\":\"https:\/\/secure.gravatar.com\/avatar\/807752e5a26584bf309283b840694667743fc07b907e4db41f77a58fb4b98337?s=96&d=mm&r=g\",\"contentUrl\":\"https:\/\/secure.gravatar.com\/avatar\/807752e5a26584bf309283b840694667743fc07b907e4db41f77a58fb4b98337?s=96&d=mm&r=g\",\"caption\":\"admin\"},\"sameAs\":[\"https:\/\/cigandse.hu\"],\"url\":\"https:\/\/cigandse.hu\/index.php\/author\/terjeksandor\/\"}]}<\/script>\n<!-- \/ Yoast SEO plugin. -->","yoast_head_json":{"title":"\u201eTavasszal a tizenh\u00e1rom bajnoki meccsb\u0151l tizenh\u00e1rmat nyerj\u00fcnk meg\" - Cig\u00e1nd Sportegyes\u00fclet hivatalos oldala","robots":{"index":"index","follow":"follow","max-snippet":"max-snippet:-1","max-image-preview":"max-image-preview:large","max-video-preview":"max-video-preview:-1"},"canonical":"https:\/\/cigandse.hu\/index.php\/2023\/12\/23\/3356\/","og_locale":"hu_HU","og_type":"article","og_title":"\u201eTavasszal a tizenh\u00e1rom bajnoki meccsb\u0151l tizenh\u00e1rmat nyerj\u00fcnk meg\" - Cig\u00e1nd Sportegyes\u00fclet hivatalos oldala","og_description":"Feln\u0151tt csapatunk a harmadik helyr\u0151l v\u00e1rhatja az NB III \u00c9szakkeleti csoport tavaszi folytat\u00e1s\u00e1t, \u00e9s b\u00e1r az \u0151szi szerepl\u00e9s\u00fcnk fel\u00fclm\u00falta a [&hellip;]","og_url":"https:\/\/cigandse.hu\/index.php\/2023\/12\/23\/3356\/","og_site_name":"Cig\u00e1nd Sportegyes\u00fclet hivatalos oldala","article_publisher":"https:\/\/www.facebook.com\/CigandSportegyesulet","article_published_time":"2023-12-23T16:00:58+00:00","article_modified_time":"2023-12-23T16:30:23+00:00","og_image":[{"width":2048,"height":1365,"url":"https:\/\/cigandse.hu\/wp-content\/uploads\/2023\/12\/bogdanovics-camera.jpg","type":"image\/jpeg"}],"author":"admin","twitter_card":"summary_large_image","twitter_misc":{"Szerz\u0151:":"admin","Becs\u00fclt olvas\u00e1si id\u0151":"6 perc"},"schema":{"@context":"https:\/\/schema.org","@graph":[{"@type":"Article","@id":"https:\/\/cigandse.hu\/index.php\/2023\/12\/23\/3356\/#article","isPartOf":{"@id":"https:\/\/cigandse.hu\/index.php\/2023\/12\/23\/3356\/"},"author":{"name":"admin","@id":"https:\/\/cigandse.hu\/#\/schema\/person\/98ccf0ab8d41a299cc83f8d4bc3ad158"},"headline":"\u201eTavasszal a tizenh\u00e1rom bajnoki meccsb\u0151l tizenh\u00e1rmat nyerj\u00fcnk meg&#8221;","datePublished":"2023-12-23T16:00:58+00:00","dateModified":"2023-12-23T16:30:23+00:00","mainEntityOfPage":{"@id":"https:\/\/cigandse.hu\/index.php\/2023\/12\/23\/3356\/"},"wordCount":1462,"commentCount":0,"publisher":{"@id":"https:\/\/cigandse.hu\/#organization"},"image":{"@id":"https:\/\/cigandse.hu\/index.php\/2023\/12\/23\/3356\/#primaryimage"},"thumbnailUrl":"https:\/\/cigandse.hu\/wp-content\/uploads\/2023\/12\/bogdanovics-camera.jpg","articleSection":["H\u00edrek"],"inLanguage":"hu","potentialAction":[{"@type":"CommentAction","name":"Comment","target":["https:\/\/cigandse.hu\/index.php\/2023\/12\/23\/3356\/#respond"]}]},{"@type":"WebPage","@id":"https:\/\/cigandse.hu\/index.php\/2023\/12\/23\/3356\/","url":"https:\/\/cigandse.hu\/index.php\/2023\/12\/23\/3356\/","name":"\u201eTavasszal a tizenh\u00e1rom bajnoki meccsb\u0151l tizenh\u00e1rmat nyerj\u00fcnk meg\" - Cig\u00e1nd Sportegyes\u00fclet hivatalos oldala","isPartOf":{"@id":"https:\/\/cigandse.hu\/#website"},"primaryImageOfPage":{"@id":"https:\/\/cigandse.hu\/index.php\/2023\/12\/23\/3356\/#primaryimage"},"image":{"@id":"https:\/\/cigandse.hu\/index.php\/2023\/12\/23\/3356\/#primaryimage"},"thumbnailUrl":"https:\/\/cigandse.hu\/wp-content\/uploads\/2023\/12\/bogdanovics-camera.jpg","datePublished":"2023-12-23T16:00:58+00:00","dateModified":"2023-12-23T16:30:23+00:00","breadcrumb":{"@id":"https:\/\/cigandse.hu\/index.php\/2023\/12\/23\/3356\/#breadcrumb"},"inLanguage":"hu","potentialAction":[{"@type":"ReadAction","target":["https:\/\/cigandse.hu\/index.php\/2023\/12\/23\/3356\/"]}]},{"@type":"ImageObject","inLanguage":"hu","@id":"https:\/\/cigandse.hu\/index.php\/2023\/12\/23\/3356\/#primaryimage","url":"https:\/\/cigandse.hu\/wp-content\/uploads\/2023\/12\/bogdanovics-camera.jpg","contentUrl":"https:\/\/cigandse.hu\/wp-content\/uploads\/2023\/12\/bogdanovics-camera.jpg","width":2048,"height":1365},{"@type":"BreadcrumbList","@id":"https:\/\/cigandse.hu\/index.php\/2023\/12\/23\/3356\/#breadcrumb","itemListElement":[{"@type":"ListItem","position":1,"name":"Kezd\u0151lap","item":"https:\/\/cigandse.hu\/"},{"@type":"ListItem","position":2,"name":"\u201eTavasszal a tizenh\u00e1rom bajnoki meccsb\u0151l tizenh\u00e1rmat nyerj\u00fcnk meg&#8221;"}]},{"@type":"WebSite","@id":"https:\/\/cigandse.hu\/#website","url":"https:\/\/cigandse.hu\/","name":"Cig\u00e1nd Sportegyes\u00fclet hivatalos oldala","description":"Cig\u00e1nd Sportegyes\u00fclet hivatalos oldala","publisher":{"@id":"https:\/\/cigandse.hu\/#organization"},"potentialAction":[{"@type":"SearchAction","target":{"@type":"EntryPoint","urlTemplate":"https:\/\/cigandse.hu\/?s={search_term_string}"},"query-input":{"@type":"PropertyValueSpecification","valueRequired":true,"valueName":"search_term_string"}}],"inLanguage":"hu"},{"@type":"Organization","@id":"https:\/\/cigandse.hu\/#organization","name":"Cig\u00e1nd Sportegyes\u00fclet","url":"https:\/\/cigandse.hu\/","logo":{"@type":"ImageObject","inLanguage":"hu","@id":"https:\/\/cigandse.hu\/#\/schema\/logo\/image\/","url":"https:\/\/cigandse.hu\/wp-content\/uploads\/2022\/04\/Cigand-SE-cimer-1.jpg","contentUrl":"https:\/\/cigandse.hu\/wp-content\/uploads\/2022\/04\/Cigand-SE-cimer-1.jpg","width":1932,"height":2088,"caption":"Cig\u00e1nd Sportegyes\u00fclet"},"image":{"@id":"https:\/\/cigandse.hu\/#\/schema\/logo\/image\/"},"sameAs":["https:\/\/www.facebook.com\/CigandSportegyesulet","https:\/\/www.youtube.com\/channel\/UC0prdKj31NqRteZ5J4bGUZw","https:\/\/hu.wikipedia.org\/wiki\/Cig\u00e1nd_SE"]},{"@type":"Person","@id":"https:\/\/cigandse.hu\/#\/schema\/person\/98ccf0ab8d41a299cc83f8d4bc3ad158","name":"admin","image":{"@type":"ImageObject","inLanguage":"hu","@id":"https:\/\/cigandse.hu\/#\/schema\/person\/image\/","url":"https:\/\/secure.gravatar.com\/avatar\/807752e5a26584bf309283b840694667743fc07b907e4db41f77a58fb4b98337?s=96&d=mm&r=g","contentUrl":"https:\/\/secure.gravatar.com\/avatar\/807752e5a26584bf309283b840694667743fc07b907e4db41f77a58fb4b98337?s=96&d=mm&r=g","caption":"admin"},"sameAs":["https:\/\/cigandse.hu"],"url":"https:\/\/cigandse.hu\/index.php\/author\/terjeksandor\/"}]}},"uagb_featured_image_src":{"full":["https:\/\/cigandse.hu\/wp-content\/uploads\/2023\/12\/bogdanovics-camera.jpg",2048,1365,false],"thumbnail":["https:\/\/cigandse.hu\/wp-content\/uploads\/2023\/12\/bogdanovics-camera-150x150.jpg",150,150,true],"medium":["https:\/\/cigandse.hu\/wp-content\/uploads\/2023\/12\/bogdanovics-camera-300x200.jpg",300,200,true],"medium_large":["https:\/\/cigandse.hu\/wp-content\/uploads\/2023\/12\/bogdanovics-camera-768x512.jpg",680,453,true],"large":["https:\/\/cigandse.hu\/wp-content\/uploads\/2023\/12\/bogdanovics-camera-1024x683.jpg",680,454,true],"1536x1536":["https:\/\/cigandse.hu\/wp-content\/uploads\/2023\/12\/bogdanovics-camera-1536x1024.jpg",1536,1024,true],"2048x2048":["https:\/\/cigandse.hu\/wp-content\/uploads\/2023\/12\/bogdanovics-camera.jpg",2048,1365,false],"sportspress-crop-medium":["https:\/\/cigandse.hu\/wp-content\/uploads\/2023\/12\/bogdanovics-camera-300x300.jpg",300,300,true],"sportspress-fit-medium":["https:\/\/cigandse.hu\/wp-content\/uploads\/2023\/12\/bogdanovics-camera-300x200.jpg",300,200,true],"sportspress-fit-icon":["https:\/\/cigandse.hu\/wp-content\/uploads\/2023\/12\/bogdanovics-camera-128x85.jpg",128,85,true],"sportspress-fit-mini":["https:\/\/cigandse.hu\/wp-content\/uploads\/2023\/12\/bogdanovics-camera-32x21.jpg",32,21,true]},"uagb_author_info":{"display_name":"admin","author_link":"https:\/\/cigandse.hu\/index.php\/author\/terjeksandor\/"},"uagb_comment_info":0,"uagb_excerpt":"Feln\u0151tt csapatunk a harmadik helyr\u0151l v\u00e1rhatja az NB III \u00c9szakkeleti csoport tavaszi folytat\u00e1s\u00e1t, \u00e9s b\u00e1r az \u0151szi szerepl\u00e9s\u00fcnk fel\u00fclm\u00falta a [&hellip;]","_links":{"self":[{"href":"https:\/\/cigandse.hu\/index.php\/wp-json\/wp\/v2\/posts\/3356","targetHints":{"allow":["GET"]}}],"collection":[{"href":"https:\/\/cigandse.hu\/index.php\/wp-json\/wp\/v2\/posts"}],"about":[{"href":"https:\/\/cigandse.hu\/index.php\/wp-json\/wp\/v2\/types\/post"}],"author":[{"embeddable":true,"href":"https:\/\/cigandse.hu\/index.php\/wp-json\/wp\/v2\/users\/1"}],"replies":[{"embeddable":true,"href":"https:\/\/cigandse.hu\/index.php\/wp-json\/wp\/v2\/comments?post=3356"}],"version-history":[{"count":41,"href":"https:\/\/cigandse.hu\/index.php\/wp-json\/wp\/v2\/posts\/3356\/revisions"}],"predecessor-version":[{"id":3399,"href":"https:\/\/cigandse.hu\/index.php\/wp-json\/wp\/v2\/posts\/3356\/revisions\/3399"}],"wp:featuredmedia":[{"embeddable":true,"href":"https:\/\/cigandse.hu\/index.php\/wp-json\/wp\/v2\/media\/3357"}],"wp:attachment":[{"href":"https:\/\/cigandse.hu\/index.php\/wp-json\/wp\/v2\/media?parent=3356"}],"wp:term":[{"taxonomy":"category","embeddable":true,"href":"https:\/\/cigandse.hu\/index.php\/wp-json\/wp\/v2\/categories?post=3356"},{"taxonomy":"post_tag","embeddable":true,"href":"https:\/\/cigandse.hu\/index.php\/wp-json\/wp\/v2\/tags?post=3356"}],"curies":[{"name":"wp","href":"https:\/\/api.w.org\/{rel}","templated":true}]}}