{"id":3943,"date":"2024-05-15T12:54:53","date_gmt":"2024-05-15T10:54:53","guid":{"rendered":"https:\/\/cigandse.hu\/?p=3943"},"modified":"2024-05-15T13:29:39","modified_gmt":"2024-05-15T11:29:39","slug":"megvan-ket-nb-i-es-csapattal-vivando-nyari-edzomeccsunk-idopontja","status":"publish","type":"post","link":"https:\/\/cigandse.hu\/index.php\/2024\/05\/15\/megvan-ket-nb-i-es-csapattal-vivando-nyari-edzomeccsunk-idopontja\/","title":{"rendered":"Megvan k\u00e9t NB I-es csapattal v\u00edvand\u00f3 ny\u00e1ri edz\u0151meccs\u00fcnk id\u0151pontja"},"content":{"rendered":"<h3><a href=\"https:\/\/cigandse.hu\/wp-content\/uploads\/2024\/05\/szpdv-scaled.jpg\"><img loading=\"lazy\" decoding=\"async\" class=\"aligncenter wp-image-3944\" src=\"https:\/\/cigandse.hu\/wp-content\/uploads\/2024\/05\/szpdv-1024x576.jpg\" alt=\"\" width=\"880\" height=\"495\" srcset=\"https:\/\/cigandse.hu\/wp-content\/uploads\/2024\/05\/szpdv-1024x576.jpg 1024w, https:\/\/cigandse.hu\/wp-content\/uploads\/2024\/05\/szpdv-300x169.jpg 300w, https:\/\/cigandse.hu\/wp-content\/uploads\/2024\/05\/szpdv-768x432.jpg 768w, https:\/\/cigandse.hu\/wp-content\/uploads\/2024\/05\/szpdv-1536x864.jpg 1536w, https:\/\/cigandse.hu\/wp-content\/uploads\/2024\/05\/szpdv-2048x1152.jpg 2048w, https:\/\/cigandse.hu\/wp-content\/uploads\/2024\/05\/szpdv-128x72.jpg 128w, https:\/\/cigandse.hu\/wp-content\/uploads\/2024\/05\/szpdv-32x18.jpg 32w\" sizes=\"auto, (max-width: 880px) 100vw, 880px\" \/><\/a><\/h3>\n<h3 class=\"lead\"><strong>A Ny\u00edregyh\u00e1za Spartacus \u00e9s a Debreceni VSC ellen is p\u00e1ly\u00e1ra l\u00e9p a Cig\u00e1nd SE feln\u0151tt egy\u00fcttese a ny\u00e1ri felk\u00e9sz\u00fcl\u00e9s alatt.<\/strong><\/h3>\n<p>Eld\u0151lt, hogy az els\u0151oszt\u00e1lyba frissen feljutott,<strong> Ny\u00edregyh\u00e1za Spartacussal j\u00fanius 22-\u00e9n<\/strong> tal\u00e1lkozik a CISE, majd <strong>egy h\u00e9ttel k\u00e9s\u0151bb<\/strong> a szint\u00e9n NB I-es\u00a0<strong>Debreceni VSC-vel <\/strong>m\u00e9rk\u0151zik meg.<\/p>\n<p><em><strong>Felk\u00e9sz\u00fcl\u00e9si m\u00e9rk\u0151z\u00e9sek:<\/strong><\/em><br \/>\n<strong>2024. j\u00fanius 22. (szombat):<\/strong> Ny\u00edregyh\u00e1za Spartacus FC (NB I)\u2013Cig\u00e1nd SE<br \/>\n<strong>2024. j\u00fanius 29. (szombat):<\/strong> Debreceni VSC (NB I)\u2013Cig\u00e1nd SE<\/p>\n","protected":false},"excerpt":{"rendered":"<p>A Ny\u00edregyh\u00e1za Spartacus \u00e9s a Debreceni VSC ellen is p\u00e1ly\u00e1ra l\u00e9p a Cig\u00e1nd SE feln\u0151tt egy\u00fcttese a ny\u00e1ri felk\u00e9sz\u00fcl\u00e9s alatt. [&hellip;]<\/p>\n","protected":false},"author":1,"featured_media":3944,"comment_status":"open","ping_status":"open","sticky":false,"template":"","format":"standard","meta":{"_uag_custom_page_level_css":"","footnotes":""},"categories":[3],"tags":[],"class_list":["post-3943","post","type-post","status-publish","format-standard","has-post-thumbnail","hentry","category-hirek"],"yoast_head":"<!-- This site is optimized with the Yoast SEO plugin v25.5 - https:\/\/yoast.com\/wordpress\/plugins\/seo\/ -->\n<title>Megvan k\u00e9t NB I-es csapattal v\u00edvand\u00f3 ny\u00e1ri edz\u0151meccs\u00fcnk id\u0151pontja - Cig\u00e1nd Sportegyes\u00fclet hivatalos oldala<\/title>\n<meta name=\"robots\" content=\"index, follow, max-snippet:-1, max-image-preview:large, max-video-preview:-1\" \/>\n<link rel=\"canonical\" href=\"https:\/\/cigandse.hu\/index.php\/2024\/05\/15\/megvan-ket-nb-i-es-csapattal-vivando-nyari-edzomeccsunk-idopontja\/\" \/>\n<meta property=\"og:locale\" content=\"hu_HU\" \/>\n<meta property=\"og:type\" content=\"article\" \/>\n<meta property=\"og:title\" content=\"Megvan k\u00e9t NB I-es csapattal v\u00edvand\u00f3 ny\u00e1ri edz\u0151meccs\u00fcnk id\u0151pontja - Cig\u00e1nd Sportegyes\u00fclet hivatalos oldala\" \/>\n<meta property=\"og:description\" content=\"A Ny\u00edregyh\u00e1za Spartacus \u00e9s a Debreceni VSC ellen is p\u00e1ly\u00e1ra l\u00e9p a Cig\u00e1nd SE feln\u0151tt egy\u00fcttese a ny\u00e1ri felk\u00e9sz\u00fcl\u00e9s alatt. [&hellip;]\" \/>\n<meta property=\"og:url\" content=\"https:\/\/cigandse.hu\/index.php\/2024\/05\/15\/megvan-ket-nb-i-es-csapattal-vivando-nyari-edzomeccsunk-idopontja\/\" \/>\n<meta property=\"og:site_name\" content=\"Cig\u00e1nd Sportegyes\u00fclet hivatalos oldala\" \/>\n<meta property=\"article:publisher\" content=\"https:\/\/www.facebook.com\/CigandSportegyesulet\" \/>\n<meta property=\"article:published_time\" content=\"2024-05-15T10:54:53+00:00\" \/>\n<meta property=\"article:modified_time\" content=\"2024-05-15T11:29:39+00:00\" \/>\n<meta property=\"og:image\" content=\"https:\/\/cigandse.hu\/wp-content\/uploads\/2024\/05\/szpdv-scaled.jpg\" \/>\n\t<meta property=\"og:image:width\" content=\"2560\" \/>\n\t<meta property=\"og:image:height\" content=\"1440\" \/>\n\t<meta property=\"og:image:type\" content=\"image\/jpeg\" \/>\n<meta name=\"author\" content=\"admin\" \/>\n<meta name=\"twitter:card\" content=\"summary_large_image\" \/>\n<meta name=\"twitter:label1\" content=\"Szerz\u0151:\" \/>\n\t<meta name=\"twitter:data1\" content=\"admin\" \/>\n\t<meta name=\"twitter:label2\" content=\"Becs\u00fclt olvas\u00e1si id\u0151\" \/>\n\t<meta name=\"twitter:data2\" content=\"1 perc\" \/>\n<script type=\"application\/ld+json\" class=\"yoast-schema-graph\">{\"@context\":\"https:\/\/schema.org\",\"@graph\":[{\"@type\":\"Article\",\"@id\":\"https:\/\/cigandse.hu\/index.php\/2024\/05\/15\/megvan-ket-nb-i-es-csapattal-vivando-nyari-edzomeccsunk-idopontja\/#article\",\"isPartOf\":{\"@id\":\"https:\/\/cigandse.hu\/index.php\/2024\/05\/15\/megvan-ket-nb-i-es-csapattal-vivando-nyari-edzomeccsunk-idopontja\/\"},\"author\":{\"name\":\"admin\",\"@id\":\"https:\/\/cigandse.hu\/#\/schema\/person\/98ccf0ab8d41a299cc83f8d4bc3ad158\"},\"headline\":\"Megvan k\u00e9t NB I-es csapattal v\u00edvand\u00f3 ny\u00e1ri edz\u0151meccs\u00fcnk id\u0151pontja\",\"datePublished\":\"2024-05-15T10:54:53+00:00\",\"dateModified\":\"2024-05-15T11:29:39+00:00\",\"mainEntityOfPage\":{\"@id\":\"https:\/\/cigandse.hu\/index.php\/2024\/05\/15\/megvan-ket-nb-i-es-csapattal-vivando-nyari-edzomeccsunk-idopontja\/\"},\"wordCount\":117,\"commentCount\":0,\"publisher\":{\"@id\":\"https:\/\/cigandse.hu\/#organization\"},\"image\":{\"@id\":\"https:\/\/cigandse.hu\/index.php\/2024\/05\/15\/megvan-ket-nb-i-es-csapattal-vivando-nyari-edzomeccsunk-idopontja\/#primaryimage\"},\"thumbnailUrl\":\"https:\/\/cigandse.hu\/wp-content\/uploads\/2024\/05\/szpdv-scaled.jpg\",\"articleSection\":[\"H\u00edrek\"],\"inLanguage\":\"hu\",\"potentialAction\":[{\"@type\":\"CommentAction\",\"name\":\"Comment\",\"target\":[\"https:\/\/cigandse.hu\/index.php\/2024\/05\/15\/megvan-ket-nb-i-es-csapattal-vivando-nyari-edzomeccsunk-idopontja\/#respond\"]}]},{\"@type\":\"WebPage\",\"@id\":\"https:\/\/cigandse.hu\/index.php\/2024\/05\/15\/megvan-ket-nb-i-es-csapattal-vivando-nyari-edzomeccsunk-idopontja\/\",\"url\":\"https:\/\/cigandse.hu\/index.php\/2024\/05\/15\/megvan-ket-nb-i-es-csapattal-vivando-nyari-edzomeccsunk-idopontja\/\",\"name\":\"Megvan k\u00e9t NB I-es csapattal v\u00edvand\u00f3 ny\u00e1ri edz\u0151meccs\u00fcnk id\u0151pontja - Cig\u00e1nd Sportegyes\u00fclet hivatalos oldala\",\"isPartOf\":{\"@id\":\"https:\/\/cigandse.hu\/#website\"},\"primaryImageOfPage\":{\"@id\":\"https:\/\/cigandse.hu\/index.php\/2024\/05\/15\/megvan-ket-nb-i-es-csapattal-vivando-nyari-edzomeccsunk-idopontja\/#primaryimage\"},\"image\":{\"@id\":\"https:\/\/cigandse.hu\/index.php\/2024\/05\/15\/megvan-ket-nb-i-es-csapattal-vivando-nyari-edzomeccsunk-idopontja\/#primaryimage\"},\"thumbnailUrl\":\"https:\/\/cigandse.hu\/wp-content\/uploads\/2024\/05\/szpdv-scaled.jpg\",\"datePublished\":\"2024-05-15T10:54:53+00:00\",\"dateModified\":\"2024-05-15T11:29:39+00:00\",\"breadcrumb\":{\"@id\":\"https:\/\/cigandse.hu\/index.php\/2024\/05\/15\/megvan-ket-nb-i-es-csapattal-vivando-nyari-edzomeccsunk-idopontja\/#breadcrumb\"},\"inLanguage\":\"hu\",\"potentialAction\":[{\"@type\":\"ReadAction\",\"target\":[\"https:\/\/cigandse.hu\/index.php\/2024\/05\/15\/megvan-ket-nb-i-es-csapattal-vivando-nyari-edzomeccsunk-idopontja\/\"]}]},{\"@type\":\"ImageObject\",\"inLanguage\":\"hu\",\"@id\":\"https:\/\/cigandse.hu\/index.php\/2024\/05\/15\/megvan-ket-nb-i-es-csapattal-vivando-nyari-edzomeccsunk-idopontja\/#primaryimage\",\"url\":\"https:\/\/cigandse.hu\/wp-content\/uploads\/2024\/05\/szpdv-scaled.jpg\",\"contentUrl\":\"https:\/\/cigandse.hu\/wp-content\/uploads\/2024\/05\/szpdv-scaled.jpg\",\"width\":2560,\"height\":1440},{\"@type\":\"BreadcrumbList\",\"@id\":\"https:\/\/cigandse.hu\/index.php\/2024\/05\/15\/megvan-ket-nb-i-es-csapattal-vivando-nyari-edzomeccsunk-idopontja\/#breadcrumb\",\"itemListElement\":[{\"@type\":\"ListItem\",\"position\":1,\"name\":\"Kezd\u0151lap\",\"item\":\"https:\/\/cigandse.hu\/\"},{\"@type\":\"ListItem\",\"position\":2,\"name\":\"Megvan k\u00e9t NB I-es csapattal v\u00edvand\u00f3 ny\u00e1ri edz\u0151meccs\u00fcnk id\u0151pontja\"}]},{\"@type\":\"WebSite\",\"@id\":\"https:\/\/cigandse.hu\/#website\",\"url\":\"https:\/\/cigandse.hu\/\",\"name\":\"Cig\u00e1nd Sportegyes\u00fclet hivatalos oldala\",\"description\":\"Cig\u00e1nd Sportegyes\u00fclet hivatalos oldala\",\"publisher\":{\"@id\":\"https:\/\/cigandse.hu\/#organization\"},\"potentialAction\":[{\"@type\":\"SearchAction\",\"target\":{\"@type\":\"EntryPoint\",\"urlTemplate\":\"https:\/\/cigandse.hu\/?s={search_term_string}\"},\"query-input\":{\"@type\":\"PropertyValueSpecification\",\"valueRequired\":true,\"valueName\":\"search_term_string\"}}],\"inLanguage\":\"hu\"},{\"@type\":\"Organization\",\"@id\":\"https:\/\/cigandse.hu\/#organization\",\"name\":\"Cig\u00e1nd Sportegyes\u00fclet\",\"url\":\"https:\/\/cigandse.hu\/\",\"logo\":{\"@type\":\"ImageObject\",\"inLanguage\":\"hu\",\"@id\":\"https:\/\/cigandse.hu\/#\/schema\/logo\/image\/\",\"url\":\"https:\/\/cigandse.hu\/wp-content\/uploads\/2022\/04\/Cigand-SE-cimer-1.jpg\",\"contentUrl\":\"https:\/\/cigandse.hu\/wp-content\/uploads\/2022\/04\/Cigand-SE-cimer-1.jpg\",\"width\":1932,\"height\":2088,\"caption\":\"Cig\u00e1nd Sportegyes\u00fclet\"},\"image\":{\"@id\":\"https:\/\/cigandse.hu\/#\/schema\/logo\/image\/\"},\"sameAs\":[\"https:\/\/www.facebook.com\/CigandSportegyesulet\",\"https:\/\/www.youtube.com\/channel\/UC0prdKj31NqRteZ5J4bGUZw\",\"https:\/\/hu.wikipedia.org\/wiki\/Cig\u00e1nd_SE\"]},{\"@type\":\"Person\",\"@id\":\"https:\/\/cigandse.hu\/#\/schema\/person\/98ccf0ab8d41a299cc83f8d4bc3ad158\",\"name\":\"admin\",\"image\":{\"@type\":\"ImageObject\",\"inLanguage\":\"hu\",\"@id\":\"https:\/\/cigandse.hu\/#\/schema\/person\/image\/\",\"url\":\"https:\/\/secure.gravatar.com\/avatar\/807752e5a26584bf309283b840694667743fc07b907e4db41f77a58fb4b98337?s=96&d=mm&r=g\",\"contentUrl\":\"https:\/\/secure.gravatar.com\/avatar\/807752e5a26584bf309283b840694667743fc07b907e4db41f77a58fb4b98337?s=96&d=mm&r=g\",\"caption\":\"admin\"},\"sameAs\":[\"https:\/\/cigandse.hu\"],\"url\":\"https:\/\/cigandse.hu\/index.php\/author\/terjeksandor\/\"}]}<\/script>\n<!-- \/ Yoast SEO plugin. -->","yoast_head_json":{"title":"Megvan k\u00e9t NB I-es csapattal v\u00edvand\u00f3 ny\u00e1ri edz\u0151meccs\u00fcnk id\u0151pontja - Cig\u00e1nd Sportegyes\u00fclet hivatalos oldala","robots":{"index":"index","follow":"follow","max-snippet":"max-snippet:-1","max-image-preview":"max-image-preview:large","max-video-preview":"max-video-preview:-1"},"canonical":"https:\/\/cigandse.hu\/index.php\/2024\/05\/15\/megvan-ket-nb-i-es-csapattal-vivando-nyari-edzomeccsunk-idopontja\/","og_locale":"hu_HU","og_type":"article","og_title":"Megvan k\u00e9t NB I-es csapattal v\u00edvand\u00f3 ny\u00e1ri edz\u0151meccs\u00fcnk id\u0151pontja - Cig\u00e1nd Sportegyes\u00fclet hivatalos oldala","og_description":"A Ny\u00edregyh\u00e1za Spartacus \u00e9s a Debreceni VSC ellen is p\u00e1ly\u00e1ra l\u00e9p a Cig\u00e1nd SE feln\u0151tt egy\u00fcttese a ny\u00e1ri felk\u00e9sz\u00fcl\u00e9s alatt. [&hellip;]","og_url":"https:\/\/cigandse.hu\/index.php\/2024\/05\/15\/megvan-ket-nb-i-es-csapattal-vivando-nyari-edzomeccsunk-idopontja\/","og_site_name":"Cig\u00e1nd Sportegyes\u00fclet hivatalos oldala","article_publisher":"https:\/\/www.facebook.com\/CigandSportegyesulet","article_published_time":"2024-05-15T10:54:53+00:00","article_modified_time":"2024-05-15T11:29:39+00:00","og_image":[{"width":2560,"height":1440,"url":"https:\/\/cigandse.hu\/wp-content\/uploads\/2024\/05\/szpdv-scaled.jpg","type":"image\/jpeg"}],"author":"admin","twitter_card":"summary_large_image","twitter_misc":{"Szerz\u0151:":"admin","Becs\u00fclt olvas\u00e1si id\u0151":"1 perc"},"schema":{"@context":"https:\/\/schema.org","@graph":[{"@type":"Article","@id":"https:\/\/cigandse.hu\/index.php\/2024\/05\/15\/megvan-ket-nb-i-es-csapattal-vivando-nyari-edzomeccsunk-idopontja\/#article","isPartOf":{"@id":"https:\/\/cigandse.hu\/index.php\/2024\/05\/15\/megvan-ket-nb-i-es-csapattal-vivando-nyari-edzomeccsunk-idopontja\/"},"author":{"name":"admin","@id":"https:\/\/cigandse.hu\/#\/schema\/person\/98ccf0ab8d41a299cc83f8d4bc3ad158"},"headline":"Megvan k\u00e9t NB I-es csapattal v\u00edvand\u00f3 ny\u00e1ri edz\u0151meccs\u00fcnk id\u0151pontja","datePublished":"2024-05-15T10:54:53+00:00","dateModified":"2024-05-15T11:29:39+00:00","mainEntityOfPage":{"@id":"https:\/\/cigandse.hu\/index.php\/2024\/05\/15\/megvan-ket-nb-i-es-csapattal-vivando-nyari-edzomeccsunk-idopontja\/"},"wordCount":117,"commentCount":0,"publisher":{"@id":"https:\/\/cigandse.hu\/#organization"},"image":{"@id":"https:\/\/cigandse.hu\/index.php\/2024\/05\/15\/megvan-ket-nb-i-es-csapattal-vivando-nyari-edzomeccsunk-idopontja\/#primaryimage"},"thumbnailUrl":"https:\/\/cigandse.hu\/wp-content\/uploads\/2024\/05\/szpdv-scaled.jpg","articleSection":["H\u00edrek"],"inLanguage":"hu","potentialAction":[{"@type":"CommentAction","name":"Comment","target":["https:\/\/cigandse.hu\/index.php\/2024\/05\/15\/megvan-ket-nb-i-es-csapattal-vivando-nyari-edzomeccsunk-idopontja\/#respond"]}]},{"@type":"WebPage","@id":"https:\/\/cigandse.hu\/index.php\/2024\/05\/15\/megvan-ket-nb-i-es-csapattal-vivando-nyari-edzomeccsunk-idopontja\/","url":"https:\/\/cigandse.hu\/index.php\/2024\/05\/15\/megvan-ket-nb-i-es-csapattal-vivando-nyari-edzomeccsunk-idopontja\/","name":"Megvan k\u00e9t NB I-es csapattal v\u00edvand\u00f3 ny\u00e1ri edz\u0151meccs\u00fcnk id\u0151pontja - Cig\u00e1nd Sportegyes\u00fclet hivatalos oldala","isPartOf":{"@id":"https:\/\/cigandse.hu\/#website"},"primaryImageOfPage":{"@id":"https:\/\/cigandse.hu\/index.php\/2024\/05\/15\/megvan-ket-nb-i-es-csapattal-vivando-nyari-edzomeccsunk-idopontja\/#primaryimage"},"image":{"@id":"https:\/\/cigandse.hu\/index.php\/2024\/05\/15\/megvan-ket-nb-i-es-csapattal-vivando-nyari-edzomeccsunk-idopontja\/#primaryimage"},"thumbnailUrl":"https:\/\/cigandse.hu\/wp-content\/uploads\/2024\/05\/szpdv-scaled.jpg","datePublished":"2024-05-15T10:54:53+00:00","dateModified":"2024-05-15T11:29:39+00:00","breadcrumb":{"@id":"https:\/\/cigandse.hu\/index.php\/2024\/05\/15\/megvan-ket-nb-i-es-csapattal-vivando-nyari-edzomeccsunk-idopontja\/#breadcrumb"},"inLanguage":"hu","potentialAction":[{"@type":"ReadAction","target":["https:\/\/cigandse.hu\/index.php\/2024\/05\/15\/megvan-ket-nb-i-es-csapattal-vivando-nyari-edzomeccsunk-idopontja\/"]}]},{"@type":"ImageObject","inLanguage":"hu","@id":"https:\/\/cigandse.hu\/index.php\/2024\/05\/15\/megvan-ket-nb-i-es-csapattal-vivando-nyari-edzomeccsunk-idopontja\/#primaryimage","url":"https:\/\/cigandse.hu\/wp-content\/uploads\/2024\/05\/szpdv-scaled.jpg","contentUrl":"https:\/\/cigandse.hu\/wp-content\/uploads\/2024\/05\/szpdv-scaled.jpg","width":2560,"height":1440},{"@type":"BreadcrumbList","@id":"https:\/\/cigandse.hu\/index.php\/2024\/05\/15\/megvan-ket-nb-i-es-csapattal-vivando-nyari-edzomeccsunk-idopontja\/#breadcrumb","itemListElement":[{"@type":"ListItem","position":1,"name":"Kezd\u0151lap","item":"https:\/\/cigandse.hu\/"},{"@type":"ListItem","position":2,"name":"Megvan k\u00e9t NB I-es csapattal v\u00edvand\u00f3 ny\u00e1ri edz\u0151meccs\u00fcnk id\u0151pontja"}]},{"@type":"WebSite","@id":"https:\/\/cigandse.hu\/#website","url":"https:\/\/cigandse.hu\/","name":"Cig\u00e1nd Sportegyes\u00fclet hivatalos oldala","description":"Cig\u00e1nd Sportegyes\u00fclet hivatalos oldala","publisher":{"@id":"https:\/\/cigandse.hu\/#organization"},"potentialAction":[{"@type":"SearchAction","target":{"@type":"EntryPoint","urlTemplate":"https:\/\/cigandse.hu\/?s={search_term_string}"},"query-input":{"@type":"PropertyValueSpecification","valueRequired":true,"valueName":"search_term_string"}}],"inLanguage":"hu"},{"@type":"Organization","@id":"https:\/\/cigandse.hu\/#organization","name":"Cig\u00e1nd Sportegyes\u00fclet","url":"https:\/\/cigandse.hu\/","logo":{"@type":"ImageObject","inLanguage":"hu","@id":"https:\/\/cigandse.hu\/#\/schema\/logo\/image\/","url":"https:\/\/cigandse.hu\/wp-content\/uploads\/2022\/04\/Cigand-SE-cimer-1.jpg","contentUrl":"https:\/\/cigandse.hu\/wp-content\/uploads\/2022\/04\/Cigand-SE-cimer-1.jpg","width":1932,"height":2088,"caption":"Cig\u00e1nd Sportegyes\u00fclet"},"image":{"@id":"https:\/\/cigandse.hu\/#\/schema\/logo\/image\/"},"sameAs":["https:\/\/www.facebook.com\/CigandSportegyesulet","https:\/\/www.youtube.com\/channel\/UC0prdKj31NqRteZ5J4bGUZw","https:\/\/hu.wikipedia.org\/wiki\/Cig\u00e1nd_SE"]},{"@type":"Person","@id":"https:\/\/cigandse.hu\/#\/schema\/person\/98ccf0ab8d41a299cc83f8d4bc3ad158","name":"admin","image":{"@type":"ImageObject","inLanguage":"hu","@id":"https:\/\/cigandse.hu\/#\/schema\/person\/image\/","url":"https:\/\/secure.gravatar.com\/avatar\/807752e5a26584bf309283b840694667743fc07b907e4db41f77a58fb4b98337?s=96&d=mm&r=g","contentUrl":"https:\/\/secure.gravatar.com\/avatar\/807752e5a26584bf309283b840694667743fc07b907e4db41f77a58fb4b98337?s=96&d=mm&r=g","caption":"admin"},"sameAs":["https:\/\/cigandse.hu"],"url":"https:\/\/cigandse.hu\/index.php\/author\/terjeksandor\/"}]}},"uagb_featured_image_src":{"full":["https:\/\/cigandse.hu\/wp-content\/uploads\/2024\/05\/szpdv-scaled.jpg",2560,1440,false],"thumbnail":["https:\/\/cigandse.hu\/wp-content\/uploads\/2024\/05\/szpdv-150x150.jpg",150,150,true],"medium":["https:\/\/cigandse.hu\/wp-content\/uploads\/2024\/05\/szpdv-300x169.jpg",300,169,true],"medium_large":["https:\/\/cigandse.hu\/wp-content\/uploads\/2024\/05\/szpdv-768x432.jpg",680,383,true],"large":["https:\/\/cigandse.hu\/wp-content\/uploads\/2024\/05\/szpdv-1024x576.jpg",680,383,true],"1536x1536":["https:\/\/cigandse.hu\/wp-content\/uploads\/2024\/05\/szpdv-1536x864.jpg",1536,864,true],"2048x2048":["https:\/\/cigandse.hu\/wp-content\/uploads\/2024\/05\/szpdv-2048x1152.jpg",2048,1152,true],"sportspress-crop-medium":["https:\/\/cigandse.hu\/wp-content\/uploads\/2024\/05\/szpdv-300x300.jpg",300,300,true],"sportspress-fit-medium":["https:\/\/cigandse.hu\/wp-content\/uploads\/2024\/05\/szpdv-300x169.jpg",300,169,true],"sportspress-fit-icon":["https:\/\/cigandse.hu\/wp-content\/uploads\/2024\/05\/szpdv-128x72.jpg",128,72,true],"sportspress-fit-mini":["https:\/\/cigandse.hu\/wp-content\/uploads\/2024\/05\/szpdv-32x18.jpg",32,18,true]},"uagb_author_info":{"display_name":"admin","author_link":"https:\/\/cigandse.hu\/index.php\/author\/terjeksandor\/"},"uagb_comment_info":0,"uagb_excerpt":"A Ny\u00edregyh\u00e1za Spartacus \u00e9s a Debreceni VSC ellen is p\u00e1ly\u00e1ra l\u00e9p a Cig\u00e1nd SE feln\u0151tt egy\u00fcttese a ny\u00e1ri felk\u00e9sz\u00fcl\u00e9s alatt. [&hellip;]","_links":{"self":[{"href":"https:\/\/cigandse.hu\/index.php\/wp-json\/wp\/v2\/posts\/3943","targetHints":{"allow":["GET"]}}],"collection":[{"href":"https:\/\/cigandse.hu\/index.php\/wp-json\/wp\/v2\/posts"}],"about":[{"href":"https:\/\/cigandse.hu\/index.php\/wp-json\/wp\/v2\/types\/post"}],"author":[{"embeddable":true,"href":"https:\/\/cigandse.hu\/index.php\/wp-json\/wp\/v2\/users\/1"}],"replies":[{"embeddable":true,"href":"https:\/\/cigandse.hu\/index.php\/wp-json\/wp\/v2\/comments?post=3943"}],"version-history":[{"count":6,"href":"https:\/\/cigandse.hu\/index.php\/wp-json\/wp\/v2\/posts\/3943\/revisions"}],"predecessor-version":[{"id":3950,"href":"https:\/\/cigandse.hu\/index.php\/wp-json\/wp\/v2\/posts\/3943\/revisions\/3950"}],"wp:featuredmedia":[{"embeddable":true,"href":"https:\/\/cigandse.hu\/index.php\/wp-json\/wp\/v2\/media\/3944"}],"wp:attachment":[{"href":"https:\/\/cigandse.hu\/index.php\/wp-json\/wp\/v2\/media?parent=3943"}],"wp:term":[{"taxonomy":"category","embeddable":true,"href":"https:\/\/cigandse.hu\/index.php\/wp-json\/wp\/v2\/categories?post=3943"},{"taxonomy":"post_tag","embeddable":true,"href":"https:\/\/cigandse.hu\/index.php\/wp-json\/wp\/v2\/tags?post=3943"}],"curies":[{"name":"wp","href":"https:\/\/api.w.org\/{rel}","templated":true}]}}