{"id":4848,"date":"2024-10-07T16:43:54","date_gmt":"2024-10-07T14:43:54","guid":{"rendered":"https:\/\/cigandse.hu\/?p=4848"},"modified":"2024-10-07T16:58:38","modified_gmt":"2024-10-07T14:58:38","slug":"debreceni-tura-idosebb-korosztalyainknal","status":"publish","type":"post","link":"https:\/\/cigandse.hu\/index.php\/2024\/10\/07\/debreceni-tura-idosebb-korosztalyainknal\/","title":{"rendered":"Debreceni t\u00fara id\u0151sebb koroszt\u00e1lyainkn\u00e1l"},"content":{"rendered":"<p><img loading=\"lazy\" decoding=\"async\" class=\"wp-image-4743\" src=\"https:\/\/cigandse.hu\/wp-content\/uploads\/2024\/09\/rebben-300x175.jpg\" alt=\"\" width=\"800\" height=\"467\" srcset=\"https:\/\/cigandse.hu\/wp-content\/uploads\/2024\/09\/rebben-300x175.jpg 300w, https:\/\/cigandse.hu\/wp-content\/uploads\/2024\/09\/rebben-1024x597.jpg 1024w, https:\/\/cigandse.hu\/wp-content\/uploads\/2024\/09\/rebben-768x448.jpg 768w, https:\/\/cigandse.hu\/wp-content\/uploads\/2024\/09\/rebben-128x75.jpg 128w, https:\/\/cigandse.hu\/wp-content\/uploads\/2024\/09\/rebben-32x19.jpg 32w, https:\/\/cigandse.hu\/wp-content\/uploads\/2024\/09\/rebben.jpg 1200w\" sizes=\"auto, (max-width: 800px) 100vw, 800px\" \/><\/p>\n<p><strong>MLSZ REGION\u00c1LIS U19 ALAP KELETI CSOPORT, 6. FORDUL\u00d3:<\/strong><\/p>\n<p><b>DSI Debrecen\u2013Cig\u00e1nd SE 3\u20131 (2\u20131)<\/b><\/p>\n<p><strong>Nagy G\u00e1bor, edz\u0151:<\/strong> \u2013 A veres\u00e9g ellen\u00e9re gratul\u00e1lni \u00e9s k\u00f6sz\u00f6netet szeretn\u00e9k nyilv\u00e1n\u00edtani minden j\u00e1t\u00e9kosnak! Amit ezek a sr\u00e1cok h\u00e9tr\u0151l h\u00e9tre m\u0171velnek, minden elismer\u00e9st meg\u00e9rdemel! T\u00f6bben betegen, s\u00e9r\u00fclten j\u00e1tszanak, ami p\u00e9lda\u00e9rt\u00e9k\u0171! Az, hogy alulmaradtunk a mai m\u00e9rk\u0151z\u00e9sen, annyira nem is fontos. Viszont amire b\u00fcszk\u00e9k lehetnek a fi\u00fak, az az, hogya a m\u00e9rk\u0151z\u00e9s v\u00e9g\u00e9n a sportszer\u0171 ellenf\u00e9l edz\u0151je odaj\u00f6n \u00e9s gratul\u00e1l a csapatunknak, hogy ezt a meccset szerencs\u00e9vel nyert\u00e9k meg, az minden elismer\u00e9st meg\u00e9rdemel. Ezen az \u00faton kell menni tov\u00e1bb sr\u00e1cok, \u00e9s akkor el fognak ker\u00fclni minket azok az egy\u00e9ni hib\u00e1k is, amib\u0151l ma veres\u00e9get szenvedt\u00fcnk! Hajr\u00e1, CISE!<\/p>\n<div>\n<p>&nbsp;<\/p>\n<p><strong>MLSZ REGION\u00c1LIS U17 KELETI CSOPORT, 6. FORDUL\u00d3:<\/strong><\/p>\n<p><b>Bestrong SC\u2013Cig\u00e1nd SE 2\u20136 (1\u20133)<\/b><\/p>\n<\/div>\n<div>\n<div>\n<p><b>Nagy G\u00e1bor, edz\u0151:\u00a0<\/b>\u2013 J\u00f3l \u00e1lltak a sr\u00e1cok a m\u00e9rk\u0151z\u00e9shez, kez\u00fcnkbe vett\u00fck a kezdem\u00e9nyez\u00e9st, ami g\u00f3lokban is megmutatkozott. Sokat birtokoltuk a labd\u00e1t, viszont sokszor t\u00fcrelmetlenek voltunk t\u00e1mad\u00e1s fel\u00e9p\u00edt\u00e9sben. Az eredm\u00e9ny sok\u00e1ig szorosnak t\u0171nt, t\u00f6bbsz\u00f6r lez\u00e1rhattuk volna m\u00e9rk\u0151z\u00e9st, de sajnos \u201eegy\u00e9ni akci\u00f3ink&#8221; r\u00e9v\u00e9n nem tett\u00fck. \u00d6sszess\u00e9g\u00e9ben el\u00e9gedettek vagyunk a fi\u00fakkal, mert magabiztos gy\u0151zelmet arattak. Gratul\u00e1lunk mindenkinek! Ezt a hozz\u00e1\u00e1ll\u00e1st v\u00e1rjuk tov\u00e1bbra is, hogy t\u00e1mad\u00f3 felfog\u00e1sban pr\u00f3b\u00e1ljanak j\u00e1tszani a m\u00e9rk\u0151z\u00e9seken! Hajr\u00e1, CISE!<\/p>\n<\/div>\n<\/div>\n","protected":false},"excerpt":{"rendered":"<p>MLSZ REGION\u00c1LIS U19 ALAP KELETI CSOPORT, 6. FORDUL\u00d3: DSI Debrecen\u2013Cig\u00e1nd SE 3\u20131 (2\u20131) Nagy G\u00e1bor, edz\u0151: \u2013 A veres\u00e9g ellen\u00e9re [&hellip;]<\/p>\n","protected":false},"author":1,"featured_media":4743,"comment_status":"open","ping_status":"open","sticky":false,"template":"","format":"standard","meta":{"_uag_custom_page_level_css":"","footnotes":""},"categories":[3],"tags":[],"class_list":["post-4848","post","type-post","status-publish","format-standard","has-post-thumbnail","hentry","category-hirek"],"yoast_head":"<!-- This site is optimized with the Yoast SEO plugin v25.5 - https:\/\/yoast.com\/wordpress\/plugins\/seo\/ -->\n<title>Debreceni t\u00fara id\u0151sebb koroszt\u00e1lyainkn\u00e1l - Cig\u00e1nd Sportegyes\u00fclet hivatalos oldala<\/title>\n<meta name=\"robots\" content=\"index, follow, max-snippet:-1, max-image-preview:large, max-video-preview:-1\" \/>\n<link rel=\"canonical\" href=\"https:\/\/cigandse.hu\/index.php\/2024\/10\/07\/debreceni-tura-idosebb-korosztalyainknal\/\" \/>\n<meta property=\"og:locale\" content=\"hu_HU\" \/>\n<meta property=\"og:type\" content=\"article\" \/>\n<meta property=\"og:title\" content=\"Debreceni t\u00fara id\u0151sebb koroszt\u00e1lyainkn\u00e1l - Cig\u00e1nd Sportegyes\u00fclet hivatalos oldala\" \/>\n<meta property=\"og:description\" content=\"MLSZ REGION\u00c1LIS U19 ALAP KELETI CSOPORT, 6. FORDUL\u00d3: DSI Debrecen\u2013Cig\u00e1nd SE 3\u20131 (2\u20131) Nagy G\u00e1bor, edz\u0151: \u2013 A veres\u00e9g ellen\u00e9re [&hellip;]\" \/>\n<meta property=\"og:url\" content=\"https:\/\/cigandse.hu\/index.php\/2024\/10\/07\/debreceni-tura-idosebb-korosztalyainknal\/\" \/>\n<meta property=\"og:site_name\" content=\"Cig\u00e1nd Sportegyes\u00fclet hivatalos oldala\" \/>\n<meta property=\"article:publisher\" content=\"https:\/\/www.facebook.com\/CigandSportegyesulet\" \/>\n<meta property=\"article:published_time\" content=\"2024-10-07T14:43:54+00:00\" \/>\n<meta property=\"article:modified_time\" content=\"2024-10-07T14:58:38+00:00\" \/>\n<meta property=\"og:image\" content=\"https:\/\/cigandse.hu\/wp-content\/uploads\/2024\/09\/rebben.jpg\" \/>\n\t<meta property=\"og:image:width\" content=\"1200\" \/>\n\t<meta property=\"og:image:height\" content=\"700\" \/>\n\t<meta property=\"og:image:type\" content=\"image\/jpeg\" \/>\n<meta name=\"author\" content=\"admin\" \/>\n<meta name=\"twitter:card\" content=\"summary_large_image\" \/>\n<meta name=\"twitter:label1\" content=\"Szerz\u0151:\" \/>\n\t<meta name=\"twitter:data1\" content=\"admin\" \/>\n\t<meta name=\"twitter:label2\" content=\"Becs\u00fclt olvas\u00e1si id\u0151\" \/>\n\t<meta name=\"twitter:data2\" content=\"2 perc\" \/>\n<script type=\"application\/ld+json\" class=\"yoast-schema-graph\">{\"@context\":\"https:\/\/schema.org\",\"@graph\":[{\"@type\":\"Article\",\"@id\":\"https:\/\/cigandse.hu\/index.php\/2024\/10\/07\/debreceni-tura-idosebb-korosztalyainknal\/#article\",\"isPartOf\":{\"@id\":\"https:\/\/cigandse.hu\/index.php\/2024\/10\/07\/debreceni-tura-idosebb-korosztalyainknal\/\"},\"author\":{\"name\":\"admin\",\"@id\":\"https:\/\/cigandse.hu\/#\/schema\/person\/98ccf0ab8d41a299cc83f8d4bc3ad158\"},\"headline\":\"Debreceni t\u00fara id\u0151sebb koroszt\u00e1lyainkn\u00e1l\",\"datePublished\":\"2024-10-07T14:43:54+00:00\",\"dateModified\":\"2024-10-07T14:58:38+00:00\",\"mainEntityOfPage\":{\"@id\":\"https:\/\/cigandse.hu\/index.php\/2024\/10\/07\/debreceni-tura-idosebb-korosztalyainknal\/\"},\"wordCount\":300,\"commentCount\":0,\"publisher\":{\"@id\":\"https:\/\/cigandse.hu\/#organization\"},\"image\":{\"@id\":\"https:\/\/cigandse.hu\/index.php\/2024\/10\/07\/debreceni-tura-idosebb-korosztalyainknal\/#primaryimage\"},\"thumbnailUrl\":\"https:\/\/cigandse.hu\/wp-content\/uploads\/2024\/09\/rebben.jpg\",\"articleSection\":[\"H\u00edrek\"],\"inLanguage\":\"hu\",\"potentialAction\":[{\"@type\":\"CommentAction\",\"name\":\"Comment\",\"target\":[\"https:\/\/cigandse.hu\/index.php\/2024\/10\/07\/debreceni-tura-idosebb-korosztalyainknal\/#respond\"]}]},{\"@type\":\"WebPage\",\"@id\":\"https:\/\/cigandse.hu\/index.php\/2024\/10\/07\/debreceni-tura-idosebb-korosztalyainknal\/\",\"url\":\"https:\/\/cigandse.hu\/index.php\/2024\/10\/07\/debreceni-tura-idosebb-korosztalyainknal\/\",\"name\":\"Debreceni t\u00fara id\u0151sebb koroszt\u00e1lyainkn\u00e1l - Cig\u00e1nd Sportegyes\u00fclet hivatalos oldala\",\"isPartOf\":{\"@id\":\"https:\/\/cigandse.hu\/#website\"},\"primaryImageOfPage\":{\"@id\":\"https:\/\/cigandse.hu\/index.php\/2024\/10\/07\/debreceni-tura-idosebb-korosztalyainknal\/#primaryimage\"},\"image\":{\"@id\":\"https:\/\/cigandse.hu\/index.php\/2024\/10\/07\/debreceni-tura-idosebb-korosztalyainknal\/#primaryimage\"},\"thumbnailUrl\":\"https:\/\/cigandse.hu\/wp-content\/uploads\/2024\/09\/rebben.jpg\",\"datePublished\":\"2024-10-07T14:43:54+00:00\",\"dateModified\":\"2024-10-07T14:58:38+00:00\",\"breadcrumb\":{\"@id\":\"https:\/\/cigandse.hu\/index.php\/2024\/10\/07\/debreceni-tura-idosebb-korosztalyainknal\/#breadcrumb\"},\"inLanguage\":\"hu\",\"potentialAction\":[{\"@type\":\"ReadAction\",\"target\":[\"https:\/\/cigandse.hu\/index.php\/2024\/10\/07\/debreceni-tura-idosebb-korosztalyainknal\/\"]}]},{\"@type\":\"ImageObject\",\"inLanguage\":\"hu\",\"@id\":\"https:\/\/cigandse.hu\/index.php\/2024\/10\/07\/debreceni-tura-idosebb-korosztalyainknal\/#primaryimage\",\"url\":\"https:\/\/cigandse.hu\/wp-content\/uploads\/2024\/09\/rebben.jpg\",\"contentUrl\":\"https:\/\/cigandse.hu\/wp-content\/uploads\/2024\/09\/rebben.jpg\",\"width\":1200,\"height\":700,\"caption\":\"Boys Text Style Effect\"},{\"@type\":\"BreadcrumbList\",\"@id\":\"https:\/\/cigandse.hu\/index.php\/2024\/10\/07\/debreceni-tura-idosebb-korosztalyainknal\/#breadcrumb\",\"itemListElement\":[{\"@type\":\"ListItem\",\"position\":1,\"name\":\"Kezd\u0151lap\",\"item\":\"https:\/\/cigandse.hu\/\"},{\"@type\":\"ListItem\",\"position\":2,\"name\":\"Debreceni t\u00fara id\u0151sebb koroszt\u00e1lyainkn\u00e1l\"}]},{\"@type\":\"WebSite\",\"@id\":\"https:\/\/cigandse.hu\/#website\",\"url\":\"https:\/\/cigandse.hu\/\",\"name\":\"Cig\u00e1nd Sportegyes\u00fclet hivatalos oldala\",\"description\":\"Cig\u00e1nd Sportegyes\u00fclet hivatalos oldala\",\"publisher\":{\"@id\":\"https:\/\/cigandse.hu\/#organization\"},\"potentialAction\":[{\"@type\":\"SearchAction\",\"target\":{\"@type\":\"EntryPoint\",\"urlTemplate\":\"https:\/\/cigandse.hu\/?s={search_term_string}\"},\"query-input\":{\"@type\":\"PropertyValueSpecification\",\"valueRequired\":true,\"valueName\":\"search_term_string\"}}],\"inLanguage\":\"hu\"},{\"@type\":\"Organization\",\"@id\":\"https:\/\/cigandse.hu\/#organization\",\"name\":\"Cig\u00e1nd Sportegyes\u00fclet\",\"url\":\"https:\/\/cigandse.hu\/\",\"logo\":{\"@type\":\"ImageObject\",\"inLanguage\":\"hu\",\"@id\":\"https:\/\/cigandse.hu\/#\/schema\/logo\/image\/\",\"url\":\"https:\/\/cigandse.hu\/wp-content\/uploads\/2022\/04\/Cigand-SE-cimer-1.jpg\",\"contentUrl\":\"https:\/\/cigandse.hu\/wp-content\/uploads\/2022\/04\/Cigand-SE-cimer-1.jpg\",\"width\":1932,\"height\":2088,\"caption\":\"Cig\u00e1nd Sportegyes\u00fclet\"},\"image\":{\"@id\":\"https:\/\/cigandse.hu\/#\/schema\/logo\/image\/\"},\"sameAs\":[\"https:\/\/www.facebook.com\/CigandSportegyesulet\",\"https:\/\/www.youtube.com\/channel\/UC0prdKj31NqRteZ5J4bGUZw\",\"https:\/\/hu.wikipedia.org\/wiki\/Cig\u00e1nd_SE\"]},{\"@type\":\"Person\",\"@id\":\"https:\/\/cigandse.hu\/#\/schema\/person\/98ccf0ab8d41a299cc83f8d4bc3ad158\",\"name\":\"admin\",\"image\":{\"@type\":\"ImageObject\",\"inLanguage\":\"hu\",\"@id\":\"https:\/\/cigandse.hu\/#\/schema\/person\/image\/\",\"url\":\"https:\/\/secure.gravatar.com\/avatar\/807752e5a26584bf309283b840694667743fc07b907e4db41f77a58fb4b98337?s=96&d=mm&r=g\",\"contentUrl\":\"https:\/\/secure.gravatar.com\/avatar\/807752e5a26584bf309283b840694667743fc07b907e4db41f77a58fb4b98337?s=96&d=mm&r=g\",\"caption\":\"admin\"},\"sameAs\":[\"https:\/\/cigandse.hu\"],\"url\":\"https:\/\/cigandse.hu\/index.php\/author\/terjeksandor\/\"}]}<\/script>\n<!-- \/ Yoast SEO plugin. -->","yoast_head_json":{"title":"Debreceni t\u00fara id\u0151sebb koroszt\u00e1lyainkn\u00e1l - Cig\u00e1nd Sportegyes\u00fclet hivatalos oldala","robots":{"index":"index","follow":"follow","max-snippet":"max-snippet:-1","max-image-preview":"max-image-preview:large","max-video-preview":"max-video-preview:-1"},"canonical":"https:\/\/cigandse.hu\/index.php\/2024\/10\/07\/debreceni-tura-idosebb-korosztalyainknal\/","og_locale":"hu_HU","og_type":"article","og_title":"Debreceni t\u00fara id\u0151sebb koroszt\u00e1lyainkn\u00e1l - Cig\u00e1nd Sportegyes\u00fclet hivatalos oldala","og_description":"MLSZ REGION\u00c1LIS U19 ALAP KELETI CSOPORT, 6. FORDUL\u00d3: DSI Debrecen\u2013Cig\u00e1nd SE 3\u20131 (2\u20131) Nagy G\u00e1bor, edz\u0151: \u2013 A veres\u00e9g ellen\u00e9re [&hellip;]","og_url":"https:\/\/cigandse.hu\/index.php\/2024\/10\/07\/debreceni-tura-idosebb-korosztalyainknal\/","og_site_name":"Cig\u00e1nd Sportegyes\u00fclet hivatalos oldala","article_publisher":"https:\/\/www.facebook.com\/CigandSportegyesulet","article_published_time":"2024-10-07T14:43:54+00:00","article_modified_time":"2024-10-07T14:58:38+00:00","og_image":[{"width":1200,"height":700,"url":"https:\/\/cigandse.hu\/wp-content\/uploads\/2024\/09\/rebben.jpg","type":"image\/jpeg"}],"author":"admin","twitter_card":"summary_large_image","twitter_misc":{"Szerz\u0151:":"admin","Becs\u00fclt olvas\u00e1si id\u0151":"2 perc"},"schema":{"@context":"https:\/\/schema.org","@graph":[{"@type":"Article","@id":"https:\/\/cigandse.hu\/index.php\/2024\/10\/07\/debreceni-tura-idosebb-korosztalyainknal\/#article","isPartOf":{"@id":"https:\/\/cigandse.hu\/index.php\/2024\/10\/07\/debreceni-tura-idosebb-korosztalyainknal\/"},"author":{"name":"admin","@id":"https:\/\/cigandse.hu\/#\/schema\/person\/98ccf0ab8d41a299cc83f8d4bc3ad158"},"headline":"Debreceni t\u00fara id\u0151sebb koroszt\u00e1lyainkn\u00e1l","datePublished":"2024-10-07T14:43:54+00:00","dateModified":"2024-10-07T14:58:38+00:00","mainEntityOfPage":{"@id":"https:\/\/cigandse.hu\/index.php\/2024\/10\/07\/debreceni-tura-idosebb-korosztalyainknal\/"},"wordCount":300,"commentCount":0,"publisher":{"@id":"https:\/\/cigandse.hu\/#organization"},"image":{"@id":"https:\/\/cigandse.hu\/index.php\/2024\/10\/07\/debreceni-tura-idosebb-korosztalyainknal\/#primaryimage"},"thumbnailUrl":"https:\/\/cigandse.hu\/wp-content\/uploads\/2024\/09\/rebben.jpg","articleSection":["H\u00edrek"],"inLanguage":"hu","potentialAction":[{"@type":"CommentAction","name":"Comment","target":["https:\/\/cigandse.hu\/index.php\/2024\/10\/07\/debreceni-tura-idosebb-korosztalyainknal\/#respond"]}]},{"@type":"WebPage","@id":"https:\/\/cigandse.hu\/index.php\/2024\/10\/07\/debreceni-tura-idosebb-korosztalyainknal\/","url":"https:\/\/cigandse.hu\/index.php\/2024\/10\/07\/debreceni-tura-idosebb-korosztalyainknal\/","name":"Debreceni t\u00fara id\u0151sebb koroszt\u00e1lyainkn\u00e1l - Cig\u00e1nd Sportegyes\u00fclet hivatalos oldala","isPartOf":{"@id":"https:\/\/cigandse.hu\/#website"},"primaryImageOfPage":{"@id":"https:\/\/cigandse.hu\/index.php\/2024\/10\/07\/debreceni-tura-idosebb-korosztalyainknal\/#primaryimage"},"image":{"@id":"https:\/\/cigandse.hu\/index.php\/2024\/10\/07\/debreceni-tura-idosebb-korosztalyainknal\/#primaryimage"},"thumbnailUrl":"https:\/\/cigandse.hu\/wp-content\/uploads\/2024\/09\/rebben.jpg","datePublished":"2024-10-07T14:43:54+00:00","dateModified":"2024-10-07T14:58:38+00:00","breadcrumb":{"@id":"https:\/\/cigandse.hu\/index.php\/2024\/10\/07\/debreceni-tura-idosebb-korosztalyainknal\/#breadcrumb"},"inLanguage":"hu","potentialAction":[{"@type":"ReadAction","target":["https:\/\/cigandse.hu\/index.php\/2024\/10\/07\/debreceni-tura-idosebb-korosztalyainknal\/"]}]},{"@type":"ImageObject","inLanguage":"hu","@id":"https:\/\/cigandse.hu\/index.php\/2024\/10\/07\/debreceni-tura-idosebb-korosztalyainknal\/#primaryimage","url":"https:\/\/cigandse.hu\/wp-content\/uploads\/2024\/09\/rebben.jpg","contentUrl":"https:\/\/cigandse.hu\/wp-content\/uploads\/2024\/09\/rebben.jpg","width":1200,"height":700,"caption":"Boys Text Style Effect"},{"@type":"BreadcrumbList","@id":"https:\/\/cigandse.hu\/index.php\/2024\/10\/07\/debreceni-tura-idosebb-korosztalyainknal\/#breadcrumb","itemListElement":[{"@type":"ListItem","position":1,"name":"Kezd\u0151lap","item":"https:\/\/cigandse.hu\/"},{"@type":"ListItem","position":2,"name":"Debreceni t\u00fara id\u0151sebb koroszt\u00e1lyainkn\u00e1l"}]},{"@type":"WebSite","@id":"https:\/\/cigandse.hu\/#website","url":"https:\/\/cigandse.hu\/","name":"Cig\u00e1nd Sportegyes\u00fclet hivatalos oldala","description":"Cig\u00e1nd Sportegyes\u00fclet hivatalos oldala","publisher":{"@id":"https:\/\/cigandse.hu\/#organization"},"potentialAction":[{"@type":"SearchAction","target":{"@type":"EntryPoint","urlTemplate":"https:\/\/cigandse.hu\/?s={search_term_string}"},"query-input":{"@type":"PropertyValueSpecification","valueRequired":true,"valueName":"search_term_string"}}],"inLanguage":"hu"},{"@type":"Organization","@id":"https:\/\/cigandse.hu\/#organization","name":"Cig\u00e1nd Sportegyes\u00fclet","url":"https:\/\/cigandse.hu\/","logo":{"@type":"ImageObject","inLanguage":"hu","@id":"https:\/\/cigandse.hu\/#\/schema\/logo\/image\/","url":"https:\/\/cigandse.hu\/wp-content\/uploads\/2022\/04\/Cigand-SE-cimer-1.jpg","contentUrl":"https:\/\/cigandse.hu\/wp-content\/uploads\/2022\/04\/Cigand-SE-cimer-1.jpg","width":1932,"height":2088,"caption":"Cig\u00e1nd Sportegyes\u00fclet"},"image":{"@id":"https:\/\/cigandse.hu\/#\/schema\/logo\/image\/"},"sameAs":["https:\/\/www.facebook.com\/CigandSportegyesulet","https:\/\/www.youtube.com\/channel\/UC0prdKj31NqRteZ5J4bGUZw","https:\/\/hu.wikipedia.org\/wiki\/Cig\u00e1nd_SE"]},{"@type":"Person","@id":"https:\/\/cigandse.hu\/#\/schema\/person\/98ccf0ab8d41a299cc83f8d4bc3ad158","name":"admin","image":{"@type":"ImageObject","inLanguage":"hu","@id":"https:\/\/cigandse.hu\/#\/schema\/person\/image\/","url":"https:\/\/secure.gravatar.com\/avatar\/807752e5a26584bf309283b840694667743fc07b907e4db41f77a58fb4b98337?s=96&d=mm&r=g","contentUrl":"https:\/\/secure.gravatar.com\/avatar\/807752e5a26584bf309283b840694667743fc07b907e4db41f77a58fb4b98337?s=96&d=mm&r=g","caption":"admin"},"sameAs":["https:\/\/cigandse.hu"],"url":"https:\/\/cigandse.hu\/index.php\/author\/terjeksandor\/"}]}},"uagb_featured_image_src":{"full":["https:\/\/cigandse.hu\/wp-content\/uploads\/2024\/09\/rebben.jpg",1200,700,false],"thumbnail":["https:\/\/cigandse.hu\/wp-content\/uploads\/2024\/09\/rebben-150x150.jpg",150,150,true],"medium":["https:\/\/cigandse.hu\/wp-content\/uploads\/2024\/09\/rebben-300x175.jpg",300,175,true],"medium_large":["https:\/\/cigandse.hu\/wp-content\/uploads\/2024\/09\/rebben-768x448.jpg",680,397,true],"large":["https:\/\/cigandse.hu\/wp-content\/uploads\/2024\/09\/rebben-1024x597.jpg",680,396,true],"1536x1536":["https:\/\/cigandse.hu\/wp-content\/uploads\/2024\/09\/rebben.jpg",1200,700,false],"2048x2048":["https:\/\/cigandse.hu\/wp-content\/uploads\/2024\/09\/rebben.jpg",1200,700,false],"sportspress-crop-medium":["https:\/\/cigandse.hu\/wp-content\/uploads\/2024\/09\/rebben-300x300.jpg",300,300,true],"sportspress-fit-medium":["https:\/\/cigandse.hu\/wp-content\/uploads\/2024\/09\/rebben-300x175.jpg",300,175,true],"sportspress-fit-icon":["https:\/\/cigandse.hu\/wp-content\/uploads\/2024\/09\/rebben-128x75.jpg",128,75,true],"sportspress-fit-mini":["https:\/\/cigandse.hu\/wp-content\/uploads\/2024\/09\/rebben-32x19.jpg",32,19,true]},"uagb_author_info":{"display_name":"admin","author_link":"https:\/\/cigandse.hu\/index.php\/author\/terjeksandor\/"},"uagb_comment_info":0,"uagb_excerpt":"MLSZ REGION\u00c1LIS U19 ALAP KELETI CSOPORT, 6. FORDUL\u00d3: DSI Debrecen\u2013Cig\u00e1nd SE 3\u20131 (2\u20131) Nagy G\u00e1bor, edz\u0151: \u2013 A veres\u00e9g ellen\u00e9re [&hellip;]","_links":{"self":[{"href":"https:\/\/cigandse.hu\/index.php\/wp-json\/wp\/v2\/posts\/4848","targetHints":{"allow":["GET"]}}],"collection":[{"href":"https:\/\/cigandse.hu\/index.php\/wp-json\/wp\/v2\/posts"}],"about":[{"href":"https:\/\/cigandse.hu\/index.php\/wp-json\/wp\/v2\/types\/post"}],"author":[{"embeddable":true,"href":"https:\/\/cigandse.hu\/index.php\/wp-json\/wp\/v2\/users\/1"}],"replies":[{"embeddable":true,"href":"https:\/\/cigandse.hu\/index.php\/wp-json\/wp\/v2\/comments?post=4848"}],"version-history":[{"count":2,"href":"https:\/\/cigandse.hu\/index.php\/wp-json\/wp\/v2\/posts\/4848\/revisions"}],"predecessor-version":[{"id":4850,"href":"https:\/\/cigandse.hu\/index.php\/wp-json\/wp\/v2\/posts\/4848\/revisions\/4850"}],"wp:featuredmedia":[{"embeddable":true,"href":"https:\/\/cigandse.hu\/index.php\/wp-json\/wp\/v2\/media\/4743"}],"wp:attachment":[{"href":"https:\/\/cigandse.hu\/index.php\/wp-json\/wp\/v2\/media?parent=4848"}],"wp:term":[{"taxonomy":"category","embeddable":true,"href":"https:\/\/cigandse.hu\/index.php\/wp-json\/wp\/v2\/categories?post=4848"},{"taxonomy":"post_tag","embeddable":true,"href":"https:\/\/cigandse.hu\/index.php\/wp-json\/wp\/v2\/tags?post=4848"}],"curies":[{"name":"wp","href":"https:\/\/api.w.org\/{rel}","templated":true}]}}