{"id":5099,"date":"2024-11-11T15:01:36","date_gmt":"2024-11-11T13:01:36","guid":{"rendered":"https:\/\/cigandse.hu\/?p=5099"},"modified":"2024-11-11T15:03:57","modified_gmt":"2024-11-11T13:03:57","slug":"u19-es-csapatunk-folenyesen-gyozott-veretlen-u17-es-gardank-debreceni-ellenfele-nem-erkezett-meg","status":"publish","type":"post","link":"https:\/\/cigandse.hu\/index.php\/2024\/11\/11\/u19-es-csapatunk-folenyesen-gyozott-veretlen-u17-es-gardank-debreceni-ellenfele-nem-erkezett-meg\/","title":{"rendered":"U19-es csapatunk f\u00f6l\u00e9nyesen gy\u0151z\u00f6tt, veretlen U17-es g\u00e1rd\u00e1nk debreceni ellenfele nem \u00e9rkezett meg"},"content":{"rendered":"<p><img loading=\"lazy\" decoding=\"async\" class=\"wp-image-4743\" src=\"https:\/\/cigandse.hu\/wp-content\/uploads\/2024\/09\/rebben-300x175.jpg\" alt=\"\" width=\"800\" height=\"467\" srcset=\"https:\/\/cigandse.hu\/wp-content\/uploads\/2024\/09\/rebben-300x175.jpg 300w, https:\/\/cigandse.hu\/wp-content\/uploads\/2024\/09\/rebben-1024x597.jpg 1024w, https:\/\/cigandse.hu\/wp-content\/uploads\/2024\/09\/rebben-768x448.jpg 768w, https:\/\/cigandse.hu\/wp-content\/uploads\/2024\/09\/rebben-128x75.jpg 128w, https:\/\/cigandse.hu\/wp-content\/uploads\/2024\/09\/rebben-32x19.jpg 32w, https:\/\/cigandse.hu\/wp-content\/uploads\/2024\/09\/rebben.jpg 1200w\" sizes=\"auto, (max-width: 800px) 100vw, 800px\" \/><\/p>\n<p><strong>MLSZ REGION\u00c1LIS U19 ALAP KELETI CSOPORT, 11. FORDUL\u00d3:<\/strong><\/p>\n<p><b>Cig\u00e1nd SE\u2013Tiszavasv\u00e1ri SE 10\u20130 (2\u20130)<\/b><\/p>\n<p><strong>Nagy G\u00e1bor, edz\u0151:<\/strong> \u2013 Az els\u0151 perct\u0151l kezdve kez\u00fcnkbe vett\u00fck a kezdem\u00e9nyez\u00e9st, ami labdabirtokl\u00e1sban \u00e9s helyzetek kidolgoz\u00e1s\u00e1ban is megmutatkozott. A m\u00e1sodik f\u00e9lid\u0151ben is tov\u00e1bb folytattuk a g\u00f3lrat\u00f6r\u0151 j\u00e1t\u00e9kunkat, ahol m\u00e1r t\u00f6bb tal\u00e1latot is siker\u00fclt szerezn\u00fcnk. Volt egy r\u00e9sze a m\u00e9rk\u0151z\u00e9snek, amikor k\u00f6nnyelm\u0171en kezdt\u00fcnk j\u00e1tszani, ami nem tetszett, ebb\u0151l tanulnunk kell! Gratul\u00e1lunk mindenkinek a nagyar\u00e1ny\u00fa gy\u0151zelemhez, \u00e9s k\u00fcl\u00f6n az\u00e9rt, mert nem kaptunk g\u00f3lt!<\/p>\n<div>\n<p>&nbsp;<\/p>\n<p><strong>MLSZ REGION\u00c1LIS U17 KELETI CSOPORT, 11. FORDUL\u00d3:<\/strong><\/p>\n<p><b>Cig\u00e1nd SE\u2013DSI Debrecen <em>elmaradt<\/em><\/b><\/p>\n<\/div>\n<div>\n<div>\n<p><b>Nagy G\u00e1bor, edz\u0151:\u00a0<\/b>\u2013Sajnos az ellenf\u00e9l csapat\u00e1nak lerobbant a busza, ez\u00e9rt nem \u00e9rkeztek meg. T\u00f6bbsz\u00f6ri telefonegyeztet\u00e9s alatt csapatunk sportszer\u0171en felaj\u00e1nlotta, hogy b\u00e1rmennyit v\u00e1rnak az ellenf\u00e9lre, hogy le tudj\u00e1k j\u00e1tszani a m\u00e9rk\u0151z\u00e9st, de sajnos a Debreceni SI csapat\u00e1nak a k\u00e9s\u0151bbi id\u0151pont m\u00e1r nem felelt meg.<\/p>\n<\/div>\n<\/div>\n","protected":false},"excerpt":{"rendered":"<p>MLSZ REGION\u00c1LIS U19 ALAP KELETI CSOPORT, 11. FORDUL\u00d3: Cig\u00e1nd SE\u2013Tiszavasv\u00e1ri SE 10\u20130 (2\u20130) Nagy G\u00e1bor, edz\u0151: \u2013 Az els\u0151 perct\u0151l [&hellip;]<\/p>\n","protected":false},"author":1,"featured_media":4743,"comment_status":"open","ping_status":"open","sticky":false,"template":"","format":"standard","meta":{"_uag_custom_page_level_css":"","footnotes":""},"categories":[3],"tags":[],"class_list":["post-5099","post","type-post","status-publish","format-standard","has-post-thumbnail","hentry","category-hirek"],"yoast_head":"<!-- This site is optimized with the Yoast SEO plugin v25.5 - https:\/\/yoast.com\/wordpress\/plugins\/seo\/ -->\n<title>U19-es csapatunk f\u00f6l\u00e9nyesen gy\u0151z\u00f6tt, veretlen U17-es g\u00e1rd\u00e1nk debreceni ellenfele nem \u00e9rkezett meg - Cig\u00e1nd Sportegyes\u00fclet hivatalos oldala<\/title>\n<meta name=\"robots\" content=\"index, follow, max-snippet:-1, max-image-preview:large, max-video-preview:-1\" \/>\n<link rel=\"canonical\" href=\"https:\/\/cigandse.hu\/index.php\/2024\/11\/11\/u19-es-csapatunk-folenyesen-gyozott-veretlen-u17-es-gardank-debreceni-ellenfele-nem-erkezett-meg\/\" \/>\n<meta property=\"og:locale\" content=\"hu_HU\" \/>\n<meta property=\"og:type\" content=\"article\" \/>\n<meta property=\"og:title\" content=\"U19-es csapatunk f\u00f6l\u00e9nyesen gy\u0151z\u00f6tt, veretlen U17-es g\u00e1rd\u00e1nk debreceni ellenfele nem \u00e9rkezett meg - Cig\u00e1nd Sportegyes\u00fclet hivatalos oldala\" \/>\n<meta property=\"og:description\" content=\"MLSZ REGION\u00c1LIS U19 ALAP KELETI CSOPORT, 11. FORDUL\u00d3: Cig\u00e1nd SE\u2013Tiszavasv\u00e1ri SE 10\u20130 (2\u20130) Nagy G\u00e1bor, edz\u0151: \u2013 Az els\u0151 perct\u0151l [&hellip;]\" \/>\n<meta property=\"og:url\" content=\"https:\/\/cigandse.hu\/index.php\/2024\/11\/11\/u19-es-csapatunk-folenyesen-gyozott-veretlen-u17-es-gardank-debreceni-ellenfele-nem-erkezett-meg\/\" \/>\n<meta property=\"og:site_name\" content=\"Cig\u00e1nd Sportegyes\u00fclet hivatalos oldala\" \/>\n<meta property=\"article:publisher\" content=\"https:\/\/www.facebook.com\/CigandSportegyesulet\" \/>\n<meta property=\"article:published_time\" content=\"2024-11-11T13:01:36+00:00\" \/>\n<meta property=\"article:modified_time\" content=\"2024-11-11T13:03:57+00:00\" \/>\n<meta property=\"og:image\" content=\"https:\/\/cigandse.hu\/wp-content\/uploads\/2024\/09\/rebben.jpg\" \/>\n\t<meta property=\"og:image:width\" content=\"1200\" \/>\n\t<meta property=\"og:image:height\" content=\"700\" \/>\n\t<meta property=\"og:image:type\" content=\"image\/jpeg\" \/>\n<meta name=\"author\" content=\"admin\" \/>\n<meta name=\"twitter:card\" content=\"summary_large_image\" \/>\n<meta name=\"twitter:label1\" content=\"Szerz\u0151:\" \/>\n\t<meta name=\"twitter:data1\" content=\"admin\" \/>\n\t<meta name=\"twitter:label2\" content=\"Becs\u00fclt olvas\u00e1si id\u0151\" \/>\n\t<meta name=\"twitter:data2\" content=\"2 perc\" \/>\n<script type=\"application\/ld+json\" class=\"yoast-schema-graph\">{\"@context\":\"https:\/\/schema.org\",\"@graph\":[{\"@type\":\"Article\",\"@id\":\"https:\/\/cigandse.hu\/index.php\/2024\/11\/11\/u19-es-csapatunk-folenyesen-gyozott-veretlen-u17-es-gardank-debreceni-ellenfele-nem-erkezett-meg\/#article\",\"isPartOf\":{\"@id\":\"https:\/\/cigandse.hu\/index.php\/2024\/11\/11\/u19-es-csapatunk-folenyesen-gyozott-veretlen-u17-es-gardank-debreceni-ellenfele-nem-erkezett-meg\/\"},\"author\":{\"name\":\"admin\",\"@id\":\"https:\/\/cigandse.hu\/#\/schema\/person\/98ccf0ab8d41a299cc83f8d4bc3ad158\"},\"headline\":\"U19-es csapatunk f\u00f6l\u00e9nyesen gy\u0151z\u00f6tt, veretlen U17-es g\u00e1rd\u00e1nk debreceni ellenfele nem \u00e9rkezett meg\",\"datePublished\":\"2024-11-11T13:01:36+00:00\",\"dateModified\":\"2024-11-11T13:03:57+00:00\",\"mainEntityOfPage\":{\"@id\":\"https:\/\/cigandse.hu\/index.php\/2024\/11\/11\/u19-es-csapatunk-folenyesen-gyozott-veretlen-u17-es-gardank-debreceni-ellenfele-nem-erkezett-meg\/\"},\"wordCount\":213,\"commentCount\":0,\"publisher\":{\"@id\":\"https:\/\/cigandse.hu\/#organization\"},\"image\":{\"@id\":\"https:\/\/cigandse.hu\/index.php\/2024\/11\/11\/u19-es-csapatunk-folenyesen-gyozott-veretlen-u17-es-gardank-debreceni-ellenfele-nem-erkezett-meg\/#primaryimage\"},\"thumbnailUrl\":\"https:\/\/cigandse.hu\/wp-content\/uploads\/2024\/09\/rebben.jpg\",\"articleSection\":[\"H\u00edrek\"],\"inLanguage\":\"hu\",\"potentialAction\":[{\"@type\":\"CommentAction\",\"name\":\"Comment\",\"target\":[\"https:\/\/cigandse.hu\/index.php\/2024\/11\/11\/u19-es-csapatunk-folenyesen-gyozott-veretlen-u17-es-gardank-debreceni-ellenfele-nem-erkezett-meg\/#respond\"]}]},{\"@type\":\"WebPage\",\"@id\":\"https:\/\/cigandse.hu\/index.php\/2024\/11\/11\/u19-es-csapatunk-folenyesen-gyozott-veretlen-u17-es-gardank-debreceni-ellenfele-nem-erkezett-meg\/\",\"url\":\"https:\/\/cigandse.hu\/index.php\/2024\/11\/11\/u19-es-csapatunk-folenyesen-gyozott-veretlen-u17-es-gardank-debreceni-ellenfele-nem-erkezett-meg\/\",\"name\":\"U19-es csapatunk f\u00f6l\u00e9nyesen gy\u0151z\u00f6tt, veretlen U17-es g\u00e1rd\u00e1nk debreceni ellenfele nem \u00e9rkezett meg - Cig\u00e1nd Sportegyes\u00fclet hivatalos oldala\",\"isPartOf\":{\"@id\":\"https:\/\/cigandse.hu\/#website\"},\"primaryImageOfPage\":{\"@id\":\"https:\/\/cigandse.hu\/index.php\/2024\/11\/11\/u19-es-csapatunk-folenyesen-gyozott-veretlen-u17-es-gardank-debreceni-ellenfele-nem-erkezett-meg\/#primaryimage\"},\"image\":{\"@id\":\"https:\/\/cigandse.hu\/index.php\/2024\/11\/11\/u19-es-csapatunk-folenyesen-gyozott-veretlen-u17-es-gardank-debreceni-ellenfele-nem-erkezett-meg\/#primaryimage\"},\"thumbnailUrl\":\"https:\/\/cigandse.hu\/wp-content\/uploads\/2024\/09\/rebben.jpg\",\"datePublished\":\"2024-11-11T13:01:36+00:00\",\"dateModified\":\"2024-11-11T13:03:57+00:00\",\"breadcrumb\":{\"@id\":\"https:\/\/cigandse.hu\/index.php\/2024\/11\/11\/u19-es-csapatunk-folenyesen-gyozott-veretlen-u17-es-gardank-debreceni-ellenfele-nem-erkezett-meg\/#breadcrumb\"},\"inLanguage\":\"hu\",\"potentialAction\":[{\"@type\":\"ReadAction\",\"target\":[\"https:\/\/cigandse.hu\/index.php\/2024\/11\/11\/u19-es-csapatunk-folenyesen-gyozott-veretlen-u17-es-gardank-debreceni-ellenfele-nem-erkezett-meg\/\"]}]},{\"@type\":\"ImageObject\",\"inLanguage\":\"hu\",\"@id\":\"https:\/\/cigandse.hu\/index.php\/2024\/11\/11\/u19-es-csapatunk-folenyesen-gyozott-veretlen-u17-es-gardank-debreceni-ellenfele-nem-erkezett-meg\/#primaryimage\",\"url\":\"https:\/\/cigandse.hu\/wp-content\/uploads\/2024\/09\/rebben.jpg\",\"contentUrl\":\"https:\/\/cigandse.hu\/wp-content\/uploads\/2024\/09\/rebben.jpg\",\"width\":1200,\"height\":700,\"caption\":\"Boys Text Style Effect\"},{\"@type\":\"BreadcrumbList\",\"@id\":\"https:\/\/cigandse.hu\/index.php\/2024\/11\/11\/u19-es-csapatunk-folenyesen-gyozott-veretlen-u17-es-gardank-debreceni-ellenfele-nem-erkezett-meg\/#breadcrumb\",\"itemListElement\":[{\"@type\":\"ListItem\",\"position\":1,\"name\":\"Kezd\u0151lap\",\"item\":\"https:\/\/cigandse.hu\/\"},{\"@type\":\"ListItem\",\"position\":2,\"name\":\"U19-es csapatunk f\u00f6l\u00e9nyesen gy\u0151z\u00f6tt, veretlen U17-es g\u00e1rd\u00e1nk debreceni ellenfele nem \u00e9rkezett meg\"}]},{\"@type\":\"WebSite\",\"@id\":\"https:\/\/cigandse.hu\/#website\",\"url\":\"https:\/\/cigandse.hu\/\",\"name\":\"Cig\u00e1nd Sportegyes\u00fclet hivatalos oldala\",\"description\":\"Cig\u00e1nd Sportegyes\u00fclet hivatalos oldala\",\"publisher\":{\"@id\":\"https:\/\/cigandse.hu\/#organization\"},\"potentialAction\":[{\"@type\":\"SearchAction\",\"target\":{\"@type\":\"EntryPoint\",\"urlTemplate\":\"https:\/\/cigandse.hu\/?s={search_term_string}\"},\"query-input\":{\"@type\":\"PropertyValueSpecification\",\"valueRequired\":true,\"valueName\":\"search_term_string\"}}],\"inLanguage\":\"hu\"},{\"@type\":\"Organization\",\"@id\":\"https:\/\/cigandse.hu\/#organization\",\"name\":\"Cig\u00e1nd Sportegyes\u00fclet\",\"url\":\"https:\/\/cigandse.hu\/\",\"logo\":{\"@type\":\"ImageObject\",\"inLanguage\":\"hu\",\"@id\":\"https:\/\/cigandse.hu\/#\/schema\/logo\/image\/\",\"url\":\"https:\/\/cigandse.hu\/wp-content\/uploads\/2022\/04\/Cigand-SE-cimer-1.jpg\",\"contentUrl\":\"https:\/\/cigandse.hu\/wp-content\/uploads\/2022\/04\/Cigand-SE-cimer-1.jpg\",\"width\":1932,\"height\":2088,\"caption\":\"Cig\u00e1nd Sportegyes\u00fclet\"},\"image\":{\"@id\":\"https:\/\/cigandse.hu\/#\/schema\/logo\/image\/\"},\"sameAs\":[\"https:\/\/www.facebook.com\/CigandSportegyesulet\",\"https:\/\/www.youtube.com\/channel\/UC0prdKj31NqRteZ5J4bGUZw\",\"https:\/\/hu.wikipedia.org\/wiki\/Cig\u00e1nd_SE\"]},{\"@type\":\"Person\",\"@id\":\"https:\/\/cigandse.hu\/#\/schema\/person\/98ccf0ab8d41a299cc83f8d4bc3ad158\",\"name\":\"admin\",\"image\":{\"@type\":\"ImageObject\",\"inLanguage\":\"hu\",\"@id\":\"https:\/\/cigandse.hu\/#\/schema\/person\/image\/\",\"url\":\"https:\/\/secure.gravatar.com\/avatar\/807752e5a26584bf309283b840694667743fc07b907e4db41f77a58fb4b98337?s=96&d=mm&r=g\",\"contentUrl\":\"https:\/\/secure.gravatar.com\/avatar\/807752e5a26584bf309283b840694667743fc07b907e4db41f77a58fb4b98337?s=96&d=mm&r=g\",\"caption\":\"admin\"},\"sameAs\":[\"https:\/\/cigandse.hu\"],\"url\":\"https:\/\/cigandse.hu\/index.php\/author\/terjeksandor\/\"}]}<\/script>\n<!-- \/ Yoast SEO plugin. -->","yoast_head_json":{"title":"U19-es csapatunk f\u00f6l\u00e9nyesen gy\u0151z\u00f6tt, veretlen U17-es g\u00e1rd\u00e1nk debreceni ellenfele nem \u00e9rkezett meg - Cig\u00e1nd Sportegyes\u00fclet hivatalos oldala","robots":{"index":"index","follow":"follow","max-snippet":"max-snippet:-1","max-image-preview":"max-image-preview:large","max-video-preview":"max-video-preview:-1"},"canonical":"https:\/\/cigandse.hu\/index.php\/2024\/11\/11\/u19-es-csapatunk-folenyesen-gyozott-veretlen-u17-es-gardank-debreceni-ellenfele-nem-erkezett-meg\/","og_locale":"hu_HU","og_type":"article","og_title":"U19-es csapatunk f\u00f6l\u00e9nyesen gy\u0151z\u00f6tt, veretlen U17-es g\u00e1rd\u00e1nk debreceni ellenfele nem \u00e9rkezett meg - Cig\u00e1nd Sportegyes\u00fclet hivatalos oldala","og_description":"MLSZ REGION\u00c1LIS U19 ALAP KELETI CSOPORT, 11. FORDUL\u00d3: Cig\u00e1nd SE\u2013Tiszavasv\u00e1ri SE 10\u20130 (2\u20130) Nagy G\u00e1bor, edz\u0151: \u2013 Az els\u0151 perct\u0151l [&hellip;]","og_url":"https:\/\/cigandse.hu\/index.php\/2024\/11\/11\/u19-es-csapatunk-folenyesen-gyozott-veretlen-u17-es-gardank-debreceni-ellenfele-nem-erkezett-meg\/","og_site_name":"Cig\u00e1nd Sportegyes\u00fclet hivatalos oldala","article_publisher":"https:\/\/www.facebook.com\/CigandSportegyesulet","article_published_time":"2024-11-11T13:01:36+00:00","article_modified_time":"2024-11-11T13:03:57+00:00","og_image":[{"width":1200,"height":700,"url":"https:\/\/cigandse.hu\/wp-content\/uploads\/2024\/09\/rebben.jpg","type":"image\/jpeg"}],"author":"admin","twitter_card":"summary_large_image","twitter_misc":{"Szerz\u0151:":"admin","Becs\u00fclt olvas\u00e1si id\u0151":"2 perc"},"schema":{"@context":"https:\/\/schema.org","@graph":[{"@type":"Article","@id":"https:\/\/cigandse.hu\/index.php\/2024\/11\/11\/u19-es-csapatunk-folenyesen-gyozott-veretlen-u17-es-gardank-debreceni-ellenfele-nem-erkezett-meg\/#article","isPartOf":{"@id":"https:\/\/cigandse.hu\/index.php\/2024\/11\/11\/u19-es-csapatunk-folenyesen-gyozott-veretlen-u17-es-gardank-debreceni-ellenfele-nem-erkezett-meg\/"},"author":{"name":"admin","@id":"https:\/\/cigandse.hu\/#\/schema\/person\/98ccf0ab8d41a299cc83f8d4bc3ad158"},"headline":"U19-es csapatunk f\u00f6l\u00e9nyesen gy\u0151z\u00f6tt, veretlen U17-es g\u00e1rd\u00e1nk debreceni ellenfele nem \u00e9rkezett meg","datePublished":"2024-11-11T13:01:36+00:00","dateModified":"2024-11-11T13:03:57+00:00","mainEntityOfPage":{"@id":"https:\/\/cigandse.hu\/index.php\/2024\/11\/11\/u19-es-csapatunk-folenyesen-gyozott-veretlen-u17-es-gardank-debreceni-ellenfele-nem-erkezett-meg\/"},"wordCount":213,"commentCount":0,"publisher":{"@id":"https:\/\/cigandse.hu\/#organization"},"image":{"@id":"https:\/\/cigandse.hu\/index.php\/2024\/11\/11\/u19-es-csapatunk-folenyesen-gyozott-veretlen-u17-es-gardank-debreceni-ellenfele-nem-erkezett-meg\/#primaryimage"},"thumbnailUrl":"https:\/\/cigandse.hu\/wp-content\/uploads\/2024\/09\/rebben.jpg","articleSection":["H\u00edrek"],"inLanguage":"hu","potentialAction":[{"@type":"CommentAction","name":"Comment","target":["https:\/\/cigandse.hu\/index.php\/2024\/11\/11\/u19-es-csapatunk-folenyesen-gyozott-veretlen-u17-es-gardank-debreceni-ellenfele-nem-erkezett-meg\/#respond"]}]},{"@type":"WebPage","@id":"https:\/\/cigandse.hu\/index.php\/2024\/11\/11\/u19-es-csapatunk-folenyesen-gyozott-veretlen-u17-es-gardank-debreceni-ellenfele-nem-erkezett-meg\/","url":"https:\/\/cigandse.hu\/index.php\/2024\/11\/11\/u19-es-csapatunk-folenyesen-gyozott-veretlen-u17-es-gardank-debreceni-ellenfele-nem-erkezett-meg\/","name":"U19-es csapatunk f\u00f6l\u00e9nyesen gy\u0151z\u00f6tt, veretlen U17-es g\u00e1rd\u00e1nk debreceni ellenfele nem \u00e9rkezett meg - Cig\u00e1nd Sportegyes\u00fclet hivatalos oldala","isPartOf":{"@id":"https:\/\/cigandse.hu\/#website"},"primaryImageOfPage":{"@id":"https:\/\/cigandse.hu\/index.php\/2024\/11\/11\/u19-es-csapatunk-folenyesen-gyozott-veretlen-u17-es-gardank-debreceni-ellenfele-nem-erkezett-meg\/#primaryimage"},"image":{"@id":"https:\/\/cigandse.hu\/index.php\/2024\/11\/11\/u19-es-csapatunk-folenyesen-gyozott-veretlen-u17-es-gardank-debreceni-ellenfele-nem-erkezett-meg\/#primaryimage"},"thumbnailUrl":"https:\/\/cigandse.hu\/wp-content\/uploads\/2024\/09\/rebben.jpg","datePublished":"2024-11-11T13:01:36+00:00","dateModified":"2024-11-11T13:03:57+00:00","breadcrumb":{"@id":"https:\/\/cigandse.hu\/index.php\/2024\/11\/11\/u19-es-csapatunk-folenyesen-gyozott-veretlen-u17-es-gardank-debreceni-ellenfele-nem-erkezett-meg\/#breadcrumb"},"inLanguage":"hu","potentialAction":[{"@type":"ReadAction","target":["https:\/\/cigandse.hu\/index.php\/2024\/11\/11\/u19-es-csapatunk-folenyesen-gyozott-veretlen-u17-es-gardank-debreceni-ellenfele-nem-erkezett-meg\/"]}]},{"@type":"ImageObject","inLanguage":"hu","@id":"https:\/\/cigandse.hu\/index.php\/2024\/11\/11\/u19-es-csapatunk-folenyesen-gyozott-veretlen-u17-es-gardank-debreceni-ellenfele-nem-erkezett-meg\/#primaryimage","url":"https:\/\/cigandse.hu\/wp-content\/uploads\/2024\/09\/rebben.jpg","contentUrl":"https:\/\/cigandse.hu\/wp-content\/uploads\/2024\/09\/rebben.jpg","width":1200,"height":700,"caption":"Boys Text Style Effect"},{"@type":"BreadcrumbList","@id":"https:\/\/cigandse.hu\/index.php\/2024\/11\/11\/u19-es-csapatunk-folenyesen-gyozott-veretlen-u17-es-gardank-debreceni-ellenfele-nem-erkezett-meg\/#breadcrumb","itemListElement":[{"@type":"ListItem","position":1,"name":"Kezd\u0151lap","item":"https:\/\/cigandse.hu\/"},{"@type":"ListItem","position":2,"name":"U19-es csapatunk f\u00f6l\u00e9nyesen gy\u0151z\u00f6tt, veretlen U17-es g\u00e1rd\u00e1nk debreceni ellenfele nem \u00e9rkezett meg"}]},{"@type":"WebSite","@id":"https:\/\/cigandse.hu\/#website","url":"https:\/\/cigandse.hu\/","name":"Cig\u00e1nd Sportegyes\u00fclet hivatalos oldala","description":"Cig\u00e1nd Sportegyes\u00fclet hivatalos oldala","publisher":{"@id":"https:\/\/cigandse.hu\/#organization"},"potentialAction":[{"@type":"SearchAction","target":{"@type":"EntryPoint","urlTemplate":"https:\/\/cigandse.hu\/?s={search_term_string}"},"query-input":{"@type":"PropertyValueSpecification","valueRequired":true,"valueName":"search_term_string"}}],"inLanguage":"hu"},{"@type":"Organization","@id":"https:\/\/cigandse.hu\/#organization","name":"Cig\u00e1nd Sportegyes\u00fclet","url":"https:\/\/cigandse.hu\/","logo":{"@type":"ImageObject","inLanguage":"hu","@id":"https:\/\/cigandse.hu\/#\/schema\/logo\/image\/","url":"https:\/\/cigandse.hu\/wp-content\/uploads\/2022\/04\/Cigand-SE-cimer-1.jpg","contentUrl":"https:\/\/cigandse.hu\/wp-content\/uploads\/2022\/04\/Cigand-SE-cimer-1.jpg","width":1932,"height":2088,"caption":"Cig\u00e1nd Sportegyes\u00fclet"},"image":{"@id":"https:\/\/cigandse.hu\/#\/schema\/logo\/image\/"},"sameAs":["https:\/\/www.facebook.com\/CigandSportegyesulet","https:\/\/www.youtube.com\/channel\/UC0prdKj31NqRteZ5J4bGUZw","https:\/\/hu.wikipedia.org\/wiki\/Cig\u00e1nd_SE"]},{"@type":"Person","@id":"https:\/\/cigandse.hu\/#\/schema\/person\/98ccf0ab8d41a299cc83f8d4bc3ad158","name":"admin","image":{"@type":"ImageObject","inLanguage":"hu","@id":"https:\/\/cigandse.hu\/#\/schema\/person\/image\/","url":"https:\/\/secure.gravatar.com\/avatar\/807752e5a26584bf309283b840694667743fc07b907e4db41f77a58fb4b98337?s=96&d=mm&r=g","contentUrl":"https:\/\/secure.gravatar.com\/avatar\/807752e5a26584bf309283b840694667743fc07b907e4db41f77a58fb4b98337?s=96&d=mm&r=g","caption":"admin"},"sameAs":["https:\/\/cigandse.hu"],"url":"https:\/\/cigandse.hu\/index.php\/author\/terjeksandor\/"}]}},"uagb_featured_image_src":{"full":["https:\/\/cigandse.hu\/wp-content\/uploads\/2024\/09\/rebben.jpg",1200,700,false],"thumbnail":["https:\/\/cigandse.hu\/wp-content\/uploads\/2024\/09\/rebben-150x150.jpg",150,150,true],"medium":["https:\/\/cigandse.hu\/wp-content\/uploads\/2024\/09\/rebben-300x175.jpg",300,175,true],"medium_large":["https:\/\/cigandse.hu\/wp-content\/uploads\/2024\/09\/rebben-768x448.jpg",680,397,true],"large":["https:\/\/cigandse.hu\/wp-content\/uploads\/2024\/09\/rebben-1024x597.jpg",680,396,true],"1536x1536":["https:\/\/cigandse.hu\/wp-content\/uploads\/2024\/09\/rebben.jpg",1200,700,false],"2048x2048":["https:\/\/cigandse.hu\/wp-content\/uploads\/2024\/09\/rebben.jpg",1200,700,false],"sportspress-crop-medium":["https:\/\/cigandse.hu\/wp-content\/uploads\/2024\/09\/rebben-300x300.jpg",300,300,true],"sportspress-fit-medium":["https:\/\/cigandse.hu\/wp-content\/uploads\/2024\/09\/rebben-300x175.jpg",300,175,true],"sportspress-fit-icon":["https:\/\/cigandse.hu\/wp-content\/uploads\/2024\/09\/rebben-128x75.jpg",128,75,true],"sportspress-fit-mini":["https:\/\/cigandse.hu\/wp-content\/uploads\/2024\/09\/rebben-32x19.jpg",32,19,true]},"uagb_author_info":{"display_name":"admin","author_link":"https:\/\/cigandse.hu\/index.php\/author\/terjeksandor\/"},"uagb_comment_info":1,"uagb_excerpt":"MLSZ REGION\u00c1LIS U19 ALAP KELETI CSOPORT, 11. FORDUL\u00d3: Cig\u00e1nd SE\u2013Tiszavasv\u00e1ri SE 10\u20130 (2\u20130) Nagy G\u00e1bor, edz\u0151: \u2013 Az els\u0151 perct\u0151l [&hellip;]","_links":{"self":[{"href":"https:\/\/cigandse.hu\/index.php\/wp-json\/wp\/v2\/posts\/5099","targetHints":{"allow":["GET"]}}],"collection":[{"href":"https:\/\/cigandse.hu\/index.php\/wp-json\/wp\/v2\/posts"}],"about":[{"href":"https:\/\/cigandse.hu\/index.php\/wp-json\/wp\/v2\/types\/post"}],"author":[{"embeddable":true,"href":"https:\/\/cigandse.hu\/index.php\/wp-json\/wp\/v2\/users\/1"}],"replies":[{"embeddable":true,"href":"https:\/\/cigandse.hu\/index.php\/wp-json\/wp\/v2\/comments?post=5099"}],"version-history":[{"count":3,"href":"https:\/\/cigandse.hu\/index.php\/wp-json\/wp\/v2\/posts\/5099\/revisions"}],"predecessor-version":[{"id":5102,"href":"https:\/\/cigandse.hu\/index.php\/wp-json\/wp\/v2\/posts\/5099\/revisions\/5102"}],"wp:featuredmedia":[{"embeddable":true,"href":"https:\/\/cigandse.hu\/index.php\/wp-json\/wp\/v2\/media\/4743"}],"wp:attachment":[{"href":"https:\/\/cigandse.hu\/index.php\/wp-json\/wp\/v2\/media?parent=5099"}],"wp:term":[{"taxonomy":"category","embeddable":true,"href":"https:\/\/cigandse.hu\/index.php\/wp-json\/wp\/v2\/categories?post=5099"},{"taxonomy":"post_tag","embeddable":true,"href":"https:\/\/cigandse.hu\/index.php\/wp-json\/wp\/v2\/tags?post=5099"}],"curies":[{"name":"wp","href":"https:\/\/api.w.org\/{rel}","templated":true}]}}