{"id":5281,"date":"2024-12-24T11:35:44","date_gmt":"2024-12-24T09:35:44","guid":{"rendered":"https:\/\/cigandse.hu\/?p=5281"},"modified":"2024-12-24T11:41:59","modified_gmt":"2024-12-24T09:41:59","slug":"u19-u17-kivalo-oszi-szereples-felevertekelo","status":"publish","type":"post","link":"https:\/\/cigandse.hu\/index.php\/2024\/12\/24\/u19-u17-kivalo-oszi-szereples-felevertekelo\/","title":{"rendered":"U19, U17: kiv\u00e1l\u00f3 \u0151szi szerepl\u00e9s \u2013 f\u00e9l\u00e9v\u00e9rt\u00e9kel\u0151"},"content":{"rendered":"<p><img loading=\"lazy\" decoding=\"async\" class=\"wp-image-4743\" src=\"https:\/\/cigandse.hu\/wp-content\/uploads\/2024\/09\/rebben-300x175.jpg\" alt=\"\" width=\"800\" height=\"467\" srcset=\"https:\/\/cigandse.hu\/wp-content\/uploads\/2024\/09\/rebben-300x175.jpg 300w, https:\/\/cigandse.hu\/wp-content\/uploads\/2024\/09\/rebben-1024x597.jpg 1024w, https:\/\/cigandse.hu\/wp-content\/uploads\/2024\/09\/rebben-768x448.jpg 768w, https:\/\/cigandse.hu\/wp-content\/uploads\/2024\/09\/rebben-128x75.jpg 128w, https:\/\/cigandse.hu\/wp-content\/uploads\/2024\/09\/rebben-32x19.jpg 32w, https:\/\/cigandse.hu\/wp-content\/uploads\/2024\/09\/rebben.jpg 1200w\" sizes=\"auto, (max-width: 800px) 100vw, 800px\" \/><\/p>\n<h3>Az \u0151szi id\u00e9ny v\u00e9gezt\u00e9vel U19-es \u00e9s U17-es csapatunk edz\u0151je, Nagy G\u00e1bor \u00f6sszegezte mik\u00e9nt szerepelt k\u00e9t legid\u0151sebb koroszt\u00e1lyunk a bajnoks\u00e1gban.<\/h3>\n<div><strong>U19:<\/strong> <em>\u201eNehezen kezd\u0151d\u00f6tt a ny\u00e1ri felk\u00e9sz\u00fcl\u00e9s. A csapat edz\u0151je \u00e9s a j\u00e1t\u00e9kosok t\u00f6bbs\u00e9ge t\u00e1vozott, ez\u00e9rt teljesen \u00faj csapatot kellett \u00e9p\u00edteni. A tavalyi keretb\u0151l mind\u00f6ssze 8+1 j\u00e1t\u00e9kos maradt, akik k\u00f6z\u00fcl, volt aki komoly s\u00e9r\u00fcl\u00e9sb\u0151l t\u00e9rt vissza. Le\u00fclt\u00fcnk, megbesz\u00e9lt\u00fck a fi\u00fakkal, hogy mit szeretn\u00e9nk, \u00e9s, hogy ehhez mindenkire sz\u00fcks\u00e9g van. A felk\u00e9sz\u00fcl\u00e9s \u00e9s a tov\u00e1bbi edz\u00e9sek az U17 csapattal k\u00f6z\u00f6sen voltak, ahol \u00f6sszevontan 31 f\u0151s kerettel rendelkezt\u00fcnk. Siker\u00fclt egy p\u00e1r napos edz\u0151t\u00e1bort is szervezni, ahol nagyon j\u00f3l \u00f6sszekov\u00e1csol\u00f3dott a t\u00e1rsas\u00e1g. A feln\u0151tt csapatb\u00f3l az 1-2 visszaj\u00e1tsz\u00f3 ut\u00e1np\u00f3tl\u00e1skor\u00fa j\u00e1t\u00e9kosokkal kieg\u00e9sz\u00fclve j\u00f3l kezdt\u00fck a szezont. H\u00e1rom veres\u00e9g\u00fcnk volt a f\u00e9l\u00e9vben, ami a l\u00e9tsz\u00e1mhi\u00e1nyra is \u00edrhat\u00f3. Nagyon sok esetben az U17 csapattal kellett matekozni, hogy ne legyenek ki\u00e1ll\u00e1si gondjaink, \u00e9s mindk\u00e9t fronton helyt tudjunk \u00e1llni. Mindenki el\u0151tt meg kell emelnem a kalapom, mert f\u00e9lt\u00e1vn\u00e1l \u00edgy is a harmadik helyen \u00e1ll a t\u00e1rsas\u00e1g, ami a mi helyzet\u00fcnkben \u00f3ri\u00e1si fegyvert\u00e9ny. B\u00fcszke vagyok minden egyes j\u00e1t\u00e9kosra, mert kihozt\u00e1k magukb\u00f3l a maximumot. T\u00e9len, ha lehet\u0151s\u00e9g\u00fcnk engedi, mindenk\u00e9ppen szeretn\u00e9nk p\u00e1r j\u00e1t\u00e9kost igazolni, mert sz\u00fcks\u00e9g van plusz emberekre, hogy versenyhelyzet alakuljon ki. Felk\u00e9sz\u00fcl\u00e9s\u00fcnket janu\u00e1r 20-\u00e1n kezdj\u00fck, amikor friss\u00fclt er\u0151vel v\u00e1runk vissza mindenkit! <\/em><em>Szeretn\u00e9m megk\u00f6sz\u00f6nni a beugr\u00f3 j\u00e1t\u00e9kosoknak \u00e9s azoknak a seg\u00edts\u00e9g\u00e9t, akik b\u00e1rmivel el\u0151re seg\u00edtett\u00e9k az U19 csapatot!\u201d<\/em><\/div>\n<div><\/div>\n<div><strong>U17:<\/strong> <em>\u201eFelk\u00e9sz\u00fcl\u00e9s\u00fcnket j\u00fanius 29-\u00e9n kezdt\u00fck, ahol szinte 100%-ban r\u00e9szt vett mind a 20 j\u00e1t\u00e9kos. A j\u00f6v\u0151ben erre lehet alapozni, mivel nagyon j\u00f3 hozz\u00e1\u00e1ll\u00e1s\u00fa sr\u00e1cok alkotj\u00e1k ezt a csapatot. Folyamatosan figyeln\u00fcnk kellett a rot\u00e1l\u00e1sra, mert a f\u00e9lszezon sor\u00e1n, felv\u00e1ltva (17 f\u0151!) j\u00e1tszott fel az U19 koroszt\u00e1lyba. Teh\u00e1t k\u00e9t fronton is helyt kellett \u00e1llnia a fi\u00faknak, ami sokszor megterhel\u0151 volt. Emellett, amikor a tabella \u00e9l\u00e9re ugrott a t\u00e1rsas\u00e1g, m\u00e1r nem szerett\u00fcnk volna onnan lejjebb cs\u00faszni, ez\u00e9rt \u00f3vatosnak kellett lenn\u00fcnk, hogy mikor kit melyik koroszt\u00e1lyban j\u00e1tszassunk. Neh\u00e9z f\u00e9l \u00e9ven vagyunk t\u00fal, mert 13 gy\u0151zelmet \u00e9s 1 d\u00f6ntetlent nem volt egyszer\u0171 \u00f6sszehozni, sokat kellett tenni \u00e9rte! B\u00fcszk\u00e9k vagyunk r\u00e1tok sr\u00e1cok! Jelenlegi els\u0151 hely\u00fcnk &#8211; veretlen\u00fcl &#8211; teljesen meg\u00e9rdemelt, rengeteget dolgoztak \u00e9rte a fi\u00fak, ami meg is hozta a gy\u00fcm\u00f6lcs\u00e9t! T\u00f6bb olyan j\u00e1t\u00e9kos van ebben a koroszt\u00e1lyban akikre \u00e9rdemes a j\u00f6v\u0151ben figyelni, \u00e9s a feln\u0151tt csapatunkba is fogjuk \u0151ket javasolni, hogy mutass\u00e1k meg tehets\u00e9g\u00fcket! Rem\u00e9lem \u201enem sz\u00e1ll el mag\u00e1t\u00f3l senki\u201d, \u00e9s kett\u0151z\u00f6tt er\u0151vel fog m\u00e9g jobban mindenki az\u00e9rt k\u00fczdeni, hogy nem csak a bajnoks\u00e1gban \u00e9rj\u00fcnk el sz\u00e9p eredm\u00e9nyeket, hanem egy\u00e9nileg is oda jussanak amit meg\u00e1lmodtak. <\/em><em>Ehhez k\u00edv\u00e1nunk mindenkinek j\u00f3 felt\u00f6lt\u0151d\u00e9st a janu\u00e1ri visszat\u00e9r\u00e9sig, mert m\u00e9g komoly feladatok v\u00e1rnak r\u00e1nk!\u201d<\/em><\/div>\n<div><\/div>\n<div><em><strong>\u201dV\u00e9g\u00fcl itt is szeretn\u00e9m megk\u00f6sz\u00f6nni Buda Bence koll\u00e9g\u00e1mnak a seg\u00edts\u00e9get \u00e9s a csapatoknak a maxim\u00e1lis hozz\u00e1\u00e1ll\u00e1st!<\/strong><\/em><\/div>\n<div>\n<div><em><strong>Kellemes \u00fcnnepeket k\u00edv\u00e1nok minden cig\u00e1ndi szimpatiz\u00e1nsnak! Hajr\u00e1, CISE!\u201d<\/strong><\/em><\/div>\n<\/div>\n","protected":false},"excerpt":{"rendered":"<p>Az \u0151szi id\u00e9ny v\u00e9gezt\u00e9vel U19-es \u00e9s U17-es csapatunk edz\u0151je, Nagy G\u00e1bor \u00f6sszegezte mik\u00e9nt szerepelt k\u00e9t legid\u0151sebb koroszt\u00e1lyunk a bajnoks\u00e1gban. U19: [&hellip;]<\/p>\n","protected":false},"author":1,"featured_media":4743,"comment_status":"open","ping_status":"open","sticky":false,"template":"","format":"standard","meta":{"_uag_custom_page_level_css":"","footnotes":""},"categories":[3],"tags":[],"class_list":["post-5281","post","type-post","status-publish","format-standard","has-post-thumbnail","hentry","category-hirek"],"yoast_head":"<!-- This site is optimized with the Yoast SEO plugin v25.5 - https:\/\/yoast.com\/wordpress\/plugins\/seo\/ -->\n<title>U19, U17: kiv\u00e1l\u00f3 \u0151szi szerepl\u00e9s \u2013 f\u00e9l\u00e9v\u00e9rt\u00e9kel\u0151 - Cig\u00e1nd Sportegyes\u00fclet hivatalos oldala<\/title>\n<meta name=\"robots\" content=\"index, follow, max-snippet:-1, max-image-preview:large, max-video-preview:-1\" \/>\n<link rel=\"canonical\" href=\"https:\/\/cigandse.hu\/index.php\/2024\/12\/24\/u19-u17-kivalo-oszi-szereples-felevertekelo\/\" \/>\n<meta property=\"og:locale\" content=\"hu_HU\" \/>\n<meta property=\"og:type\" content=\"article\" \/>\n<meta property=\"og:title\" content=\"U19, U17: kiv\u00e1l\u00f3 \u0151szi szerepl\u00e9s \u2013 f\u00e9l\u00e9v\u00e9rt\u00e9kel\u0151 - Cig\u00e1nd Sportegyes\u00fclet hivatalos oldala\" \/>\n<meta property=\"og:description\" content=\"Az \u0151szi id\u00e9ny v\u00e9gezt\u00e9vel U19-es \u00e9s U17-es csapatunk edz\u0151je, Nagy G\u00e1bor \u00f6sszegezte mik\u00e9nt szerepelt k\u00e9t legid\u0151sebb koroszt\u00e1lyunk a bajnoks\u00e1gban. U19: [&hellip;]\" \/>\n<meta property=\"og:url\" content=\"https:\/\/cigandse.hu\/index.php\/2024\/12\/24\/u19-u17-kivalo-oszi-szereples-felevertekelo\/\" \/>\n<meta property=\"og:site_name\" content=\"Cig\u00e1nd Sportegyes\u00fclet hivatalos oldala\" \/>\n<meta property=\"article:publisher\" content=\"https:\/\/www.facebook.com\/CigandSportegyesulet\" \/>\n<meta property=\"article:published_time\" content=\"2024-12-24T09:35:44+00:00\" \/>\n<meta property=\"article:modified_time\" content=\"2024-12-24T09:41:59+00:00\" \/>\n<meta property=\"og:image\" content=\"https:\/\/cigandse.hu\/wp-content\/uploads\/2024\/09\/rebben.jpg\" \/>\n\t<meta property=\"og:image:width\" content=\"1200\" \/>\n\t<meta property=\"og:image:height\" content=\"700\" \/>\n\t<meta property=\"og:image:type\" content=\"image\/jpeg\" \/>\n<meta name=\"author\" content=\"admin\" \/>\n<meta name=\"twitter:card\" content=\"summary_large_image\" \/>\n<meta name=\"twitter:label1\" content=\"Szerz\u0151:\" \/>\n\t<meta name=\"twitter:data1\" content=\"admin\" \/>\n\t<meta name=\"twitter:label2\" content=\"Becs\u00fclt olvas\u00e1si id\u0151\" \/>\n\t<meta name=\"twitter:data2\" content=\"3 perc\" \/>\n<script type=\"application\/ld+json\" class=\"yoast-schema-graph\">{\"@context\":\"https:\/\/schema.org\",\"@graph\":[{\"@type\":\"Article\",\"@id\":\"https:\/\/cigandse.hu\/index.php\/2024\/12\/24\/u19-u17-kivalo-oszi-szereples-felevertekelo\/#article\",\"isPartOf\":{\"@id\":\"https:\/\/cigandse.hu\/index.php\/2024\/12\/24\/u19-u17-kivalo-oszi-szereples-felevertekelo\/\"},\"author\":{\"name\":\"admin\",\"@id\":\"https:\/\/cigandse.hu\/#\/schema\/person\/98ccf0ab8d41a299cc83f8d4bc3ad158\"},\"headline\":\"U19, U17: kiv\u00e1l\u00f3 \u0151szi szerepl\u00e9s \u2013 f\u00e9l\u00e9v\u00e9rt\u00e9kel\u0151\",\"datePublished\":\"2024-12-24T09:35:44+00:00\",\"dateModified\":\"2024-12-24T09:41:59+00:00\",\"mainEntityOfPage\":{\"@id\":\"https:\/\/cigandse.hu\/index.php\/2024\/12\/24\/u19-u17-kivalo-oszi-szereples-felevertekelo\/\"},\"wordCount\":679,\"commentCount\":0,\"publisher\":{\"@id\":\"https:\/\/cigandse.hu\/#organization\"},\"image\":{\"@id\":\"https:\/\/cigandse.hu\/index.php\/2024\/12\/24\/u19-u17-kivalo-oszi-szereples-felevertekelo\/#primaryimage\"},\"thumbnailUrl\":\"https:\/\/cigandse.hu\/wp-content\/uploads\/2024\/09\/rebben.jpg\",\"articleSection\":[\"H\u00edrek\"],\"inLanguage\":\"hu\",\"potentialAction\":[{\"@type\":\"CommentAction\",\"name\":\"Comment\",\"target\":[\"https:\/\/cigandse.hu\/index.php\/2024\/12\/24\/u19-u17-kivalo-oszi-szereples-felevertekelo\/#respond\"]}]},{\"@type\":\"WebPage\",\"@id\":\"https:\/\/cigandse.hu\/index.php\/2024\/12\/24\/u19-u17-kivalo-oszi-szereples-felevertekelo\/\",\"url\":\"https:\/\/cigandse.hu\/index.php\/2024\/12\/24\/u19-u17-kivalo-oszi-szereples-felevertekelo\/\",\"name\":\"U19, U17: kiv\u00e1l\u00f3 \u0151szi szerepl\u00e9s \u2013 f\u00e9l\u00e9v\u00e9rt\u00e9kel\u0151 - Cig\u00e1nd Sportegyes\u00fclet hivatalos oldala\",\"isPartOf\":{\"@id\":\"https:\/\/cigandse.hu\/#website\"},\"primaryImageOfPage\":{\"@id\":\"https:\/\/cigandse.hu\/index.php\/2024\/12\/24\/u19-u17-kivalo-oszi-szereples-felevertekelo\/#primaryimage\"},\"image\":{\"@id\":\"https:\/\/cigandse.hu\/index.php\/2024\/12\/24\/u19-u17-kivalo-oszi-szereples-felevertekelo\/#primaryimage\"},\"thumbnailUrl\":\"https:\/\/cigandse.hu\/wp-content\/uploads\/2024\/09\/rebben.jpg\",\"datePublished\":\"2024-12-24T09:35:44+00:00\",\"dateModified\":\"2024-12-24T09:41:59+00:00\",\"breadcrumb\":{\"@id\":\"https:\/\/cigandse.hu\/index.php\/2024\/12\/24\/u19-u17-kivalo-oszi-szereples-felevertekelo\/#breadcrumb\"},\"inLanguage\":\"hu\",\"potentialAction\":[{\"@type\":\"ReadAction\",\"target\":[\"https:\/\/cigandse.hu\/index.php\/2024\/12\/24\/u19-u17-kivalo-oszi-szereples-felevertekelo\/\"]}]},{\"@type\":\"ImageObject\",\"inLanguage\":\"hu\",\"@id\":\"https:\/\/cigandse.hu\/index.php\/2024\/12\/24\/u19-u17-kivalo-oszi-szereples-felevertekelo\/#primaryimage\",\"url\":\"https:\/\/cigandse.hu\/wp-content\/uploads\/2024\/09\/rebben.jpg\",\"contentUrl\":\"https:\/\/cigandse.hu\/wp-content\/uploads\/2024\/09\/rebben.jpg\",\"width\":1200,\"height\":700,\"caption\":\"Boys Text Style Effect\"},{\"@type\":\"BreadcrumbList\",\"@id\":\"https:\/\/cigandse.hu\/index.php\/2024\/12\/24\/u19-u17-kivalo-oszi-szereples-felevertekelo\/#breadcrumb\",\"itemListElement\":[{\"@type\":\"ListItem\",\"position\":1,\"name\":\"Kezd\u0151lap\",\"item\":\"https:\/\/cigandse.hu\/\"},{\"@type\":\"ListItem\",\"position\":2,\"name\":\"U19, U17: kiv\u00e1l\u00f3 \u0151szi szerepl\u00e9s \u2013 f\u00e9l\u00e9v\u00e9rt\u00e9kel\u0151\"}]},{\"@type\":\"WebSite\",\"@id\":\"https:\/\/cigandse.hu\/#website\",\"url\":\"https:\/\/cigandse.hu\/\",\"name\":\"Cig\u00e1nd Sportegyes\u00fclet hivatalos oldala\",\"description\":\"Cig\u00e1nd Sportegyes\u00fclet hivatalos oldala\",\"publisher\":{\"@id\":\"https:\/\/cigandse.hu\/#organization\"},\"potentialAction\":[{\"@type\":\"SearchAction\",\"target\":{\"@type\":\"EntryPoint\",\"urlTemplate\":\"https:\/\/cigandse.hu\/?s={search_term_string}\"},\"query-input\":{\"@type\":\"PropertyValueSpecification\",\"valueRequired\":true,\"valueName\":\"search_term_string\"}}],\"inLanguage\":\"hu\"},{\"@type\":\"Organization\",\"@id\":\"https:\/\/cigandse.hu\/#organization\",\"name\":\"Cig\u00e1nd Sportegyes\u00fclet\",\"url\":\"https:\/\/cigandse.hu\/\",\"logo\":{\"@type\":\"ImageObject\",\"inLanguage\":\"hu\",\"@id\":\"https:\/\/cigandse.hu\/#\/schema\/logo\/image\/\",\"url\":\"https:\/\/cigandse.hu\/wp-content\/uploads\/2022\/04\/Cigand-SE-cimer-1.jpg\",\"contentUrl\":\"https:\/\/cigandse.hu\/wp-content\/uploads\/2022\/04\/Cigand-SE-cimer-1.jpg\",\"width\":1932,\"height\":2088,\"caption\":\"Cig\u00e1nd Sportegyes\u00fclet\"},\"image\":{\"@id\":\"https:\/\/cigandse.hu\/#\/schema\/logo\/image\/\"},\"sameAs\":[\"https:\/\/www.facebook.com\/CigandSportegyesulet\",\"https:\/\/www.youtube.com\/channel\/UC0prdKj31NqRteZ5J4bGUZw\",\"https:\/\/hu.wikipedia.org\/wiki\/Cig\u00e1nd_SE\"]},{\"@type\":\"Person\",\"@id\":\"https:\/\/cigandse.hu\/#\/schema\/person\/98ccf0ab8d41a299cc83f8d4bc3ad158\",\"name\":\"admin\",\"image\":{\"@type\":\"ImageObject\",\"inLanguage\":\"hu\",\"@id\":\"https:\/\/cigandse.hu\/#\/schema\/person\/image\/\",\"url\":\"https:\/\/secure.gravatar.com\/avatar\/807752e5a26584bf309283b840694667743fc07b907e4db41f77a58fb4b98337?s=96&d=mm&r=g\",\"contentUrl\":\"https:\/\/secure.gravatar.com\/avatar\/807752e5a26584bf309283b840694667743fc07b907e4db41f77a58fb4b98337?s=96&d=mm&r=g\",\"caption\":\"admin\"},\"sameAs\":[\"https:\/\/cigandse.hu\"],\"url\":\"https:\/\/cigandse.hu\/index.php\/author\/terjeksandor\/\"}]}<\/script>\n<!-- \/ Yoast SEO plugin. -->","yoast_head_json":{"title":"U19, U17: kiv\u00e1l\u00f3 \u0151szi szerepl\u00e9s \u2013 f\u00e9l\u00e9v\u00e9rt\u00e9kel\u0151 - Cig\u00e1nd Sportegyes\u00fclet hivatalos oldala","robots":{"index":"index","follow":"follow","max-snippet":"max-snippet:-1","max-image-preview":"max-image-preview:large","max-video-preview":"max-video-preview:-1"},"canonical":"https:\/\/cigandse.hu\/index.php\/2024\/12\/24\/u19-u17-kivalo-oszi-szereples-felevertekelo\/","og_locale":"hu_HU","og_type":"article","og_title":"U19, U17: kiv\u00e1l\u00f3 \u0151szi szerepl\u00e9s \u2013 f\u00e9l\u00e9v\u00e9rt\u00e9kel\u0151 - Cig\u00e1nd Sportegyes\u00fclet hivatalos oldala","og_description":"Az \u0151szi id\u00e9ny v\u00e9gezt\u00e9vel U19-es \u00e9s U17-es csapatunk edz\u0151je, Nagy G\u00e1bor \u00f6sszegezte mik\u00e9nt szerepelt k\u00e9t legid\u0151sebb koroszt\u00e1lyunk a bajnoks\u00e1gban. U19: [&hellip;]","og_url":"https:\/\/cigandse.hu\/index.php\/2024\/12\/24\/u19-u17-kivalo-oszi-szereples-felevertekelo\/","og_site_name":"Cig\u00e1nd Sportegyes\u00fclet hivatalos oldala","article_publisher":"https:\/\/www.facebook.com\/CigandSportegyesulet","article_published_time":"2024-12-24T09:35:44+00:00","article_modified_time":"2024-12-24T09:41:59+00:00","og_image":[{"width":1200,"height":700,"url":"https:\/\/cigandse.hu\/wp-content\/uploads\/2024\/09\/rebben.jpg","type":"image\/jpeg"}],"author":"admin","twitter_card":"summary_large_image","twitter_misc":{"Szerz\u0151:":"admin","Becs\u00fclt olvas\u00e1si id\u0151":"3 perc"},"schema":{"@context":"https:\/\/schema.org","@graph":[{"@type":"Article","@id":"https:\/\/cigandse.hu\/index.php\/2024\/12\/24\/u19-u17-kivalo-oszi-szereples-felevertekelo\/#article","isPartOf":{"@id":"https:\/\/cigandse.hu\/index.php\/2024\/12\/24\/u19-u17-kivalo-oszi-szereples-felevertekelo\/"},"author":{"name":"admin","@id":"https:\/\/cigandse.hu\/#\/schema\/person\/98ccf0ab8d41a299cc83f8d4bc3ad158"},"headline":"U19, U17: kiv\u00e1l\u00f3 \u0151szi szerepl\u00e9s \u2013 f\u00e9l\u00e9v\u00e9rt\u00e9kel\u0151","datePublished":"2024-12-24T09:35:44+00:00","dateModified":"2024-12-24T09:41:59+00:00","mainEntityOfPage":{"@id":"https:\/\/cigandse.hu\/index.php\/2024\/12\/24\/u19-u17-kivalo-oszi-szereples-felevertekelo\/"},"wordCount":679,"commentCount":0,"publisher":{"@id":"https:\/\/cigandse.hu\/#organization"},"image":{"@id":"https:\/\/cigandse.hu\/index.php\/2024\/12\/24\/u19-u17-kivalo-oszi-szereples-felevertekelo\/#primaryimage"},"thumbnailUrl":"https:\/\/cigandse.hu\/wp-content\/uploads\/2024\/09\/rebben.jpg","articleSection":["H\u00edrek"],"inLanguage":"hu","potentialAction":[{"@type":"CommentAction","name":"Comment","target":["https:\/\/cigandse.hu\/index.php\/2024\/12\/24\/u19-u17-kivalo-oszi-szereples-felevertekelo\/#respond"]}]},{"@type":"WebPage","@id":"https:\/\/cigandse.hu\/index.php\/2024\/12\/24\/u19-u17-kivalo-oszi-szereples-felevertekelo\/","url":"https:\/\/cigandse.hu\/index.php\/2024\/12\/24\/u19-u17-kivalo-oszi-szereples-felevertekelo\/","name":"U19, U17: kiv\u00e1l\u00f3 \u0151szi szerepl\u00e9s \u2013 f\u00e9l\u00e9v\u00e9rt\u00e9kel\u0151 - Cig\u00e1nd Sportegyes\u00fclet hivatalos oldala","isPartOf":{"@id":"https:\/\/cigandse.hu\/#website"},"primaryImageOfPage":{"@id":"https:\/\/cigandse.hu\/index.php\/2024\/12\/24\/u19-u17-kivalo-oszi-szereples-felevertekelo\/#primaryimage"},"image":{"@id":"https:\/\/cigandse.hu\/index.php\/2024\/12\/24\/u19-u17-kivalo-oszi-szereples-felevertekelo\/#primaryimage"},"thumbnailUrl":"https:\/\/cigandse.hu\/wp-content\/uploads\/2024\/09\/rebben.jpg","datePublished":"2024-12-24T09:35:44+00:00","dateModified":"2024-12-24T09:41:59+00:00","breadcrumb":{"@id":"https:\/\/cigandse.hu\/index.php\/2024\/12\/24\/u19-u17-kivalo-oszi-szereples-felevertekelo\/#breadcrumb"},"inLanguage":"hu","potentialAction":[{"@type":"ReadAction","target":["https:\/\/cigandse.hu\/index.php\/2024\/12\/24\/u19-u17-kivalo-oszi-szereples-felevertekelo\/"]}]},{"@type":"ImageObject","inLanguage":"hu","@id":"https:\/\/cigandse.hu\/index.php\/2024\/12\/24\/u19-u17-kivalo-oszi-szereples-felevertekelo\/#primaryimage","url":"https:\/\/cigandse.hu\/wp-content\/uploads\/2024\/09\/rebben.jpg","contentUrl":"https:\/\/cigandse.hu\/wp-content\/uploads\/2024\/09\/rebben.jpg","width":1200,"height":700,"caption":"Boys Text Style Effect"},{"@type":"BreadcrumbList","@id":"https:\/\/cigandse.hu\/index.php\/2024\/12\/24\/u19-u17-kivalo-oszi-szereples-felevertekelo\/#breadcrumb","itemListElement":[{"@type":"ListItem","position":1,"name":"Kezd\u0151lap","item":"https:\/\/cigandse.hu\/"},{"@type":"ListItem","position":2,"name":"U19, U17: kiv\u00e1l\u00f3 \u0151szi szerepl\u00e9s \u2013 f\u00e9l\u00e9v\u00e9rt\u00e9kel\u0151"}]},{"@type":"WebSite","@id":"https:\/\/cigandse.hu\/#website","url":"https:\/\/cigandse.hu\/","name":"Cig\u00e1nd Sportegyes\u00fclet hivatalos oldala","description":"Cig\u00e1nd Sportegyes\u00fclet hivatalos oldala","publisher":{"@id":"https:\/\/cigandse.hu\/#organization"},"potentialAction":[{"@type":"SearchAction","target":{"@type":"EntryPoint","urlTemplate":"https:\/\/cigandse.hu\/?s={search_term_string}"},"query-input":{"@type":"PropertyValueSpecification","valueRequired":true,"valueName":"search_term_string"}}],"inLanguage":"hu"},{"@type":"Organization","@id":"https:\/\/cigandse.hu\/#organization","name":"Cig\u00e1nd Sportegyes\u00fclet","url":"https:\/\/cigandse.hu\/","logo":{"@type":"ImageObject","inLanguage":"hu","@id":"https:\/\/cigandse.hu\/#\/schema\/logo\/image\/","url":"https:\/\/cigandse.hu\/wp-content\/uploads\/2022\/04\/Cigand-SE-cimer-1.jpg","contentUrl":"https:\/\/cigandse.hu\/wp-content\/uploads\/2022\/04\/Cigand-SE-cimer-1.jpg","width":1932,"height":2088,"caption":"Cig\u00e1nd Sportegyes\u00fclet"},"image":{"@id":"https:\/\/cigandse.hu\/#\/schema\/logo\/image\/"},"sameAs":["https:\/\/www.facebook.com\/CigandSportegyesulet","https:\/\/www.youtube.com\/channel\/UC0prdKj31NqRteZ5J4bGUZw","https:\/\/hu.wikipedia.org\/wiki\/Cig\u00e1nd_SE"]},{"@type":"Person","@id":"https:\/\/cigandse.hu\/#\/schema\/person\/98ccf0ab8d41a299cc83f8d4bc3ad158","name":"admin","image":{"@type":"ImageObject","inLanguage":"hu","@id":"https:\/\/cigandse.hu\/#\/schema\/person\/image\/","url":"https:\/\/secure.gravatar.com\/avatar\/807752e5a26584bf309283b840694667743fc07b907e4db41f77a58fb4b98337?s=96&d=mm&r=g","contentUrl":"https:\/\/secure.gravatar.com\/avatar\/807752e5a26584bf309283b840694667743fc07b907e4db41f77a58fb4b98337?s=96&d=mm&r=g","caption":"admin"},"sameAs":["https:\/\/cigandse.hu"],"url":"https:\/\/cigandse.hu\/index.php\/author\/terjeksandor\/"}]}},"uagb_featured_image_src":{"full":["https:\/\/cigandse.hu\/wp-content\/uploads\/2024\/09\/rebben.jpg",1200,700,false],"thumbnail":["https:\/\/cigandse.hu\/wp-content\/uploads\/2024\/09\/rebben-150x150.jpg",150,150,true],"medium":["https:\/\/cigandse.hu\/wp-content\/uploads\/2024\/09\/rebben-300x175.jpg",300,175,true],"medium_large":["https:\/\/cigandse.hu\/wp-content\/uploads\/2024\/09\/rebben-768x448.jpg",680,397,true],"large":["https:\/\/cigandse.hu\/wp-content\/uploads\/2024\/09\/rebben-1024x597.jpg",680,396,true],"1536x1536":["https:\/\/cigandse.hu\/wp-content\/uploads\/2024\/09\/rebben.jpg",1200,700,false],"2048x2048":["https:\/\/cigandse.hu\/wp-content\/uploads\/2024\/09\/rebben.jpg",1200,700,false],"sportspress-crop-medium":["https:\/\/cigandse.hu\/wp-content\/uploads\/2024\/09\/rebben-300x300.jpg",300,300,true],"sportspress-fit-medium":["https:\/\/cigandse.hu\/wp-content\/uploads\/2024\/09\/rebben-300x175.jpg",300,175,true],"sportspress-fit-icon":["https:\/\/cigandse.hu\/wp-content\/uploads\/2024\/09\/rebben-128x75.jpg",128,75,true],"sportspress-fit-mini":["https:\/\/cigandse.hu\/wp-content\/uploads\/2024\/09\/rebben-32x19.jpg",32,19,true]},"uagb_author_info":{"display_name":"admin","author_link":"https:\/\/cigandse.hu\/index.php\/author\/terjeksandor\/"},"uagb_comment_info":0,"uagb_excerpt":"Az \u0151szi id\u00e9ny v\u00e9gezt\u00e9vel U19-es \u00e9s U17-es csapatunk edz\u0151je, Nagy G\u00e1bor \u00f6sszegezte mik\u00e9nt szerepelt k\u00e9t legid\u0151sebb koroszt\u00e1lyunk a bajnoks\u00e1gban. U19: [&hellip;]","_links":{"self":[{"href":"https:\/\/cigandse.hu\/index.php\/wp-json\/wp\/v2\/posts\/5281","targetHints":{"allow":["GET"]}}],"collection":[{"href":"https:\/\/cigandse.hu\/index.php\/wp-json\/wp\/v2\/posts"}],"about":[{"href":"https:\/\/cigandse.hu\/index.php\/wp-json\/wp\/v2\/types\/post"}],"author":[{"embeddable":true,"href":"https:\/\/cigandse.hu\/index.php\/wp-json\/wp\/v2\/users\/1"}],"replies":[{"embeddable":true,"href":"https:\/\/cigandse.hu\/index.php\/wp-json\/wp\/v2\/comments?post=5281"}],"version-history":[{"count":5,"href":"https:\/\/cigandse.hu\/index.php\/wp-json\/wp\/v2\/posts\/5281\/revisions"}],"predecessor-version":[{"id":5286,"href":"https:\/\/cigandse.hu\/index.php\/wp-json\/wp\/v2\/posts\/5281\/revisions\/5286"}],"wp:featuredmedia":[{"embeddable":true,"href":"https:\/\/cigandse.hu\/index.php\/wp-json\/wp\/v2\/media\/4743"}],"wp:attachment":[{"href":"https:\/\/cigandse.hu\/index.php\/wp-json\/wp\/v2\/media?parent=5281"}],"wp:term":[{"taxonomy":"category","embeddable":true,"href":"https:\/\/cigandse.hu\/index.php\/wp-json\/wp\/v2\/categories?post=5281"},{"taxonomy":"post_tag","embeddable":true,"href":"https:\/\/cigandse.hu\/index.php\/wp-json\/wp\/v2\/tags?post=5281"}],"curies":[{"name":"wp","href":"https:\/\/api.w.org\/{rel}","templated":true}]}}