{"id":5287,"date":"2024-12-24T11:57:38","date_gmt":"2024-12-24T09:57:38","guid":{"rendered":"https:\/\/cigandse.hu\/?p=5287"},"modified":"2024-12-24T11:57:38","modified_gmt":"2024-12-24T09:57:38","slug":"u11-es-csapatunk-debrecenben-jart-teremtornan","status":"publish","type":"post","link":"https:\/\/cigandse.hu\/index.php\/2024\/12\/24\/u11-es-csapatunk-debrecenben-jart-teremtornan\/","title":{"rendered":"U11-es csapatunk Debrecenben j\u00e1rt teremtorn\u00e1n"},"content":{"rendered":"<h3><img loading=\"lazy\" decoding=\"async\" class=\"aligncenter wp-image-5288\" src=\"https:\/\/cigandse.hu\/wp-content\/uploads\/2024\/12\/sabah-262x300.jpg\" alt=\"\" width=\"600\" height=\"688\" srcset=\"https:\/\/cigandse.hu\/wp-content\/uploads\/2024\/12\/sabah-262x300.jpg 262w, https:\/\/cigandse.hu\/wp-content\/uploads\/2024\/12\/sabah-894x1024.jpg 894w, https:\/\/cigandse.hu\/wp-content\/uploads\/2024\/12\/sabah-768x880.jpg 768w, https:\/\/cigandse.hu\/wp-content\/uploads\/2024\/12\/sabah-1341x1536.jpg 1341w, https:\/\/cigandse.hu\/wp-content\/uploads\/2024\/12\/sabah-112x128.jpg 112w, https:\/\/cigandse.hu\/wp-content\/uploads\/2024\/12\/sabah-28x32.jpg 28w, https:\/\/cigandse.hu\/wp-content\/uploads\/2024\/12\/sabah.jpg 1536w\" sizes=\"auto, (max-width: 600px) 100vw, 600px\" \/><\/h3>\n<h3>J\u00f3l siker\u00fclt az Olasz Focisuli \u00e1ltal szervezett k\u00e9tnapos t\u00e9li torna.<\/h3>\n<p><strong>F\u00e1bi\u00e1n Istv\u00e1n, edz\u0151 \u00f6sszegezte a k\u00e9t napot:<\/strong> \u2013 Nagyszer\u0171 \u00e9s j\u00f3 hangulat\u00fa torn\u00e1n vehett\u00fcnk r\u00e9szt Debrecenben. Nagy izgalmakkal v\u00e1gtunk neki ennek a k\u00e9t napnak, mivel lehet\u0151s\u00e9g\u00fck volt a gyerekeknek kicsit a sz\u00fcleikt\u0151l t\u00e1vol lenni\u00fck, hiszen az \u00e9jszak\u00e1t Debrecenben t\u00f6lt\u00f6tt\u00fck. A gyerekek nagyon j\u00f3l \u00e9rezt\u00e9k magukat, kicsit k\u00f6zelebb ker\u00fcltek egym\u00e1shoz, jobban \u00f6sszekov\u00e1csol\u00f3dott a csapat. Az torna els\u0151 m\u00e9rk\u0151z\u00e9s\u00e9n megillet\u0151dve kezdt\u00fcnk, de ezen gyorsan t\u00fallend\u00fclt\u00fcnk \u00e9s m\u00e1r a m\u00e1sodik m\u00e9rk\u0151z\u00e9s\u00fcnkt\u0151l felszabadultan j\u00e1tszott mindenki. Az este j\u00f3 hangulatban telt, a k\u00f6z\u00f6s vacsora ut\u00e1n v\u00e1rt a gyerekekre m\u00e9g egy k\u00f6z\u00f6s filmn\u00e9z\u00e9s, amit nagy \u00e9rdekl\u0151d\u00e9ssel n\u00e9ztek hiszen a film egy futball legend\u00e1r\u00f3l, Pel\u00e9r\u0151l sz\u00f3lt. A m\u00e1sodik nap nagyon j\u00f3l kezdt\u00fcnk, \u00e9rezhet\u0151 volt a felszabadults\u00e1g a gyerekeken \u00e9s ez l\u00e1that\u00f3 volt a j\u00e1t\u00e9kukon is. Nagyszer\u0171 egy\u00e9ni megmozdul\u00e1sokat l\u00e1thattunk \u00e9s sz\u00e9p g\u00f3lokat. \u00d6sszess\u00e9g\u00e9ben pozit\u00edvnak \u00e9rt\u00e9kelem a torn\u00e1t, mindenki igyekezett a tud\u00e1sa legjav\u00e1t ny\u00fajtani \u00e9s \u00e9lvezni a j\u00e1t\u00e9kot. Kellemes \u00fcnnepeket, boldog kar\u00e1csonyt!<\/p>\n","protected":false},"excerpt":{"rendered":"<p>J\u00f3l siker\u00fclt az Olasz Focisuli \u00e1ltal szervezett k\u00e9tnapos t\u00e9li torna. F\u00e1bi\u00e1n Istv\u00e1n, edz\u0151 \u00f6sszegezte a k\u00e9t napot: \u2013 Nagyszer\u0171 \u00e9s [&hellip;]<\/p>\n","protected":false},"author":1,"featured_media":5288,"comment_status":"open","ping_status":"open","sticky":false,"template":"","format":"standard","meta":{"_uag_custom_page_level_css":"","footnotes":""},"categories":[3],"tags":[],"class_list":["post-5287","post","type-post","status-publish","format-standard","has-post-thumbnail","hentry","category-hirek"],"yoast_head":"<!-- This site is optimized with the Yoast SEO plugin v25.5 - https:\/\/yoast.com\/wordpress\/plugins\/seo\/ -->\n<title>U11-es csapatunk Debrecenben j\u00e1rt teremtorn\u00e1n - Cig\u00e1nd Sportegyes\u00fclet hivatalos oldala<\/title>\n<meta name=\"robots\" content=\"index, follow, max-snippet:-1, max-image-preview:large, max-video-preview:-1\" \/>\n<link rel=\"canonical\" href=\"https:\/\/cigandse.hu\/index.php\/2024\/12\/24\/u11-es-csapatunk-debrecenben-jart-teremtornan\/\" \/>\n<meta property=\"og:locale\" content=\"hu_HU\" \/>\n<meta property=\"og:type\" content=\"article\" \/>\n<meta property=\"og:title\" content=\"U11-es csapatunk Debrecenben j\u00e1rt teremtorn\u00e1n - Cig\u00e1nd Sportegyes\u00fclet hivatalos oldala\" \/>\n<meta property=\"og:description\" content=\"J\u00f3l siker\u00fclt az Olasz Focisuli \u00e1ltal szervezett k\u00e9tnapos t\u00e9li torna. F\u00e1bi\u00e1n Istv\u00e1n, edz\u0151 \u00f6sszegezte a k\u00e9t napot: \u2013 Nagyszer\u0171 \u00e9s [&hellip;]\" \/>\n<meta property=\"og:url\" content=\"https:\/\/cigandse.hu\/index.php\/2024\/12\/24\/u11-es-csapatunk-debrecenben-jart-teremtornan\/\" \/>\n<meta property=\"og:site_name\" content=\"Cig\u00e1nd Sportegyes\u00fclet hivatalos oldala\" \/>\n<meta property=\"article:publisher\" content=\"https:\/\/www.facebook.com\/CigandSportegyesulet\" \/>\n<meta property=\"article:published_time\" content=\"2024-12-24T09:57:38+00:00\" \/>\n<meta property=\"og:image\" content=\"https:\/\/cigandse.hu\/wp-content\/uploads\/2024\/12\/sabah.jpg\" \/>\n\t<meta property=\"og:image:width\" content=\"1536\" \/>\n\t<meta property=\"og:image:height\" content=\"1760\" \/>\n\t<meta property=\"og:image:type\" content=\"image\/jpeg\" \/>\n<meta name=\"author\" content=\"admin\" \/>\n<meta name=\"twitter:card\" content=\"summary_large_image\" \/>\n<meta name=\"twitter:label1\" content=\"Szerz\u0151:\" \/>\n\t<meta name=\"twitter:data1\" content=\"admin\" \/>\n\t<meta name=\"twitter:label2\" content=\"Becs\u00fclt olvas\u00e1si id\u0151\" \/>\n\t<meta name=\"twitter:data2\" content=\"2 perc\" \/>\n<script type=\"application\/ld+json\" class=\"yoast-schema-graph\">{\"@context\":\"https:\/\/schema.org\",\"@graph\":[{\"@type\":\"Article\",\"@id\":\"https:\/\/cigandse.hu\/index.php\/2024\/12\/24\/u11-es-csapatunk-debrecenben-jart-teremtornan\/#article\",\"isPartOf\":{\"@id\":\"https:\/\/cigandse.hu\/index.php\/2024\/12\/24\/u11-es-csapatunk-debrecenben-jart-teremtornan\/\"},\"author\":{\"name\":\"admin\",\"@id\":\"https:\/\/cigandse.hu\/#\/schema\/person\/98ccf0ab8d41a299cc83f8d4bc3ad158\"},\"headline\":\"U11-es csapatunk Debrecenben j\u00e1rt teremtorn\u00e1n\",\"datePublished\":\"2024-12-24T09:57:38+00:00\",\"mainEntityOfPage\":{\"@id\":\"https:\/\/cigandse.hu\/index.php\/2024\/12\/24\/u11-es-csapatunk-debrecenben-jart-teremtornan\/\"},\"wordCount\":249,\"commentCount\":0,\"publisher\":{\"@id\":\"https:\/\/cigandse.hu\/#organization\"},\"image\":{\"@id\":\"https:\/\/cigandse.hu\/index.php\/2024\/12\/24\/u11-es-csapatunk-debrecenben-jart-teremtornan\/#primaryimage\"},\"thumbnailUrl\":\"https:\/\/cigandse.hu\/wp-content\/uploads\/2024\/12\/sabah.jpg\",\"articleSection\":[\"H\u00edrek\"],\"inLanguage\":\"hu\",\"potentialAction\":[{\"@type\":\"CommentAction\",\"name\":\"Comment\",\"target\":[\"https:\/\/cigandse.hu\/index.php\/2024\/12\/24\/u11-es-csapatunk-debrecenben-jart-teremtornan\/#respond\"]}]},{\"@type\":\"WebPage\",\"@id\":\"https:\/\/cigandse.hu\/index.php\/2024\/12\/24\/u11-es-csapatunk-debrecenben-jart-teremtornan\/\",\"url\":\"https:\/\/cigandse.hu\/index.php\/2024\/12\/24\/u11-es-csapatunk-debrecenben-jart-teremtornan\/\",\"name\":\"U11-es csapatunk Debrecenben j\u00e1rt teremtorn\u00e1n - Cig\u00e1nd Sportegyes\u00fclet hivatalos oldala\",\"isPartOf\":{\"@id\":\"https:\/\/cigandse.hu\/#website\"},\"primaryImageOfPage\":{\"@id\":\"https:\/\/cigandse.hu\/index.php\/2024\/12\/24\/u11-es-csapatunk-debrecenben-jart-teremtornan\/#primaryimage\"},\"image\":{\"@id\":\"https:\/\/cigandse.hu\/index.php\/2024\/12\/24\/u11-es-csapatunk-debrecenben-jart-teremtornan\/#primaryimage\"},\"thumbnailUrl\":\"https:\/\/cigandse.hu\/wp-content\/uploads\/2024\/12\/sabah.jpg\",\"datePublished\":\"2024-12-24T09:57:38+00:00\",\"breadcrumb\":{\"@id\":\"https:\/\/cigandse.hu\/index.php\/2024\/12\/24\/u11-es-csapatunk-debrecenben-jart-teremtornan\/#breadcrumb\"},\"inLanguage\":\"hu\",\"potentialAction\":[{\"@type\":\"ReadAction\",\"target\":[\"https:\/\/cigandse.hu\/index.php\/2024\/12\/24\/u11-es-csapatunk-debrecenben-jart-teremtornan\/\"]}]},{\"@type\":\"ImageObject\",\"inLanguage\":\"hu\",\"@id\":\"https:\/\/cigandse.hu\/index.php\/2024\/12\/24\/u11-es-csapatunk-debrecenben-jart-teremtornan\/#primaryimage\",\"url\":\"https:\/\/cigandse.hu\/wp-content\/uploads\/2024\/12\/sabah.jpg\",\"contentUrl\":\"https:\/\/cigandse.hu\/wp-content\/uploads\/2024\/12\/sabah.jpg\",\"width\":1536,\"height\":1760},{\"@type\":\"BreadcrumbList\",\"@id\":\"https:\/\/cigandse.hu\/index.php\/2024\/12\/24\/u11-es-csapatunk-debrecenben-jart-teremtornan\/#breadcrumb\",\"itemListElement\":[{\"@type\":\"ListItem\",\"position\":1,\"name\":\"Kezd\u0151lap\",\"item\":\"https:\/\/cigandse.hu\/\"},{\"@type\":\"ListItem\",\"position\":2,\"name\":\"U11-es csapatunk Debrecenben j\u00e1rt teremtorn\u00e1n\"}]},{\"@type\":\"WebSite\",\"@id\":\"https:\/\/cigandse.hu\/#website\",\"url\":\"https:\/\/cigandse.hu\/\",\"name\":\"Cig\u00e1nd Sportegyes\u00fclet hivatalos oldala\",\"description\":\"Cig\u00e1nd Sportegyes\u00fclet hivatalos oldala\",\"publisher\":{\"@id\":\"https:\/\/cigandse.hu\/#organization\"},\"potentialAction\":[{\"@type\":\"SearchAction\",\"target\":{\"@type\":\"EntryPoint\",\"urlTemplate\":\"https:\/\/cigandse.hu\/?s={search_term_string}\"},\"query-input\":{\"@type\":\"PropertyValueSpecification\",\"valueRequired\":true,\"valueName\":\"search_term_string\"}}],\"inLanguage\":\"hu\"},{\"@type\":\"Organization\",\"@id\":\"https:\/\/cigandse.hu\/#organization\",\"name\":\"Cig\u00e1nd Sportegyes\u00fclet\",\"url\":\"https:\/\/cigandse.hu\/\",\"logo\":{\"@type\":\"ImageObject\",\"inLanguage\":\"hu\",\"@id\":\"https:\/\/cigandse.hu\/#\/schema\/logo\/image\/\",\"url\":\"https:\/\/cigandse.hu\/wp-content\/uploads\/2022\/04\/Cigand-SE-cimer-1.jpg\",\"contentUrl\":\"https:\/\/cigandse.hu\/wp-content\/uploads\/2022\/04\/Cigand-SE-cimer-1.jpg\",\"width\":1932,\"height\":2088,\"caption\":\"Cig\u00e1nd Sportegyes\u00fclet\"},\"image\":{\"@id\":\"https:\/\/cigandse.hu\/#\/schema\/logo\/image\/\"},\"sameAs\":[\"https:\/\/www.facebook.com\/CigandSportegyesulet\",\"https:\/\/www.youtube.com\/channel\/UC0prdKj31NqRteZ5J4bGUZw\",\"https:\/\/hu.wikipedia.org\/wiki\/Cig\u00e1nd_SE\"]},{\"@type\":\"Person\",\"@id\":\"https:\/\/cigandse.hu\/#\/schema\/person\/98ccf0ab8d41a299cc83f8d4bc3ad158\",\"name\":\"admin\",\"image\":{\"@type\":\"ImageObject\",\"inLanguage\":\"hu\",\"@id\":\"https:\/\/cigandse.hu\/#\/schema\/person\/image\/\",\"url\":\"https:\/\/secure.gravatar.com\/avatar\/807752e5a26584bf309283b840694667743fc07b907e4db41f77a58fb4b98337?s=96&d=mm&r=g\",\"contentUrl\":\"https:\/\/secure.gravatar.com\/avatar\/807752e5a26584bf309283b840694667743fc07b907e4db41f77a58fb4b98337?s=96&d=mm&r=g\",\"caption\":\"admin\"},\"sameAs\":[\"https:\/\/cigandse.hu\"],\"url\":\"https:\/\/cigandse.hu\/index.php\/author\/terjeksandor\/\"}]}<\/script>\n<!-- \/ Yoast SEO plugin. -->","yoast_head_json":{"title":"U11-es csapatunk Debrecenben j\u00e1rt teremtorn\u00e1n - Cig\u00e1nd Sportegyes\u00fclet hivatalos oldala","robots":{"index":"index","follow":"follow","max-snippet":"max-snippet:-1","max-image-preview":"max-image-preview:large","max-video-preview":"max-video-preview:-1"},"canonical":"https:\/\/cigandse.hu\/index.php\/2024\/12\/24\/u11-es-csapatunk-debrecenben-jart-teremtornan\/","og_locale":"hu_HU","og_type":"article","og_title":"U11-es csapatunk Debrecenben j\u00e1rt teremtorn\u00e1n - Cig\u00e1nd Sportegyes\u00fclet hivatalos oldala","og_description":"J\u00f3l siker\u00fclt az Olasz Focisuli \u00e1ltal szervezett k\u00e9tnapos t\u00e9li torna. F\u00e1bi\u00e1n Istv\u00e1n, edz\u0151 \u00f6sszegezte a k\u00e9t napot: \u2013 Nagyszer\u0171 \u00e9s [&hellip;]","og_url":"https:\/\/cigandse.hu\/index.php\/2024\/12\/24\/u11-es-csapatunk-debrecenben-jart-teremtornan\/","og_site_name":"Cig\u00e1nd Sportegyes\u00fclet hivatalos oldala","article_publisher":"https:\/\/www.facebook.com\/CigandSportegyesulet","article_published_time":"2024-12-24T09:57:38+00:00","og_image":[{"width":1536,"height":1760,"url":"https:\/\/cigandse.hu\/wp-content\/uploads\/2024\/12\/sabah.jpg","type":"image\/jpeg"}],"author":"admin","twitter_card":"summary_large_image","twitter_misc":{"Szerz\u0151:":"admin","Becs\u00fclt olvas\u00e1si id\u0151":"2 perc"},"schema":{"@context":"https:\/\/schema.org","@graph":[{"@type":"Article","@id":"https:\/\/cigandse.hu\/index.php\/2024\/12\/24\/u11-es-csapatunk-debrecenben-jart-teremtornan\/#article","isPartOf":{"@id":"https:\/\/cigandse.hu\/index.php\/2024\/12\/24\/u11-es-csapatunk-debrecenben-jart-teremtornan\/"},"author":{"name":"admin","@id":"https:\/\/cigandse.hu\/#\/schema\/person\/98ccf0ab8d41a299cc83f8d4bc3ad158"},"headline":"U11-es csapatunk Debrecenben j\u00e1rt teremtorn\u00e1n","datePublished":"2024-12-24T09:57:38+00:00","mainEntityOfPage":{"@id":"https:\/\/cigandse.hu\/index.php\/2024\/12\/24\/u11-es-csapatunk-debrecenben-jart-teremtornan\/"},"wordCount":249,"commentCount":0,"publisher":{"@id":"https:\/\/cigandse.hu\/#organization"},"image":{"@id":"https:\/\/cigandse.hu\/index.php\/2024\/12\/24\/u11-es-csapatunk-debrecenben-jart-teremtornan\/#primaryimage"},"thumbnailUrl":"https:\/\/cigandse.hu\/wp-content\/uploads\/2024\/12\/sabah.jpg","articleSection":["H\u00edrek"],"inLanguage":"hu","potentialAction":[{"@type":"CommentAction","name":"Comment","target":["https:\/\/cigandse.hu\/index.php\/2024\/12\/24\/u11-es-csapatunk-debrecenben-jart-teremtornan\/#respond"]}]},{"@type":"WebPage","@id":"https:\/\/cigandse.hu\/index.php\/2024\/12\/24\/u11-es-csapatunk-debrecenben-jart-teremtornan\/","url":"https:\/\/cigandse.hu\/index.php\/2024\/12\/24\/u11-es-csapatunk-debrecenben-jart-teremtornan\/","name":"U11-es csapatunk Debrecenben j\u00e1rt teremtorn\u00e1n - Cig\u00e1nd Sportegyes\u00fclet hivatalos oldala","isPartOf":{"@id":"https:\/\/cigandse.hu\/#website"},"primaryImageOfPage":{"@id":"https:\/\/cigandse.hu\/index.php\/2024\/12\/24\/u11-es-csapatunk-debrecenben-jart-teremtornan\/#primaryimage"},"image":{"@id":"https:\/\/cigandse.hu\/index.php\/2024\/12\/24\/u11-es-csapatunk-debrecenben-jart-teremtornan\/#primaryimage"},"thumbnailUrl":"https:\/\/cigandse.hu\/wp-content\/uploads\/2024\/12\/sabah.jpg","datePublished":"2024-12-24T09:57:38+00:00","breadcrumb":{"@id":"https:\/\/cigandse.hu\/index.php\/2024\/12\/24\/u11-es-csapatunk-debrecenben-jart-teremtornan\/#breadcrumb"},"inLanguage":"hu","potentialAction":[{"@type":"ReadAction","target":["https:\/\/cigandse.hu\/index.php\/2024\/12\/24\/u11-es-csapatunk-debrecenben-jart-teremtornan\/"]}]},{"@type":"ImageObject","inLanguage":"hu","@id":"https:\/\/cigandse.hu\/index.php\/2024\/12\/24\/u11-es-csapatunk-debrecenben-jart-teremtornan\/#primaryimage","url":"https:\/\/cigandse.hu\/wp-content\/uploads\/2024\/12\/sabah.jpg","contentUrl":"https:\/\/cigandse.hu\/wp-content\/uploads\/2024\/12\/sabah.jpg","width":1536,"height":1760},{"@type":"BreadcrumbList","@id":"https:\/\/cigandse.hu\/index.php\/2024\/12\/24\/u11-es-csapatunk-debrecenben-jart-teremtornan\/#breadcrumb","itemListElement":[{"@type":"ListItem","position":1,"name":"Kezd\u0151lap","item":"https:\/\/cigandse.hu\/"},{"@type":"ListItem","position":2,"name":"U11-es csapatunk Debrecenben j\u00e1rt teremtorn\u00e1n"}]},{"@type":"WebSite","@id":"https:\/\/cigandse.hu\/#website","url":"https:\/\/cigandse.hu\/","name":"Cig\u00e1nd Sportegyes\u00fclet hivatalos oldala","description":"Cig\u00e1nd Sportegyes\u00fclet hivatalos oldala","publisher":{"@id":"https:\/\/cigandse.hu\/#organization"},"potentialAction":[{"@type":"SearchAction","target":{"@type":"EntryPoint","urlTemplate":"https:\/\/cigandse.hu\/?s={search_term_string}"},"query-input":{"@type":"PropertyValueSpecification","valueRequired":true,"valueName":"search_term_string"}}],"inLanguage":"hu"},{"@type":"Organization","@id":"https:\/\/cigandse.hu\/#organization","name":"Cig\u00e1nd Sportegyes\u00fclet","url":"https:\/\/cigandse.hu\/","logo":{"@type":"ImageObject","inLanguage":"hu","@id":"https:\/\/cigandse.hu\/#\/schema\/logo\/image\/","url":"https:\/\/cigandse.hu\/wp-content\/uploads\/2022\/04\/Cigand-SE-cimer-1.jpg","contentUrl":"https:\/\/cigandse.hu\/wp-content\/uploads\/2022\/04\/Cigand-SE-cimer-1.jpg","width":1932,"height":2088,"caption":"Cig\u00e1nd Sportegyes\u00fclet"},"image":{"@id":"https:\/\/cigandse.hu\/#\/schema\/logo\/image\/"},"sameAs":["https:\/\/www.facebook.com\/CigandSportegyesulet","https:\/\/www.youtube.com\/channel\/UC0prdKj31NqRteZ5J4bGUZw","https:\/\/hu.wikipedia.org\/wiki\/Cig\u00e1nd_SE"]},{"@type":"Person","@id":"https:\/\/cigandse.hu\/#\/schema\/person\/98ccf0ab8d41a299cc83f8d4bc3ad158","name":"admin","image":{"@type":"ImageObject","inLanguage":"hu","@id":"https:\/\/cigandse.hu\/#\/schema\/person\/image\/","url":"https:\/\/secure.gravatar.com\/avatar\/807752e5a26584bf309283b840694667743fc07b907e4db41f77a58fb4b98337?s=96&d=mm&r=g","contentUrl":"https:\/\/secure.gravatar.com\/avatar\/807752e5a26584bf309283b840694667743fc07b907e4db41f77a58fb4b98337?s=96&d=mm&r=g","caption":"admin"},"sameAs":["https:\/\/cigandse.hu"],"url":"https:\/\/cigandse.hu\/index.php\/author\/terjeksandor\/"}]}},"uagb_featured_image_src":{"full":["https:\/\/cigandse.hu\/wp-content\/uploads\/2024\/12\/sabah.jpg",1536,1760,false],"thumbnail":["https:\/\/cigandse.hu\/wp-content\/uploads\/2024\/12\/sabah-150x150.jpg",150,150,true],"medium":["https:\/\/cigandse.hu\/wp-content\/uploads\/2024\/12\/sabah-262x300.jpg",262,300,true],"medium_large":["https:\/\/cigandse.hu\/wp-content\/uploads\/2024\/12\/sabah-768x880.jpg",680,779,true],"large":["https:\/\/cigandse.hu\/wp-content\/uploads\/2024\/12\/sabah-894x1024.jpg",680,779,true],"1536x1536":["https:\/\/cigandse.hu\/wp-content\/uploads\/2024\/12\/sabah-1341x1536.jpg",1341,1536,true],"2048x2048":["https:\/\/cigandse.hu\/wp-content\/uploads\/2024\/12\/sabah.jpg",1536,1760,false],"sportspress-crop-medium":["https:\/\/cigandse.hu\/wp-content\/uploads\/2024\/12\/sabah-300x300.jpg",300,300,true],"sportspress-fit-medium":["https:\/\/cigandse.hu\/wp-content\/uploads\/2024\/12\/sabah-262x300.jpg",262,300,true],"sportspress-fit-icon":["https:\/\/cigandse.hu\/wp-content\/uploads\/2024\/12\/sabah-112x128.jpg",112,128,true],"sportspress-fit-mini":["https:\/\/cigandse.hu\/wp-content\/uploads\/2024\/12\/sabah-28x32.jpg",28,32,true]},"uagb_author_info":{"display_name":"admin","author_link":"https:\/\/cigandse.hu\/index.php\/author\/terjeksandor\/"},"uagb_comment_info":0,"uagb_excerpt":"J\u00f3l siker\u00fclt az Olasz Focisuli \u00e1ltal szervezett k\u00e9tnapos t\u00e9li torna. F\u00e1bi\u00e1n Istv\u00e1n, edz\u0151 \u00f6sszegezte a k\u00e9t napot: \u2013 Nagyszer\u0171 \u00e9s [&hellip;]","_links":{"self":[{"href":"https:\/\/cigandse.hu\/index.php\/wp-json\/wp\/v2\/posts\/5287","targetHints":{"allow":["GET"]}}],"collection":[{"href":"https:\/\/cigandse.hu\/index.php\/wp-json\/wp\/v2\/posts"}],"about":[{"href":"https:\/\/cigandse.hu\/index.php\/wp-json\/wp\/v2\/types\/post"}],"author":[{"embeddable":true,"href":"https:\/\/cigandse.hu\/index.php\/wp-json\/wp\/v2\/users\/1"}],"replies":[{"embeddable":true,"href":"https:\/\/cigandse.hu\/index.php\/wp-json\/wp\/v2\/comments?post=5287"}],"version-history":[{"count":1,"href":"https:\/\/cigandse.hu\/index.php\/wp-json\/wp\/v2\/posts\/5287\/revisions"}],"predecessor-version":[{"id":5289,"href":"https:\/\/cigandse.hu\/index.php\/wp-json\/wp\/v2\/posts\/5287\/revisions\/5289"}],"wp:featuredmedia":[{"embeddable":true,"href":"https:\/\/cigandse.hu\/index.php\/wp-json\/wp\/v2\/media\/5288"}],"wp:attachment":[{"href":"https:\/\/cigandse.hu\/index.php\/wp-json\/wp\/v2\/media?parent=5287"}],"wp:term":[{"taxonomy":"category","embeddable":true,"href":"https:\/\/cigandse.hu\/index.php\/wp-json\/wp\/v2\/categories?post=5287"},{"taxonomy":"post_tag","embeddable":true,"href":"https:\/\/cigandse.hu\/index.php\/wp-json\/wp\/v2\/tags?post=5287"}],"curies":[{"name":"wp","href":"https:\/\/api.w.org\/{rel}","templated":true}]}}