{"id":5323,"date":"2025-01-07T11:14:55","date_gmt":"2025-01-07T09:14:55","guid":{"rendered":"https:\/\/cigandse.hu\/?p=5323"},"modified":"2025-01-09T11:59:30","modified_gmt":"2025-01-09T09:59:30","slug":"fovarosi-es-szlovakiai-turak-kilenc-edzomeccs-a-programban","status":"publish","type":"post","link":"https:\/\/cigandse.hu\/index.php\/2025\/01\/07\/fovarosi-es-szlovakiai-turak-kilenc-edzomeccs-a-programban\/","title":{"rendered":"F\u0151v\u00e1rosi \u00e9s szlov\u00e1kiai t\u00far\u00e1k \u2013 kilenc edz\u0151meccs a felk\u00e9sz\u00fcl\u00e9si programban"},"content":{"rendered":"<h3><img loading=\"lazy\" decoding=\"async\" class=\"aligncenter wp-image-5324\" src=\"https:\/\/cigandse.hu\/wp-content\/uploads\/2025\/01\/428626832_1258150938443964_8822125473962751646_n-300x200.jpg\" alt=\"\" width=\"800\" height=\"533\" srcset=\"https:\/\/cigandse.hu\/wp-content\/uploads\/2025\/01\/428626832_1258150938443964_8822125473962751646_n-300x200.jpg 300w, https:\/\/cigandse.hu\/wp-content\/uploads\/2025\/01\/428626832_1258150938443964_8822125473962751646_n-1024x683.jpg 1024w, https:\/\/cigandse.hu\/wp-content\/uploads\/2025\/01\/428626832_1258150938443964_8822125473962751646_n-768x512.jpg 768w, https:\/\/cigandse.hu\/wp-content\/uploads\/2025\/01\/428626832_1258150938443964_8822125473962751646_n-1536x1024.jpg 1536w, https:\/\/cigandse.hu\/wp-content\/uploads\/2025\/01\/428626832_1258150938443964_8822125473962751646_n-128x85.jpg 128w, https:\/\/cigandse.hu\/wp-content\/uploads\/2025\/01\/428626832_1258150938443964_8822125473962751646_n-32x21.jpg 32w, https:\/\/cigandse.hu\/wp-content\/uploads\/2025\/01\/428626832_1258150938443964_8822125473962751646_n.jpg 2048w\" sizes=\"auto, (max-width: 800px) 100vw, 800px\" \/><\/h3>\n<h3>B\u00e1r j\u00e1t\u00e9kosaink m\u00e9g hivatalos szabads\u00e1gukat t\u00f6ltik, m\u00e1r szem\u00e9lyre szabott program alapj\u00e1n az \u00fcnnepek el\u0151tt megkezdt\u00e9k az egy\u00e9ni felk\u00e9sz\u00fcl\u00e9st a tavaszi id\u00e9nyre. Hogy ki, mennyire hat\u00e9konyan v\u00e9gezte a munk\u00e1t, az a 2025. janu\u00e1r 13-i m\u00e9r\u00e9seket k\u00f6vet\u0151en kider\u00fcl.<\/h3>\n<p>H\u00e9t hetes felk\u00e9sz\u00fcl\u00e9s v\u00e1r csapatunk tagjaira a m\u00e1rcius 2-i, Tiszaf\u00fcred elleni idegenbeli bajnoki rajt el\u0151tt. Ez id\u0151 alatt az edz\u00e9sek mellett kilenc el\u0151k\u00e9sz\u00fcleti tal\u00e1lkoz\u00f3 szerepel a programban.<\/p>\n<p><strong><em><u>FELK\u00c9SZ\u00dcL\u00c9SI M\u00c9RK\u0150Z\u00c9SEK 2025 T\u00c9L:<\/u><\/em><\/strong><\/p>\n<p>Janu\u00e1r 18., szombat, 11:00:<br \/>\n<strong>Bacs\u00f3 Beton-Cig\u00e1nd SE\u2013\u00dajfeh\u00e9rt\u00f3 SE\u00a0<em>(SZ.-SZ.-B. V\u00e1rmegyei I. oszt\u00e1ly)<\/em><\/strong><br \/>\n<em>Cig\u00e1nd, Edz\u0151k\u00f6zpont<\/em><\/p>\n<p>Janu\u00e1r 25., szombat, 13:00:<br \/>\n<strong>Soroks\u00e1r SC\u00a0<em>(NB II)<\/em>\u2013Bacs\u00f3 Beton-Cig\u00e1nd SE<\/strong><br \/>\n<em>Budapest<\/em><\/p>\n<p>Febru\u00e1r 1., szombat, 13:00:<br \/>\n<strong>FK Humenn\u00e9\u00a0<em>(szlov\u00e1k II. liga)<\/em>\u2013Bacs\u00f3 Beton-Cig\u00e1nd SE<\/strong><br \/>\n<em>Homonna, Szlov\u00e1kia<\/em><\/p>\n<p>Febru\u00e1r 8., szombat, 11:00:<br \/>\n<strong>Bacs\u00f3 Beton-Cig\u00e1nd SE\u2013Tarpa SC <em>(SZ.-SZ.-B. V\u00e1rmegyei I. oszt\u00e1ly)*<\/em><\/strong><br \/>\n<em>Cig\u00e1nd, Edz\u0151k\u00f6zpont<\/em><\/p>\n<p>Febru\u00e1r 8., szombat, 12:15:<br \/>\n<strong>Bacs\u00f3 Beton-Cig\u00e1nd SE\u2013Debreceni VSC II\u00a0<em>(NB III)*<\/em><\/strong><br \/>\n<em>Cig\u00e1nd, Edz\u0151k\u00f6zpont<\/em><\/p>\n<p>Febru\u00e1r 12., szerda, 14:00:<br \/>\n<strong>Bacs\u00f3 Beton-Cig\u00e1nd SE\u2013CS Minaur Baia Mare <em>(rom\u00e1n III. liga)<\/em><\/strong><br \/>\n<em>Cig\u00e1nd, Edz\u0151k\u00f6zpont<\/em><\/p>\n<p>Febru\u00e1r 15., szombat, 12:00:<br \/>\n<strong>Ferencv\u00e1rosi TC II\u00a0<em>(NB III)<\/em>\u2013Bacs\u00f3 Beton-Cig\u00e1nd SE<\/strong><br \/>\n<em>Budapest, N\u00e9pliget<\/em><\/p>\n<p>Febru\u00e1r 19., szerda, 18:30:<br \/>\n<strong>Bacs\u00f3 Beton-Cig\u00e1nd SE\u2013K\u00e1ll\u00f3semj\u00e9n SE <em>(SZ.-SZ.-B. V\u00e1rmegyei II. oszt\u00e1ly)<\/em><\/strong><br \/>\n<em>Cig\u00e1nd, Edz\u0151k\u00f6zpont<\/em><\/p>\n<p>Febru\u00e1r 22., szombat, 16:00:<br \/>\n<strong>MFK Vranov nad Topl\u2019ou\u00a0<em>(szlov\u00e1k III. liga)<\/em>\u2013Bacs\u00f3 Beton-Cig\u00e1nd SE<\/strong><br \/>\n<em>Varann\u00f3, Szlov\u00e1kia<\/em><\/p>\n<p>*2\u00d730 perces m\u00e9rk\u0151z\u00e9s<\/p>\n","protected":false},"excerpt":{"rendered":"<p>B\u00e1r j\u00e1t\u00e9kosaink m\u00e9g hivatalos szabads\u00e1gukat t\u00f6ltik, m\u00e1r szem\u00e9lyre szabott program alapj\u00e1n az \u00fcnnepek el\u0151tt megkezdt\u00e9k az egy\u00e9ni felk\u00e9sz\u00fcl\u00e9st a tavaszi [&hellip;]<\/p>\n","protected":false},"author":1,"featured_media":5324,"comment_status":"open","ping_status":"open","sticky":false,"template":"","format":"standard","meta":{"_uag_custom_page_level_css":"","footnotes":""},"categories":[3],"tags":[],"class_list":["post-5323","post","type-post","status-publish","format-standard","has-post-thumbnail","hentry","category-hirek"],"yoast_head":"<!-- This site is optimized with the Yoast SEO plugin v25.5 - https:\/\/yoast.com\/wordpress\/plugins\/seo\/ -->\n<title>F\u0151v\u00e1rosi \u00e9s szlov\u00e1kiai t\u00far\u00e1k \u2013 kilenc edz\u0151meccs a felk\u00e9sz\u00fcl\u00e9si programban - Cig\u00e1nd Sportegyes\u00fclet hivatalos oldala<\/title>\n<meta name=\"robots\" content=\"index, follow, max-snippet:-1, max-image-preview:large, max-video-preview:-1\" \/>\n<link rel=\"canonical\" href=\"https:\/\/cigandse.hu\/index.php\/2025\/01\/07\/fovarosi-es-szlovakiai-turak-kilenc-edzomeccs-a-programban\/\" \/>\n<meta property=\"og:locale\" content=\"hu_HU\" \/>\n<meta property=\"og:type\" content=\"article\" \/>\n<meta property=\"og:title\" content=\"F\u0151v\u00e1rosi \u00e9s szlov\u00e1kiai t\u00far\u00e1k \u2013 kilenc edz\u0151meccs a felk\u00e9sz\u00fcl\u00e9si programban - Cig\u00e1nd Sportegyes\u00fclet hivatalos oldala\" \/>\n<meta property=\"og:description\" content=\"B\u00e1r j\u00e1t\u00e9kosaink m\u00e9g hivatalos szabads\u00e1gukat t\u00f6ltik, m\u00e1r szem\u00e9lyre szabott program alapj\u00e1n az \u00fcnnepek el\u0151tt megkezdt\u00e9k az egy\u00e9ni felk\u00e9sz\u00fcl\u00e9st a tavaszi [&hellip;]\" \/>\n<meta property=\"og:url\" content=\"https:\/\/cigandse.hu\/index.php\/2025\/01\/07\/fovarosi-es-szlovakiai-turak-kilenc-edzomeccs-a-programban\/\" \/>\n<meta property=\"og:site_name\" content=\"Cig\u00e1nd Sportegyes\u00fclet hivatalos oldala\" \/>\n<meta property=\"article:publisher\" content=\"https:\/\/www.facebook.com\/CigandSportegyesulet\" \/>\n<meta property=\"article:published_time\" content=\"2025-01-07T09:14:55+00:00\" \/>\n<meta property=\"article:modified_time\" content=\"2025-01-09T09:59:30+00:00\" \/>\n<meta property=\"og:image\" content=\"https:\/\/cigandse.hu\/wp-content\/uploads\/2025\/01\/428626832_1258150938443964_8822125473962751646_n.jpg\" \/>\n\t<meta property=\"og:image:width\" content=\"2048\" \/>\n\t<meta property=\"og:image:height\" content=\"1365\" \/>\n\t<meta property=\"og:image:type\" content=\"image\/jpeg\" \/>\n<meta name=\"author\" content=\"admin\" \/>\n<meta name=\"twitter:card\" content=\"summary_large_image\" \/>\n<meta name=\"twitter:label1\" content=\"Szerz\u0151:\" \/>\n\t<meta name=\"twitter:data1\" content=\"admin\" \/>\n\t<meta name=\"twitter:label2\" content=\"Becs\u00fclt olvas\u00e1si id\u0151\" \/>\n\t<meta name=\"twitter:data2\" content=\"2 perc\" \/>\n<script type=\"application\/ld+json\" class=\"yoast-schema-graph\">{\"@context\":\"https:\/\/schema.org\",\"@graph\":[{\"@type\":\"Article\",\"@id\":\"https:\/\/cigandse.hu\/index.php\/2025\/01\/07\/fovarosi-es-szlovakiai-turak-kilenc-edzomeccs-a-programban\/#article\",\"isPartOf\":{\"@id\":\"https:\/\/cigandse.hu\/index.php\/2025\/01\/07\/fovarosi-es-szlovakiai-turak-kilenc-edzomeccs-a-programban\/\"},\"author\":{\"name\":\"admin\",\"@id\":\"https:\/\/cigandse.hu\/#\/schema\/person\/98ccf0ab8d41a299cc83f8d4bc3ad158\"},\"headline\":\"F\u0151v\u00e1rosi \u00e9s szlov\u00e1kiai t\u00far\u00e1k \u2013 kilenc edz\u0151meccs a felk\u00e9sz\u00fcl\u00e9si programban\",\"datePublished\":\"2025-01-07T09:14:55+00:00\",\"dateModified\":\"2025-01-09T09:59:30+00:00\",\"mainEntityOfPage\":{\"@id\":\"https:\/\/cigandse.hu\/index.php\/2025\/01\/07\/fovarosi-es-szlovakiai-turak-kilenc-edzomeccs-a-programban\/\"},\"wordCount\":304,\"commentCount\":0,\"publisher\":{\"@id\":\"https:\/\/cigandse.hu\/#organization\"},\"image\":{\"@id\":\"https:\/\/cigandse.hu\/index.php\/2025\/01\/07\/fovarosi-es-szlovakiai-turak-kilenc-edzomeccs-a-programban\/#primaryimage\"},\"thumbnailUrl\":\"https:\/\/cigandse.hu\/wp-content\/uploads\/2025\/01\/428626832_1258150938443964_8822125473962751646_n.jpg\",\"articleSection\":[\"H\u00edrek\"],\"inLanguage\":\"hu\",\"potentialAction\":[{\"@type\":\"CommentAction\",\"name\":\"Comment\",\"target\":[\"https:\/\/cigandse.hu\/index.php\/2025\/01\/07\/fovarosi-es-szlovakiai-turak-kilenc-edzomeccs-a-programban\/#respond\"]}]},{\"@type\":\"WebPage\",\"@id\":\"https:\/\/cigandse.hu\/index.php\/2025\/01\/07\/fovarosi-es-szlovakiai-turak-kilenc-edzomeccs-a-programban\/\",\"url\":\"https:\/\/cigandse.hu\/index.php\/2025\/01\/07\/fovarosi-es-szlovakiai-turak-kilenc-edzomeccs-a-programban\/\",\"name\":\"F\u0151v\u00e1rosi \u00e9s szlov\u00e1kiai t\u00far\u00e1k \u2013 kilenc edz\u0151meccs a felk\u00e9sz\u00fcl\u00e9si programban - Cig\u00e1nd Sportegyes\u00fclet hivatalos oldala\",\"isPartOf\":{\"@id\":\"https:\/\/cigandse.hu\/#website\"},\"primaryImageOfPage\":{\"@id\":\"https:\/\/cigandse.hu\/index.php\/2025\/01\/07\/fovarosi-es-szlovakiai-turak-kilenc-edzomeccs-a-programban\/#primaryimage\"},\"image\":{\"@id\":\"https:\/\/cigandse.hu\/index.php\/2025\/01\/07\/fovarosi-es-szlovakiai-turak-kilenc-edzomeccs-a-programban\/#primaryimage\"},\"thumbnailUrl\":\"https:\/\/cigandse.hu\/wp-content\/uploads\/2025\/01\/428626832_1258150938443964_8822125473962751646_n.jpg\",\"datePublished\":\"2025-01-07T09:14:55+00:00\",\"dateModified\":\"2025-01-09T09:59:30+00:00\",\"breadcrumb\":{\"@id\":\"https:\/\/cigandse.hu\/index.php\/2025\/01\/07\/fovarosi-es-szlovakiai-turak-kilenc-edzomeccs-a-programban\/#breadcrumb\"},\"inLanguage\":\"hu\",\"potentialAction\":[{\"@type\":\"ReadAction\",\"target\":[\"https:\/\/cigandse.hu\/index.php\/2025\/01\/07\/fovarosi-es-szlovakiai-turak-kilenc-edzomeccs-a-programban\/\"]}]},{\"@type\":\"ImageObject\",\"inLanguage\":\"hu\",\"@id\":\"https:\/\/cigandse.hu\/index.php\/2025\/01\/07\/fovarosi-es-szlovakiai-turak-kilenc-edzomeccs-a-programban\/#primaryimage\",\"url\":\"https:\/\/cigandse.hu\/wp-content\/uploads\/2025\/01\/428626832_1258150938443964_8822125473962751646_n.jpg\",\"contentUrl\":\"https:\/\/cigandse.hu\/wp-content\/uploads\/2025\/01\/428626832_1258150938443964_8822125473962751646_n.jpg\",\"width\":2048,\"height\":1365},{\"@type\":\"BreadcrumbList\",\"@id\":\"https:\/\/cigandse.hu\/index.php\/2025\/01\/07\/fovarosi-es-szlovakiai-turak-kilenc-edzomeccs-a-programban\/#breadcrumb\",\"itemListElement\":[{\"@type\":\"ListItem\",\"position\":1,\"name\":\"Kezd\u0151lap\",\"item\":\"https:\/\/cigandse.hu\/\"},{\"@type\":\"ListItem\",\"position\":2,\"name\":\"F\u0151v\u00e1rosi \u00e9s szlov\u00e1kiai t\u00far\u00e1k \u2013 kilenc edz\u0151meccs a felk\u00e9sz\u00fcl\u00e9si programban\"}]},{\"@type\":\"WebSite\",\"@id\":\"https:\/\/cigandse.hu\/#website\",\"url\":\"https:\/\/cigandse.hu\/\",\"name\":\"Cig\u00e1nd Sportegyes\u00fclet hivatalos oldala\",\"description\":\"Cig\u00e1nd Sportegyes\u00fclet hivatalos oldala\",\"publisher\":{\"@id\":\"https:\/\/cigandse.hu\/#organization\"},\"potentialAction\":[{\"@type\":\"SearchAction\",\"target\":{\"@type\":\"EntryPoint\",\"urlTemplate\":\"https:\/\/cigandse.hu\/?s={search_term_string}\"},\"query-input\":{\"@type\":\"PropertyValueSpecification\",\"valueRequired\":true,\"valueName\":\"search_term_string\"}}],\"inLanguage\":\"hu\"},{\"@type\":\"Organization\",\"@id\":\"https:\/\/cigandse.hu\/#organization\",\"name\":\"Cig\u00e1nd Sportegyes\u00fclet\",\"url\":\"https:\/\/cigandse.hu\/\",\"logo\":{\"@type\":\"ImageObject\",\"inLanguage\":\"hu\",\"@id\":\"https:\/\/cigandse.hu\/#\/schema\/logo\/image\/\",\"url\":\"https:\/\/cigandse.hu\/wp-content\/uploads\/2022\/04\/Cigand-SE-cimer-1.jpg\",\"contentUrl\":\"https:\/\/cigandse.hu\/wp-content\/uploads\/2022\/04\/Cigand-SE-cimer-1.jpg\",\"width\":1932,\"height\":2088,\"caption\":\"Cig\u00e1nd Sportegyes\u00fclet\"},\"image\":{\"@id\":\"https:\/\/cigandse.hu\/#\/schema\/logo\/image\/\"},\"sameAs\":[\"https:\/\/www.facebook.com\/CigandSportegyesulet\",\"https:\/\/www.youtube.com\/channel\/UC0prdKj31NqRteZ5J4bGUZw\",\"https:\/\/hu.wikipedia.org\/wiki\/Cig\u00e1nd_SE\"]},{\"@type\":\"Person\",\"@id\":\"https:\/\/cigandse.hu\/#\/schema\/person\/98ccf0ab8d41a299cc83f8d4bc3ad158\",\"name\":\"admin\",\"image\":{\"@type\":\"ImageObject\",\"inLanguage\":\"hu\",\"@id\":\"https:\/\/cigandse.hu\/#\/schema\/person\/image\/\",\"url\":\"https:\/\/secure.gravatar.com\/avatar\/807752e5a26584bf309283b840694667743fc07b907e4db41f77a58fb4b98337?s=96&d=mm&r=g\",\"contentUrl\":\"https:\/\/secure.gravatar.com\/avatar\/807752e5a26584bf309283b840694667743fc07b907e4db41f77a58fb4b98337?s=96&d=mm&r=g\",\"caption\":\"admin\"},\"sameAs\":[\"https:\/\/cigandse.hu\"],\"url\":\"https:\/\/cigandse.hu\/index.php\/author\/terjeksandor\/\"}]}<\/script>\n<!-- \/ Yoast SEO plugin. -->","yoast_head_json":{"title":"F\u0151v\u00e1rosi \u00e9s szlov\u00e1kiai t\u00far\u00e1k \u2013 kilenc edz\u0151meccs a felk\u00e9sz\u00fcl\u00e9si programban - Cig\u00e1nd Sportegyes\u00fclet hivatalos oldala","robots":{"index":"index","follow":"follow","max-snippet":"max-snippet:-1","max-image-preview":"max-image-preview:large","max-video-preview":"max-video-preview:-1"},"canonical":"https:\/\/cigandse.hu\/index.php\/2025\/01\/07\/fovarosi-es-szlovakiai-turak-kilenc-edzomeccs-a-programban\/","og_locale":"hu_HU","og_type":"article","og_title":"F\u0151v\u00e1rosi \u00e9s szlov\u00e1kiai t\u00far\u00e1k \u2013 kilenc edz\u0151meccs a felk\u00e9sz\u00fcl\u00e9si programban - Cig\u00e1nd Sportegyes\u00fclet hivatalos oldala","og_description":"B\u00e1r j\u00e1t\u00e9kosaink m\u00e9g hivatalos szabads\u00e1gukat t\u00f6ltik, m\u00e1r szem\u00e9lyre szabott program alapj\u00e1n az \u00fcnnepek el\u0151tt megkezdt\u00e9k az egy\u00e9ni felk\u00e9sz\u00fcl\u00e9st a tavaszi [&hellip;]","og_url":"https:\/\/cigandse.hu\/index.php\/2025\/01\/07\/fovarosi-es-szlovakiai-turak-kilenc-edzomeccs-a-programban\/","og_site_name":"Cig\u00e1nd Sportegyes\u00fclet hivatalos oldala","article_publisher":"https:\/\/www.facebook.com\/CigandSportegyesulet","article_published_time":"2025-01-07T09:14:55+00:00","article_modified_time":"2025-01-09T09:59:30+00:00","og_image":[{"width":2048,"height":1365,"url":"https:\/\/cigandse.hu\/wp-content\/uploads\/2025\/01\/428626832_1258150938443964_8822125473962751646_n.jpg","type":"image\/jpeg"}],"author":"admin","twitter_card":"summary_large_image","twitter_misc":{"Szerz\u0151:":"admin","Becs\u00fclt olvas\u00e1si id\u0151":"2 perc"},"schema":{"@context":"https:\/\/schema.org","@graph":[{"@type":"Article","@id":"https:\/\/cigandse.hu\/index.php\/2025\/01\/07\/fovarosi-es-szlovakiai-turak-kilenc-edzomeccs-a-programban\/#article","isPartOf":{"@id":"https:\/\/cigandse.hu\/index.php\/2025\/01\/07\/fovarosi-es-szlovakiai-turak-kilenc-edzomeccs-a-programban\/"},"author":{"name":"admin","@id":"https:\/\/cigandse.hu\/#\/schema\/person\/98ccf0ab8d41a299cc83f8d4bc3ad158"},"headline":"F\u0151v\u00e1rosi \u00e9s szlov\u00e1kiai t\u00far\u00e1k \u2013 kilenc edz\u0151meccs a felk\u00e9sz\u00fcl\u00e9si programban","datePublished":"2025-01-07T09:14:55+00:00","dateModified":"2025-01-09T09:59:30+00:00","mainEntityOfPage":{"@id":"https:\/\/cigandse.hu\/index.php\/2025\/01\/07\/fovarosi-es-szlovakiai-turak-kilenc-edzomeccs-a-programban\/"},"wordCount":304,"commentCount":0,"publisher":{"@id":"https:\/\/cigandse.hu\/#organization"},"image":{"@id":"https:\/\/cigandse.hu\/index.php\/2025\/01\/07\/fovarosi-es-szlovakiai-turak-kilenc-edzomeccs-a-programban\/#primaryimage"},"thumbnailUrl":"https:\/\/cigandse.hu\/wp-content\/uploads\/2025\/01\/428626832_1258150938443964_8822125473962751646_n.jpg","articleSection":["H\u00edrek"],"inLanguage":"hu","potentialAction":[{"@type":"CommentAction","name":"Comment","target":["https:\/\/cigandse.hu\/index.php\/2025\/01\/07\/fovarosi-es-szlovakiai-turak-kilenc-edzomeccs-a-programban\/#respond"]}]},{"@type":"WebPage","@id":"https:\/\/cigandse.hu\/index.php\/2025\/01\/07\/fovarosi-es-szlovakiai-turak-kilenc-edzomeccs-a-programban\/","url":"https:\/\/cigandse.hu\/index.php\/2025\/01\/07\/fovarosi-es-szlovakiai-turak-kilenc-edzomeccs-a-programban\/","name":"F\u0151v\u00e1rosi \u00e9s szlov\u00e1kiai t\u00far\u00e1k \u2013 kilenc edz\u0151meccs a felk\u00e9sz\u00fcl\u00e9si programban - Cig\u00e1nd Sportegyes\u00fclet hivatalos oldala","isPartOf":{"@id":"https:\/\/cigandse.hu\/#website"},"primaryImageOfPage":{"@id":"https:\/\/cigandse.hu\/index.php\/2025\/01\/07\/fovarosi-es-szlovakiai-turak-kilenc-edzomeccs-a-programban\/#primaryimage"},"image":{"@id":"https:\/\/cigandse.hu\/index.php\/2025\/01\/07\/fovarosi-es-szlovakiai-turak-kilenc-edzomeccs-a-programban\/#primaryimage"},"thumbnailUrl":"https:\/\/cigandse.hu\/wp-content\/uploads\/2025\/01\/428626832_1258150938443964_8822125473962751646_n.jpg","datePublished":"2025-01-07T09:14:55+00:00","dateModified":"2025-01-09T09:59:30+00:00","breadcrumb":{"@id":"https:\/\/cigandse.hu\/index.php\/2025\/01\/07\/fovarosi-es-szlovakiai-turak-kilenc-edzomeccs-a-programban\/#breadcrumb"},"inLanguage":"hu","potentialAction":[{"@type":"ReadAction","target":["https:\/\/cigandse.hu\/index.php\/2025\/01\/07\/fovarosi-es-szlovakiai-turak-kilenc-edzomeccs-a-programban\/"]}]},{"@type":"ImageObject","inLanguage":"hu","@id":"https:\/\/cigandse.hu\/index.php\/2025\/01\/07\/fovarosi-es-szlovakiai-turak-kilenc-edzomeccs-a-programban\/#primaryimage","url":"https:\/\/cigandse.hu\/wp-content\/uploads\/2025\/01\/428626832_1258150938443964_8822125473962751646_n.jpg","contentUrl":"https:\/\/cigandse.hu\/wp-content\/uploads\/2025\/01\/428626832_1258150938443964_8822125473962751646_n.jpg","width":2048,"height":1365},{"@type":"BreadcrumbList","@id":"https:\/\/cigandse.hu\/index.php\/2025\/01\/07\/fovarosi-es-szlovakiai-turak-kilenc-edzomeccs-a-programban\/#breadcrumb","itemListElement":[{"@type":"ListItem","position":1,"name":"Kezd\u0151lap","item":"https:\/\/cigandse.hu\/"},{"@type":"ListItem","position":2,"name":"F\u0151v\u00e1rosi \u00e9s szlov\u00e1kiai t\u00far\u00e1k \u2013 kilenc edz\u0151meccs a felk\u00e9sz\u00fcl\u00e9si programban"}]},{"@type":"WebSite","@id":"https:\/\/cigandse.hu\/#website","url":"https:\/\/cigandse.hu\/","name":"Cig\u00e1nd Sportegyes\u00fclet hivatalos oldala","description":"Cig\u00e1nd Sportegyes\u00fclet hivatalos oldala","publisher":{"@id":"https:\/\/cigandse.hu\/#organization"},"potentialAction":[{"@type":"SearchAction","target":{"@type":"EntryPoint","urlTemplate":"https:\/\/cigandse.hu\/?s={search_term_string}"},"query-input":{"@type":"PropertyValueSpecification","valueRequired":true,"valueName":"search_term_string"}}],"inLanguage":"hu"},{"@type":"Organization","@id":"https:\/\/cigandse.hu\/#organization","name":"Cig\u00e1nd Sportegyes\u00fclet","url":"https:\/\/cigandse.hu\/","logo":{"@type":"ImageObject","inLanguage":"hu","@id":"https:\/\/cigandse.hu\/#\/schema\/logo\/image\/","url":"https:\/\/cigandse.hu\/wp-content\/uploads\/2022\/04\/Cigand-SE-cimer-1.jpg","contentUrl":"https:\/\/cigandse.hu\/wp-content\/uploads\/2022\/04\/Cigand-SE-cimer-1.jpg","width":1932,"height":2088,"caption":"Cig\u00e1nd Sportegyes\u00fclet"},"image":{"@id":"https:\/\/cigandse.hu\/#\/schema\/logo\/image\/"},"sameAs":["https:\/\/www.facebook.com\/CigandSportegyesulet","https:\/\/www.youtube.com\/channel\/UC0prdKj31NqRteZ5J4bGUZw","https:\/\/hu.wikipedia.org\/wiki\/Cig\u00e1nd_SE"]},{"@type":"Person","@id":"https:\/\/cigandse.hu\/#\/schema\/person\/98ccf0ab8d41a299cc83f8d4bc3ad158","name":"admin","image":{"@type":"ImageObject","inLanguage":"hu","@id":"https:\/\/cigandse.hu\/#\/schema\/person\/image\/","url":"https:\/\/secure.gravatar.com\/avatar\/807752e5a26584bf309283b840694667743fc07b907e4db41f77a58fb4b98337?s=96&d=mm&r=g","contentUrl":"https:\/\/secure.gravatar.com\/avatar\/807752e5a26584bf309283b840694667743fc07b907e4db41f77a58fb4b98337?s=96&d=mm&r=g","caption":"admin"},"sameAs":["https:\/\/cigandse.hu"],"url":"https:\/\/cigandse.hu\/index.php\/author\/terjeksandor\/"}]}},"uagb_featured_image_src":{"full":["https:\/\/cigandse.hu\/wp-content\/uploads\/2025\/01\/428626832_1258150938443964_8822125473962751646_n.jpg",2048,1365,false],"thumbnail":["https:\/\/cigandse.hu\/wp-content\/uploads\/2025\/01\/428626832_1258150938443964_8822125473962751646_n-150x150.jpg",150,150,true],"medium":["https:\/\/cigandse.hu\/wp-content\/uploads\/2025\/01\/428626832_1258150938443964_8822125473962751646_n-300x200.jpg",300,200,true],"medium_large":["https:\/\/cigandse.hu\/wp-content\/uploads\/2025\/01\/428626832_1258150938443964_8822125473962751646_n-768x512.jpg",680,453,true],"large":["https:\/\/cigandse.hu\/wp-content\/uploads\/2025\/01\/428626832_1258150938443964_8822125473962751646_n-1024x683.jpg",680,454,true],"1536x1536":["https:\/\/cigandse.hu\/wp-content\/uploads\/2025\/01\/428626832_1258150938443964_8822125473962751646_n-1536x1024.jpg",1536,1024,true],"2048x2048":["https:\/\/cigandse.hu\/wp-content\/uploads\/2025\/01\/428626832_1258150938443964_8822125473962751646_n.jpg",2048,1365,false],"sportspress-crop-medium":["https:\/\/cigandse.hu\/wp-content\/uploads\/2025\/01\/428626832_1258150938443964_8822125473962751646_n-300x300.jpg",300,300,true],"sportspress-fit-medium":["https:\/\/cigandse.hu\/wp-content\/uploads\/2025\/01\/428626832_1258150938443964_8822125473962751646_n-300x200.jpg",300,200,true],"sportspress-fit-icon":["https:\/\/cigandse.hu\/wp-content\/uploads\/2025\/01\/428626832_1258150938443964_8822125473962751646_n-128x85.jpg",128,85,true],"sportspress-fit-mini":["https:\/\/cigandse.hu\/wp-content\/uploads\/2025\/01\/428626832_1258150938443964_8822125473962751646_n-32x21.jpg",32,21,true]},"uagb_author_info":{"display_name":"admin","author_link":"https:\/\/cigandse.hu\/index.php\/author\/terjeksandor\/"},"uagb_comment_info":0,"uagb_excerpt":"B\u00e1r j\u00e1t\u00e9kosaink m\u00e9g hivatalos szabads\u00e1gukat t\u00f6ltik, m\u00e1r szem\u00e9lyre szabott program alapj\u00e1n az \u00fcnnepek el\u0151tt megkezdt\u00e9k az egy\u00e9ni felk\u00e9sz\u00fcl\u00e9st a tavaszi [&hellip;]","_links":{"self":[{"href":"https:\/\/cigandse.hu\/index.php\/wp-json\/wp\/v2\/posts\/5323","targetHints":{"allow":["GET"]}}],"collection":[{"href":"https:\/\/cigandse.hu\/index.php\/wp-json\/wp\/v2\/posts"}],"about":[{"href":"https:\/\/cigandse.hu\/index.php\/wp-json\/wp\/v2\/types\/post"}],"author":[{"embeddable":true,"href":"https:\/\/cigandse.hu\/index.php\/wp-json\/wp\/v2\/users\/1"}],"replies":[{"embeddable":true,"href":"https:\/\/cigandse.hu\/index.php\/wp-json\/wp\/v2\/comments?post=5323"}],"version-history":[{"count":4,"href":"https:\/\/cigandse.hu\/index.php\/wp-json\/wp\/v2\/posts\/5323\/revisions"}],"predecessor-version":[{"id":5344,"href":"https:\/\/cigandse.hu\/index.php\/wp-json\/wp\/v2\/posts\/5323\/revisions\/5344"}],"wp:featuredmedia":[{"embeddable":true,"href":"https:\/\/cigandse.hu\/index.php\/wp-json\/wp\/v2\/media\/5324"}],"wp:attachment":[{"href":"https:\/\/cigandse.hu\/index.php\/wp-json\/wp\/v2\/media?parent=5323"}],"wp:term":[{"taxonomy":"category","embeddable":true,"href":"https:\/\/cigandse.hu\/index.php\/wp-json\/wp\/v2\/categories?post=5323"},{"taxonomy":"post_tag","embeddable":true,"href":"https:\/\/cigandse.hu\/index.php\/wp-json\/wp\/v2\/tags?post=5323"}],"curies":[{"name":"wp","href":"https:\/\/api.w.org\/{rel}","templated":true}]}}