{"id":5330,"date":"2025-01-08T11:46:55","date_gmt":"2025-01-08T09:46:55","guid":{"rendered":"https:\/\/cigandse.hu\/?p=5330"},"modified":"2025-01-08T11:50:25","modified_gmt":"2025-01-08T09:50:25","slug":"utanpotlas-szakmai-vezetonk-ertekelte-az-elmult-felevet","status":"publish","type":"post","link":"https:\/\/cigandse.hu\/index.php\/2025\/01\/08\/utanpotlas-szakmai-vezetonk-ertekelte-az-elmult-felevet\/","title":{"rendered":"Ut\u00e1np\u00f3tl\u00e1s szakmai vezet\u0151nk \u00e9rt\u00e9kelte az elm\u00falt f\u00e9l\u00e9vet"},"content":{"rendered":"<p><img loading=\"lazy\" decoding=\"async\" class=\"aligncenter wp-image-5331\" src=\"https:\/\/cigandse.hu\/wp-content\/uploads\/2025\/01\/csakita-300x167.jpg\" alt=\"\" width=\"800\" height=\"444\" srcset=\"https:\/\/cigandse.hu\/wp-content\/uploads\/2025\/01\/csakita-300x167.jpg 300w, https:\/\/cigandse.hu\/wp-content\/uploads\/2025\/01\/csakita-768x427.jpg 768w, https:\/\/cigandse.hu\/wp-content\/uploads\/2025\/01\/csakita-128x71.jpg 128w, https:\/\/cigandse.hu\/wp-content\/uploads\/2025\/01\/csakita-32x18.jpg 32w, https:\/\/cigandse.hu\/wp-content\/uploads\/2025\/01\/csakita.jpg 945w\" sizes=\"auto, (max-width: 800px) 100vw, 800px\" \/><\/p>\n<h3><strong>Cs\u00e1ki Tam\u00e1s seg\u00edts\u00e9g\u00e9vel tekint\u00fcnk vissza a CISE ut\u00e1np\u00f3tl\u00e1s csapatainak \u0151szi id\u00e9ny\u00e9re.<\/strong><\/h3>\n<p>\u201eA 2024-2025-\u00f6s \u00e9vad \u0151szi szezonj\u00e1nak edz\u00e9seit j\u00falius utols\u00f3 het\u00e9ben kezdt\u00fck meg, amelyek december els\u0151 het\u00e9ig tartottak. A k\u00f6z\u00f6tte eltelt n\u00e9gy \u00e9s f\u00e9l h\u00f3nap minden koroszt\u00e1ly sz\u00e1m\u00e1ra s\u0171r\u0171 \u00e9s esem\u00e9nyekkel teli id\u0151szakot hozott. \u00c9rt\u00e9kel\u00e9semet alapvet\u0151en h\u00e1rom r\u00e9szre osztan\u00e1m.&#8221;<\/p>\n<p><em>\u2013 <\/em>Szeretn\u00e9m els\u0151k\u00e9nt kiemelni, amir\u0151l \u00e1ltal\u00e1ban kevesebb sz\u00f3 esik: az operat\u00edv r\u00e9szt. A klubon bel\u00fcli hat\u00e9kony kommunik\u00e1ci\u00f3 z\u00f6kken\u0151mentesebb\u00e9 tette a mindennapi munk\u00e1t, \u00edgy az egyes\u00fcletn\u00e9l dolgoz\u00f3 szem\u00e9lyek egym\u00e1s k\u00f6z\u00f6tti kapcsolattart\u00e1sa, a rendk\u00edv\u00fcl sokr\u00e9t\u0171 \u00e9s \u00f6sszetett feladatok megold\u00e1s\u00e1nak egyik alappill\u00e9re volt. A sokszor h\u00e1tt\u00e9rben tev\u00e9kenyked\u0151, utaz\u00e1sok\u00e9rt, edz\u00e9s- \u00e9s m\u00e9rk\u0151z\u00e9s szervez\u00e9sek\u00e9rt felel\u0151s munkat\u00e1rsak, Nagy D\u00e1vid \u00e9s G\u00f6nczi Zolt\u00e1n voltak a biztos\u00edt\u00e9kai, hogy egyes\u00fclet\u00fcnk logisztikai, adminisztr\u00e1ci\u00f3s \u00e9s h\u00e1tt\u00e9rfeladatai rendezettek legyenek, valamint, hogy a klubban dolgoz\u00f3 edz\u0151knek els\u0151dlegesen csak a szakmai munk\u00e1val kelljen foglalkozniuk. Az \u00e9rt\u00e9kel\u00e9s m\u00e1sodik r\u00e9sze, amely a legl\u00e1tv\u00e1nyosabb egy klub \u00e9let\u00e9ben, az a szakmai munka \u00e9s az eredm\u00e9nyess\u00e9g. A ny\u00e1r folyam\u00e1n megoldand\u00f3 feladatot jelentett h\u00e1rom t\u00e1voz\u00f3 edz\u0151nk p\u00f3tl\u00e1sa, akik helyett n\u00e9gy ambici\u00f3zus edz\u0151t siker\u00fclt egyes\u00fclet\u00fcnk munk\u00e1j\u00e1ba bevonni. A gyerekl\u00e9tsz\u00e1maink n\u00f6veked\u00e9s\u00e9vel siker\u00fclt tiszta koroszt\u00e1lyokat kialak\u00edtani a gyerekszekci\u00f3nkban (U7-U13) a fels\u0151 koroszt\u00e1lyokban pedig a tavalyi \u00e9vhez k\u00e9pest eggyel t\u00f6bb, azaz n\u00e9gy nagyp\u00e1ly\u00e1s csapatot tudtunk ind\u00edtani. A csapatainkn\u00e1l foly\u00f3 szakmai munka \u00e9s eredm\u00e9nyess\u00e9g sikeress\u00e9ge els\u0151sorban a j\u00e1t\u00e9kosok egy\u00e9ni fejl\u0151d\u00e9s\u00e9ben m\u00e9rhet\u0151, hiszen az ut\u00e1np\u00f3tl\u00e1sra \u00fagy tekint\u00fcnk, mint az egy\u00e9ni k\u00e9pz\u00e9s f\u0151 sz\u00edntere. A legt\u00f6bb esetben igyekezt\u00fcnk j\u00e1t\u00e9kosaink sz\u00e1m\u00e1ra megtal\u00e1lni azt az optim\u00e1lis ingert, amely sz\u00e1mukra a legnagyobb fejl\u0151d\u00e9si lehet\u0151s\u00e9get biztos\u00edtja, nem pedig az adott csapat sikeress\u00e9g\u00e9t vagy \u00e9ppen eredm\u00e9nyess\u00e9g\u00e9t helyezt\u00fck el\u0151t\u00e9rbe. Szeretn\u00e9nk olyan gondolkod\u00e1sment\u00e9n nevelni a n\u00e1lunk j\u00e1tsz\u00f3 gyerekeket, hogy b\u00e1rki ellen l\u00e9pnek p\u00e1ly\u00e1ra, mindig megmaradjon a kezdem\u00e9nyez\u0151k\u00e9szs\u00e9g\u00fck, v\u00e1llalj\u00e1k fel egy\u00e9nis\u00e9g\u00fcket \u00e9s ne f\u00e9ljenek a hib\u00e1t\u00f3l vagy kudarct\u00f3l. Tekintsenek \u00fagy egy-egy sikertelen d\u00f6nt\u00e9s\u00fckre vagy hib\u00e1s technikai kivitelez\u00e9s\u00fckre, mint tapasztalat szerz\u00e9s, amely k\u00f6vetkezm\u00e9nyek\u00e9nt m\u00e9g magasabb szintre fogj\u00e1k magukat emelni. J\u00f3 \u00faton j\u00e1runk az edz\u0151i st\u00e1bbal a labdar\u00fag\u00e1s azon szegmens\u00e9ben, hogy a gyerekek igyekezzenek alapelvek ment\u00e9n gondolkodni, \u00e9rts\u00e9k meg a j\u00e1t\u00e9k alapvet\u0151 \u00f6sszef\u00fcgg\u00e9seit \u00e9s ezek ment\u00e9n \u00e9rt\u00e9kelj\u00fck az edz\u00e9sen vagy m\u00e9rk\u0151z\u00e9sen ny\u00fajtott teljes\u00edtm\u00e9ny\u00fcket. A tabell\u00e1n elfoglalt helyez\u00e9s mindig csak az okozat kell, hogy legyen a folyamatosan fejl\u0151d\u0151 j\u00e1t\u00e9kmin\u0151s\u00e9g eredm\u00e9nyek\u00e9ppen. Nagyon j\u00f3 m\u00e9rce az egyes\u00fclet sz\u00e1m\u00e1ra, hogy 20 olyan ut\u00e1np\u00f3tl\u00e1s j\u00e1t\u00e9kosunk van, akik \u00e1lland\u00f3 jelleggel egy koroszt\u00e1llyal feljebb j\u00e1tszanak. A ny\u00e1ron n\u00e9gy j\u00e1t\u00e9kos igazolt tehets\u00e9gk\u00f6zpontba vagy akad\u00e9mi\u00e1ra t\u0151l\u00fcnk, valamint tov\u00e1bbi nyolc olyan j\u00e1t\u00e9kos szerepel n\u00e1lunk, akik szint\u00e9n TK vagy akad\u00e9mi\u00e1k l\u00e1t\u00f3k\u00f6r\u00e9ben vannak \u00e9s folyamatosan tesztelik \u0151ket.<\/p>\n<p><em>\u2013 <\/em>A tavalyi \u00e9vhez hasonl\u00f3san ism\u00e9t szakmai napnak adott otthont egyes\u00fclet\u00fcnk, amelyen a Szabolcs-Szatm\u00e1r-Bereg, valamint a Hajd\u00fa-Bihar V\u00e1rmegyei szakmai vezet\u0151k vettek r\u00e9szt egy eg\u00e9sz napos tov\u00e1bbk\u00e9pz\u00e9s keretein bel\u00fcl. A Grassroots klubok versenyeztet\u00e9se, valamint a tehets\u00e9ges j\u00e1t\u00e9kosaik nyomon k\u00f6vet\u00e9se is folyamatos. Az \u0151sszel n\u00e9gy U7-es \u00e9s U9-es fesztiv\u00e1lt szervezt\u00fcnk, \u00f6t U11-es torn\u00e1n vettek r\u00e9szt a D-s szint\u0171 klubok, valamint hat kiv\u00e1laszt\u00f3edz\u00e9st bonyol\u00edtottunk le a k\u00f6rzeti csapataink leg\u00fcgyesebb j\u00e1t\u00e9kosainak, ezt kib\u0151v\u00edtve egy k\u00e9tnapos Grassroots t\u00e1borral. A t\u00e9li k\u00f6rzeti teremtorna szezon lebonyol\u00edt\u00e1sa is folyamatos, hiszen m\u00e1r k\u00e9t U9 \u00e9s U11-es t\u00e9li k\u00f6rzeti teremtorn\u00e1t rendezt\u00fcnk eddig. Az \u0151sszel elkezd\u0151dtek az U12-es \u00e9s U13-as k\u00f6rzetk\u00f6zponti region\u00e1lis v\u00e1logatott keretek kialak\u00edt\u00e1sa, \u00e9s a tavalyi \u00e9vhez hasonl\u00f3an a Szabolcs-Szatm\u00e1r-Bereg v\u00e1rmegyei KK v\u00e1logatottba az id\u00e9n is sz\u00e9p sz\u00e1mmal tudtunk j\u00e1t\u00e9kosokat deleg\u00e1lni.<\/p>\n<p><em>\u2013 <\/em>Csapatainkr\u00f3l egy-egy pozit\u00edv gondolatot szeretn\u00e9k megfogalmazni, amelyeket az \u0151sz folyam\u00e1n tapasztaltam vel\u00fck kapcsolatba \u00e9s ezek az \u00e9szrev\u00e9telek mindenf\u00e9lek\u00e9ppen megs\u00fcvegelend\u0151k. U7-es koroszt\u00e1lyunk kialak\u00edt\u00e1sa folyamatos \u00e9s az Int\u00e9zm\u00e9nyi Bozsik program, valamint a VLA-val egy\u00fcttm\u0171k\u00f6d\u00e9sben a h\u00e1rom hetente tartott ovifoci kiv\u00e1laszt\u00f3 alkalm\u00e1val egyre t\u00f6bb mozg\u00e1s\u00fcgyes gyereket tal\u00e1lunk meg \u00e9s vonzunk be legkisebb koroszt\u00e1lyunkhoz. Az id\u00e9n el\u0151sz\u00f6r tudtunk tiszta koroszt\u00e1lyt ind\u00edtani U8-ban, amely csapat tagjai sz\u00e9p sz\u00e1mmal vannak jelen edz\u00e9seken, valamint a k\u00f6rzeti torn\u00e1kon egyre b\u00e1trabban m\u00e9rk\u0151znek meg U9-es ellenfeleikkel. Az U9-es csapatunk rendszeresen vesz r\u00e9szt k\u00f6rzetk\u00f6zponti torn\u00e1kon, ahol a p\u00e1ly\u00e1ra l\u00e9p\u0151 gyerekek a koroszt\u00e1ly legfontosabb technikai elemeit, a cseleket \u00e9s labdavezet\u00e9st nagyon j\u00f3 min\u0151s\u00e9gben alkalmazz\u00e1k \u00e9s egyre tudatosabban hoznak \u00f6n\u00e1ll\u00f3 d\u00f6nt\u00e9seket. Az U10-es koroszt\u00e1lyunk l\u00e9tsz\u00e1ma n\u00f6vekedett v\u00e9lem\u00e9nyem szerint a legdinamikusabban az \u0151sz folyam\u00e1n, valamint kiemelend\u0151, hogy 2 nemzetk\u00f6zi torn\u00e1n is r\u00e9szt vettek ebben a f\u00e9l\u00e9vben, illetve U11-es k\u00f6rzetk\u00f6zponti torn\u00e1kon is megm\u00e9rett\u00e9k magukat t\u00f6bb alkalommal. Az U11-es csapatunk t\u00fal van els\u0151 ottalv\u00f3 torn\u00e1j\u00e1n, az U11-es KK torn\u00e1kon v\u00e9lem\u00e9nyem szerint nagyon-nagyon j\u00f3 j\u00e1t\u00e9kmin\u0151s\u00e9get k\u00e9pviselnek \u00e9s eml\u00edt\u00e9sre m\u00e9lt\u00f3, hogy az U12-es bajnoks\u00e1gban lej\u00e1tszott\u00e1k els\u0151 8+1-es bajnoki m\u00e9rk\u0151z\u00e9s\u00fcket is. Az U12-es csapatunk bajnoki m\u00e9rk\u0151z\u00e9seik jelent\u0151s r\u00e9sz\u00e9n nagy dominanci\u00e1t mutattak, valamint ez egyenesen ar\u00e1nyos volt a kidolgozott helyzetek sz\u00e1m\u00e1val is, amit h\u00e9tr\u0151l h\u00e9tre kiegyens\u00falyozottan tudtak bemutatni. U13-as csapatunk kiemelked\u0151 egy\u00e9ni kvalit\u00e1s\u00fa j\u00e1t\u00e9kosokkal rendelkezik, akik az ellenfelek \u00e1ltal ny\u00fajtott nagy nyom\u00e1s ellen is rendk\u00edv\u00fcl alacsony hibasz\u00e1zal\u00e9kkal tudnak labd\u00e1t kihozni. U14-es koroszt\u00e1lyunk a f\u00e9l\u00e9vkor 1. helyen vezeti a bajnoks\u00e1got, azonban sz\u00e1momra m\u00e9g \u00e9rt\u00e9kesebb ez az eredm\u00e9ny \u00fagy, hogy 6 f\u0151 U13-as kor\u00fa j\u00e1t\u00e9kos j\u00e1tszik fel \u00e1lland\u00f3 jelleggel ebbe a csapatba. U16-os csapatunk teljes\u00edtm\u00e9ny\u00e9ben dics\u00e9rend\u0151, hogy egy olyan bajnoks\u00e1gban szerepelnek \u00e9s j\u00e1tszanak j\u00f3l m\u00e9rk\u0151z\u00e9sr\u0151l m\u00e9rk\u0151z\u00e9sre, ahol az ellenfelek nagyr\u00e9sze id\u0151seb t\u0151l\u00fck, hiszen ezen koroszt\u00e1lyunk 60%-a 1 vagy 2 \u00e9vvel fiatalabb ellenfelein\u00e9l. U17-es csapatunk folytatja tavalyi j\u00f3 szerepl\u00e9s\u00e9t, hiszen vezeti a saj\u00e1t bajnoks\u00e1g\u00e1t \u00fagy, hogy az U19-es csapatba rendszeresen felj\u00e1tszik minden fordul\u00f3ba t\u00f6bb 2008-as sz\u00fclet\u00e9s\u0171 j\u00e1t\u00e9kos. Az U19 a ny\u00e1ron nagy v\u00e9r\u00e1t\u00f6mleszt\u00e9sen esett \u00e1t, viszont az \u00fajonnan \u00e9rkez\u0151kkel \u00e9s az U17-b\u0151l felj\u00e1tsz\u00f3kkal a f\u00e9lt\u00e1vn\u00e1l dobog\u00f3n tudnak telelni \u00e9s b\u00edzom benne, hogy min\u00e9l t\u00f6bb j\u00e1t\u00e9kos tud majd a tavasz folyam\u00e1n a feln\u0151tt csapatunk ajtaj\u00e1n kopogtatni.<\/p>\n<p><em>\u2013 <\/em>\u00c9rt\u00e9kel\u00e9sem harmadik r\u00e9sze tal\u00e1n az egyik legfontosabb szegmens, az pedig nem m\u00e1s, mint a sz\u00fcl\u0151k felt\u00e9tlen \u00e9s \u00f6nzetlen seg\u00edts\u00e9ge, akik n\u00e9lk\u00fcl nem tartan\u00e1nk ott, ahol jelenlegi ut\u00e1np\u00f3tl\u00e1s k\u00e9pz\u00e9s\u00fcnk tart. K\u00f6sz\u00f6nj\u00fck eddigi t\u00e1mogat\u00e1saikat, valamint mindenkinek a hozz\u00e1\u00e1ll\u00e1s\u00e1t, akik a CISE-nagycsal\u00e1d tagjainak folyamatos fejl\u0151d\u00e9s\u00e9t \u00e9s hat\u00e9kony m\u0171k\u00f6d\u00e9s\u00e9t seg\u00edtett\u00e9k!<\/p>\n","protected":false},"excerpt":{"rendered":"<p>Cs\u00e1ki Tam\u00e1s seg\u00edts\u00e9g\u00e9vel tekint\u00fcnk vissza a CISE ut\u00e1np\u00f3tl\u00e1s csapatainak \u0151szi id\u00e9ny\u00e9re. \u201eA 2024-2025-\u00f6s \u00e9vad \u0151szi szezonj\u00e1nak edz\u00e9seit j\u00falius utols\u00f3 het\u00e9ben [&hellip;]<\/p>\n","protected":false},"author":1,"featured_media":5331,"comment_status":"open","ping_status":"open","sticky":false,"template":"","format":"standard","meta":{"_uag_custom_page_level_css":"","footnotes":""},"categories":[3],"tags":[],"class_list":["post-5330","post","type-post","status-publish","format-standard","has-post-thumbnail","hentry","category-hirek"],"yoast_head":"<!-- This site is optimized with the Yoast SEO plugin v25.5 - https:\/\/yoast.com\/wordpress\/plugins\/seo\/ -->\n<title>Ut\u00e1np\u00f3tl\u00e1s szakmai vezet\u0151nk \u00e9rt\u00e9kelte az elm\u00falt f\u00e9l\u00e9vet - Cig\u00e1nd Sportegyes\u00fclet hivatalos oldala<\/title>\n<meta name=\"robots\" content=\"index, follow, max-snippet:-1, max-image-preview:large, max-video-preview:-1\" \/>\n<link rel=\"canonical\" href=\"https:\/\/cigandse.hu\/index.php\/2025\/01\/08\/utanpotlas-szakmai-vezetonk-ertekelte-az-elmult-felevet\/\" \/>\n<meta property=\"og:locale\" content=\"hu_HU\" \/>\n<meta property=\"og:type\" content=\"article\" \/>\n<meta property=\"og:title\" content=\"Ut\u00e1np\u00f3tl\u00e1s szakmai vezet\u0151nk \u00e9rt\u00e9kelte az elm\u00falt f\u00e9l\u00e9vet - Cig\u00e1nd Sportegyes\u00fclet hivatalos oldala\" \/>\n<meta property=\"og:description\" content=\"Cs\u00e1ki Tam\u00e1s seg\u00edts\u00e9g\u00e9vel tekint\u00fcnk vissza a CISE ut\u00e1np\u00f3tl\u00e1s csapatainak \u0151szi id\u00e9ny\u00e9re. \u201eA 2024-2025-\u00f6s \u00e9vad \u0151szi szezonj\u00e1nak edz\u00e9seit j\u00falius utols\u00f3 het\u00e9ben [&hellip;]\" \/>\n<meta property=\"og:url\" content=\"https:\/\/cigandse.hu\/index.php\/2025\/01\/08\/utanpotlas-szakmai-vezetonk-ertekelte-az-elmult-felevet\/\" \/>\n<meta property=\"og:site_name\" content=\"Cig\u00e1nd Sportegyes\u00fclet hivatalos oldala\" \/>\n<meta property=\"article:publisher\" content=\"https:\/\/www.facebook.com\/CigandSportegyesulet\" \/>\n<meta property=\"article:published_time\" content=\"2025-01-08T09:46:55+00:00\" \/>\n<meta property=\"article:modified_time\" content=\"2025-01-08T09:50:25+00:00\" \/>\n<meta property=\"og:image\" content=\"https:\/\/cigandse.hu\/wp-content\/uploads\/2025\/01\/csakita.jpg\" \/>\n\t<meta property=\"og:image:width\" content=\"945\" \/>\n\t<meta property=\"og:image:height\" content=\"525\" \/>\n\t<meta property=\"og:image:type\" content=\"image\/jpeg\" \/>\n<meta name=\"author\" content=\"admin\" \/>\n<meta name=\"twitter:card\" content=\"summary_large_image\" \/>\n<meta name=\"twitter:label1\" content=\"Szerz\u0151:\" \/>\n\t<meta name=\"twitter:data1\" content=\"admin\" \/>\n\t<meta name=\"twitter:label2\" content=\"Becs\u00fclt olvas\u00e1si id\u0151\" \/>\n\t<meta name=\"twitter:data2\" content=\"6 perc\" \/>\n<script type=\"application\/ld+json\" class=\"yoast-schema-graph\">{\"@context\":\"https:\/\/schema.org\",\"@graph\":[{\"@type\":\"Article\",\"@id\":\"https:\/\/cigandse.hu\/index.php\/2025\/01\/08\/utanpotlas-szakmai-vezetonk-ertekelte-az-elmult-felevet\/#article\",\"isPartOf\":{\"@id\":\"https:\/\/cigandse.hu\/index.php\/2025\/01\/08\/utanpotlas-szakmai-vezetonk-ertekelte-az-elmult-felevet\/\"},\"author\":{\"name\":\"admin\",\"@id\":\"https:\/\/cigandse.hu\/#\/schema\/person\/98ccf0ab8d41a299cc83f8d4bc3ad158\"},\"headline\":\"Ut\u00e1np\u00f3tl\u00e1s szakmai vezet\u0151nk \u00e9rt\u00e9kelte az elm\u00falt f\u00e9l\u00e9vet\",\"datePublished\":\"2025-01-08T09:46:55+00:00\",\"dateModified\":\"2025-01-08T09:50:25+00:00\",\"mainEntityOfPage\":{\"@id\":\"https:\/\/cigandse.hu\/index.php\/2025\/01\/08\/utanpotlas-szakmai-vezetonk-ertekelte-az-elmult-felevet\/\"},\"wordCount\":1482,\"commentCount\":1,\"publisher\":{\"@id\":\"https:\/\/cigandse.hu\/#organization\"},\"image\":{\"@id\":\"https:\/\/cigandse.hu\/index.php\/2025\/01\/08\/utanpotlas-szakmai-vezetonk-ertekelte-az-elmult-felevet\/#primaryimage\"},\"thumbnailUrl\":\"https:\/\/cigandse.hu\/wp-content\/uploads\/2025\/01\/csakita.jpg\",\"articleSection\":[\"H\u00edrek\"],\"inLanguage\":\"hu\",\"potentialAction\":[{\"@type\":\"CommentAction\",\"name\":\"Comment\",\"target\":[\"https:\/\/cigandse.hu\/index.php\/2025\/01\/08\/utanpotlas-szakmai-vezetonk-ertekelte-az-elmult-felevet\/#respond\"]}]},{\"@type\":\"WebPage\",\"@id\":\"https:\/\/cigandse.hu\/index.php\/2025\/01\/08\/utanpotlas-szakmai-vezetonk-ertekelte-az-elmult-felevet\/\",\"url\":\"https:\/\/cigandse.hu\/index.php\/2025\/01\/08\/utanpotlas-szakmai-vezetonk-ertekelte-az-elmult-felevet\/\",\"name\":\"Ut\u00e1np\u00f3tl\u00e1s szakmai vezet\u0151nk \u00e9rt\u00e9kelte az elm\u00falt f\u00e9l\u00e9vet - Cig\u00e1nd Sportegyes\u00fclet hivatalos oldala\",\"isPartOf\":{\"@id\":\"https:\/\/cigandse.hu\/#website\"},\"primaryImageOfPage\":{\"@id\":\"https:\/\/cigandse.hu\/index.php\/2025\/01\/08\/utanpotlas-szakmai-vezetonk-ertekelte-az-elmult-felevet\/#primaryimage\"},\"image\":{\"@id\":\"https:\/\/cigandse.hu\/index.php\/2025\/01\/08\/utanpotlas-szakmai-vezetonk-ertekelte-az-elmult-felevet\/#primaryimage\"},\"thumbnailUrl\":\"https:\/\/cigandse.hu\/wp-content\/uploads\/2025\/01\/csakita.jpg\",\"datePublished\":\"2025-01-08T09:46:55+00:00\",\"dateModified\":\"2025-01-08T09:50:25+00:00\",\"breadcrumb\":{\"@id\":\"https:\/\/cigandse.hu\/index.php\/2025\/01\/08\/utanpotlas-szakmai-vezetonk-ertekelte-az-elmult-felevet\/#breadcrumb\"},\"inLanguage\":\"hu\",\"potentialAction\":[{\"@type\":\"ReadAction\",\"target\":[\"https:\/\/cigandse.hu\/index.php\/2025\/01\/08\/utanpotlas-szakmai-vezetonk-ertekelte-az-elmult-felevet\/\"]}]},{\"@type\":\"ImageObject\",\"inLanguage\":\"hu\",\"@id\":\"https:\/\/cigandse.hu\/index.php\/2025\/01\/08\/utanpotlas-szakmai-vezetonk-ertekelte-az-elmult-felevet\/#primaryimage\",\"url\":\"https:\/\/cigandse.hu\/wp-content\/uploads\/2025\/01\/csakita.jpg\",\"contentUrl\":\"https:\/\/cigandse.hu\/wp-content\/uploads\/2025\/01\/csakita.jpg\",\"width\":945,\"height\":525},{\"@type\":\"BreadcrumbList\",\"@id\":\"https:\/\/cigandse.hu\/index.php\/2025\/01\/08\/utanpotlas-szakmai-vezetonk-ertekelte-az-elmult-felevet\/#breadcrumb\",\"itemListElement\":[{\"@type\":\"ListItem\",\"position\":1,\"name\":\"Kezd\u0151lap\",\"item\":\"https:\/\/cigandse.hu\/\"},{\"@type\":\"ListItem\",\"position\":2,\"name\":\"Ut\u00e1np\u00f3tl\u00e1s szakmai vezet\u0151nk \u00e9rt\u00e9kelte az elm\u00falt f\u00e9l\u00e9vet\"}]},{\"@type\":\"WebSite\",\"@id\":\"https:\/\/cigandse.hu\/#website\",\"url\":\"https:\/\/cigandse.hu\/\",\"name\":\"Cig\u00e1nd Sportegyes\u00fclet hivatalos oldala\",\"description\":\"Cig\u00e1nd Sportegyes\u00fclet hivatalos oldala\",\"publisher\":{\"@id\":\"https:\/\/cigandse.hu\/#organization\"},\"potentialAction\":[{\"@type\":\"SearchAction\",\"target\":{\"@type\":\"EntryPoint\",\"urlTemplate\":\"https:\/\/cigandse.hu\/?s={search_term_string}\"},\"query-input\":{\"@type\":\"PropertyValueSpecification\",\"valueRequired\":true,\"valueName\":\"search_term_string\"}}],\"inLanguage\":\"hu\"},{\"@type\":\"Organization\",\"@id\":\"https:\/\/cigandse.hu\/#organization\",\"name\":\"Cig\u00e1nd Sportegyes\u00fclet\",\"url\":\"https:\/\/cigandse.hu\/\",\"logo\":{\"@type\":\"ImageObject\",\"inLanguage\":\"hu\",\"@id\":\"https:\/\/cigandse.hu\/#\/schema\/logo\/image\/\",\"url\":\"https:\/\/cigandse.hu\/wp-content\/uploads\/2022\/04\/Cigand-SE-cimer-1.jpg\",\"contentUrl\":\"https:\/\/cigandse.hu\/wp-content\/uploads\/2022\/04\/Cigand-SE-cimer-1.jpg\",\"width\":1932,\"height\":2088,\"caption\":\"Cig\u00e1nd Sportegyes\u00fclet\"},\"image\":{\"@id\":\"https:\/\/cigandse.hu\/#\/schema\/logo\/image\/\"},\"sameAs\":[\"https:\/\/www.facebook.com\/CigandSportegyesulet\",\"https:\/\/www.youtube.com\/channel\/UC0prdKj31NqRteZ5J4bGUZw\",\"https:\/\/hu.wikipedia.org\/wiki\/Cig\u00e1nd_SE\"]},{\"@type\":\"Person\",\"@id\":\"https:\/\/cigandse.hu\/#\/schema\/person\/98ccf0ab8d41a299cc83f8d4bc3ad158\",\"name\":\"admin\",\"image\":{\"@type\":\"ImageObject\",\"inLanguage\":\"hu\",\"@id\":\"https:\/\/cigandse.hu\/#\/schema\/person\/image\/\",\"url\":\"https:\/\/secure.gravatar.com\/avatar\/807752e5a26584bf309283b840694667743fc07b907e4db41f77a58fb4b98337?s=96&d=mm&r=g\",\"contentUrl\":\"https:\/\/secure.gravatar.com\/avatar\/807752e5a26584bf309283b840694667743fc07b907e4db41f77a58fb4b98337?s=96&d=mm&r=g\",\"caption\":\"admin\"},\"sameAs\":[\"https:\/\/cigandse.hu\"],\"url\":\"https:\/\/cigandse.hu\/index.php\/author\/terjeksandor\/\"}]}<\/script>\n<!-- \/ Yoast SEO plugin. -->","yoast_head_json":{"title":"Ut\u00e1np\u00f3tl\u00e1s szakmai vezet\u0151nk \u00e9rt\u00e9kelte az elm\u00falt f\u00e9l\u00e9vet - Cig\u00e1nd Sportegyes\u00fclet hivatalos oldala","robots":{"index":"index","follow":"follow","max-snippet":"max-snippet:-1","max-image-preview":"max-image-preview:large","max-video-preview":"max-video-preview:-1"},"canonical":"https:\/\/cigandse.hu\/index.php\/2025\/01\/08\/utanpotlas-szakmai-vezetonk-ertekelte-az-elmult-felevet\/","og_locale":"hu_HU","og_type":"article","og_title":"Ut\u00e1np\u00f3tl\u00e1s szakmai vezet\u0151nk \u00e9rt\u00e9kelte az elm\u00falt f\u00e9l\u00e9vet - Cig\u00e1nd Sportegyes\u00fclet hivatalos oldala","og_description":"Cs\u00e1ki Tam\u00e1s seg\u00edts\u00e9g\u00e9vel tekint\u00fcnk vissza a CISE ut\u00e1np\u00f3tl\u00e1s csapatainak \u0151szi id\u00e9ny\u00e9re. \u201eA 2024-2025-\u00f6s \u00e9vad \u0151szi szezonj\u00e1nak edz\u00e9seit j\u00falius utols\u00f3 het\u00e9ben [&hellip;]","og_url":"https:\/\/cigandse.hu\/index.php\/2025\/01\/08\/utanpotlas-szakmai-vezetonk-ertekelte-az-elmult-felevet\/","og_site_name":"Cig\u00e1nd Sportegyes\u00fclet hivatalos oldala","article_publisher":"https:\/\/www.facebook.com\/CigandSportegyesulet","article_published_time":"2025-01-08T09:46:55+00:00","article_modified_time":"2025-01-08T09:50:25+00:00","og_image":[{"width":945,"height":525,"url":"https:\/\/cigandse.hu\/wp-content\/uploads\/2025\/01\/csakita.jpg","type":"image\/jpeg"}],"author":"admin","twitter_card":"summary_large_image","twitter_misc":{"Szerz\u0151:":"admin","Becs\u00fclt olvas\u00e1si id\u0151":"6 perc"},"schema":{"@context":"https:\/\/schema.org","@graph":[{"@type":"Article","@id":"https:\/\/cigandse.hu\/index.php\/2025\/01\/08\/utanpotlas-szakmai-vezetonk-ertekelte-az-elmult-felevet\/#article","isPartOf":{"@id":"https:\/\/cigandse.hu\/index.php\/2025\/01\/08\/utanpotlas-szakmai-vezetonk-ertekelte-az-elmult-felevet\/"},"author":{"name":"admin","@id":"https:\/\/cigandse.hu\/#\/schema\/person\/98ccf0ab8d41a299cc83f8d4bc3ad158"},"headline":"Ut\u00e1np\u00f3tl\u00e1s szakmai vezet\u0151nk \u00e9rt\u00e9kelte az elm\u00falt f\u00e9l\u00e9vet","datePublished":"2025-01-08T09:46:55+00:00","dateModified":"2025-01-08T09:50:25+00:00","mainEntityOfPage":{"@id":"https:\/\/cigandse.hu\/index.php\/2025\/01\/08\/utanpotlas-szakmai-vezetonk-ertekelte-az-elmult-felevet\/"},"wordCount":1482,"commentCount":1,"publisher":{"@id":"https:\/\/cigandse.hu\/#organization"},"image":{"@id":"https:\/\/cigandse.hu\/index.php\/2025\/01\/08\/utanpotlas-szakmai-vezetonk-ertekelte-az-elmult-felevet\/#primaryimage"},"thumbnailUrl":"https:\/\/cigandse.hu\/wp-content\/uploads\/2025\/01\/csakita.jpg","articleSection":["H\u00edrek"],"inLanguage":"hu","potentialAction":[{"@type":"CommentAction","name":"Comment","target":["https:\/\/cigandse.hu\/index.php\/2025\/01\/08\/utanpotlas-szakmai-vezetonk-ertekelte-az-elmult-felevet\/#respond"]}]},{"@type":"WebPage","@id":"https:\/\/cigandse.hu\/index.php\/2025\/01\/08\/utanpotlas-szakmai-vezetonk-ertekelte-az-elmult-felevet\/","url":"https:\/\/cigandse.hu\/index.php\/2025\/01\/08\/utanpotlas-szakmai-vezetonk-ertekelte-az-elmult-felevet\/","name":"Ut\u00e1np\u00f3tl\u00e1s szakmai vezet\u0151nk \u00e9rt\u00e9kelte az elm\u00falt f\u00e9l\u00e9vet - Cig\u00e1nd Sportegyes\u00fclet hivatalos oldala","isPartOf":{"@id":"https:\/\/cigandse.hu\/#website"},"primaryImageOfPage":{"@id":"https:\/\/cigandse.hu\/index.php\/2025\/01\/08\/utanpotlas-szakmai-vezetonk-ertekelte-az-elmult-felevet\/#primaryimage"},"image":{"@id":"https:\/\/cigandse.hu\/index.php\/2025\/01\/08\/utanpotlas-szakmai-vezetonk-ertekelte-az-elmult-felevet\/#primaryimage"},"thumbnailUrl":"https:\/\/cigandse.hu\/wp-content\/uploads\/2025\/01\/csakita.jpg","datePublished":"2025-01-08T09:46:55+00:00","dateModified":"2025-01-08T09:50:25+00:00","breadcrumb":{"@id":"https:\/\/cigandse.hu\/index.php\/2025\/01\/08\/utanpotlas-szakmai-vezetonk-ertekelte-az-elmult-felevet\/#breadcrumb"},"inLanguage":"hu","potentialAction":[{"@type":"ReadAction","target":["https:\/\/cigandse.hu\/index.php\/2025\/01\/08\/utanpotlas-szakmai-vezetonk-ertekelte-az-elmult-felevet\/"]}]},{"@type":"ImageObject","inLanguage":"hu","@id":"https:\/\/cigandse.hu\/index.php\/2025\/01\/08\/utanpotlas-szakmai-vezetonk-ertekelte-az-elmult-felevet\/#primaryimage","url":"https:\/\/cigandse.hu\/wp-content\/uploads\/2025\/01\/csakita.jpg","contentUrl":"https:\/\/cigandse.hu\/wp-content\/uploads\/2025\/01\/csakita.jpg","width":945,"height":525},{"@type":"BreadcrumbList","@id":"https:\/\/cigandse.hu\/index.php\/2025\/01\/08\/utanpotlas-szakmai-vezetonk-ertekelte-az-elmult-felevet\/#breadcrumb","itemListElement":[{"@type":"ListItem","position":1,"name":"Kezd\u0151lap","item":"https:\/\/cigandse.hu\/"},{"@type":"ListItem","position":2,"name":"Ut\u00e1np\u00f3tl\u00e1s szakmai vezet\u0151nk \u00e9rt\u00e9kelte az elm\u00falt f\u00e9l\u00e9vet"}]},{"@type":"WebSite","@id":"https:\/\/cigandse.hu\/#website","url":"https:\/\/cigandse.hu\/","name":"Cig\u00e1nd Sportegyes\u00fclet hivatalos oldala","description":"Cig\u00e1nd Sportegyes\u00fclet hivatalos oldala","publisher":{"@id":"https:\/\/cigandse.hu\/#organization"},"potentialAction":[{"@type":"SearchAction","target":{"@type":"EntryPoint","urlTemplate":"https:\/\/cigandse.hu\/?s={search_term_string}"},"query-input":{"@type":"PropertyValueSpecification","valueRequired":true,"valueName":"search_term_string"}}],"inLanguage":"hu"},{"@type":"Organization","@id":"https:\/\/cigandse.hu\/#organization","name":"Cig\u00e1nd Sportegyes\u00fclet","url":"https:\/\/cigandse.hu\/","logo":{"@type":"ImageObject","inLanguage":"hu","@id":"https:\/\/cigandse.hu\/#\/schema\/logo\/image\/","url":"https:\/\/cigandse.hu\/wp-content\/uploads\/2022\/04\/Cigand-SE-cimer-1.jpg","contentUrl":"https:\/\/cigandse.hu\/wp-content\/uploads\/2022\/04\/Cigand-SE-cimer-1.jpg","width":1932,"height":2088,"caption":"Cig\u00e1nd Sportegyes\u00fclet"},"image":{"@id":"https:\/\/cigandse.hu\/#\/schema\/logo\/image\/"},"sameAs":["https:\/\/www.facebook.com\/CigandSportegyesulet","https:\/\/www.youtube.com\/channel\/UC0prdKj31NqRteZ5J4bGUZw","https:\/\/hu.wikipedia.org\/wiki\/Cig\u00e1nd_SE"]},{"@type":"Person","@id":"https:\/\/cigandse.hu\/#\/schema\/person\/98ccf0ab8d41a299cc83f8d4bc3ad158","name":"admin","image":{"@type":"ImageObject","inLanguage":"hu","@id":"https:\/\/cigandse.hu\/#\/schema\/person\/image\/","url":"https:\/\/secure.gravatar.com\/avatar\/807752e5a26584bf309283b840694667743fc07b907e4db41f77a58fb4b98337?s=96&d=mm&r=g","contentUrl":"https:\/\/secure.gravatar.com\/avatar\/807752e5a26584bf309283b840694667743fc07b907e4db41f77a58fb4b98337?s=96&d=mm&r=g","caption":"admin"},"sameAs":["https:\/\/cigandse.hu"],"url":"https:\/\/cigandse.hu\/index.php\/author\/terjeksandor\/"}]}},"uagb_featured_image_src":{"full":["https:\/\/cigandse.hu\/wp-content\/uploads\/2025\/01\/csakita.jpg",945,525,false],"thumbnail":["https:\/\/cigandse.hu\/wp-content\/uploads\/2025\/01\/csakita-150x150.jpg",150,150,true],"medium":["https:\/\/cigandse.hu\/wp-content\/uploads\/2025\/01\/csakita-300x167.jpg",300,167,true],"medium_large":["https:\/\/cigandse.hu\/wp-content\/uploads\/2025\/01\/csakita-768x427.jpg",680,378,true],"large":["https:\/\/cigandse.hu\/wp-content\/uploads\/2025\/01\/csakita.jpg",680,378,false],"1536x1536":["https:\/\/cigandse.hu\/wp-content\/uploads\/2025\/01\/csakita.jpg",945,525,false],"2048x2048":["https:\/\/cigandse.hu\/wp-content\/uploads\/2025\/01\/csakita.jpg",945,525,false],"sportspress-crop-medium":["https:\/\/cigandse.hu\/wp-content\/uploads\/2025\/01\/csakita-300x300.jpg",300,300,true],"sportspress-fit-medium":["https:\/\/cigandse.hu\/wp-content\/uploads\/2025\/01\/csakita-300x167.jpg",300,167,true],"sportspress-fit-icon":["https:\/\/cigandse.hu\/wp-content\/uploads\/2025\/01\/csakita-128x71.jpg",128,71,true],"sportspress-fit-mini":["https:\/\/cigandse.hu\/wp-content\/uploads\/2025\/01\/csakita-32x18.jpg",32,18,true]},"uagb_author_info":{"display_name":"admin","author_link":"https:\/\/cigandse.hu\/index.php\/author\/terjeksandor\/"},"uagb_comment_info":1,"uagb_excerpt":"Cs\u00e1ki Tam\u00e1s seg\u00edts\u00e9g\u00e9vel tekint\u00fcnk vissza a CISE ut\u00e1np\u00f3tl\u00e1s csapatainak \u0151szi id\u00e9ny\u00e9re. \u201eA 2024-2025-\u00f6s \u00e9vad \u0151szi szezonj\u00e1nak edz\u00e9seit j\u00falius utols\u00f3 het\u00e9ben [&hellip;]","_links":{"self":[{"href":"https:\/\/cigandse.hu\/index.php\/wp-json\/wp\/v2\/posts\/5330","targetHints":{"allow":["GET"]}}],"collection":[{"href":"https:\/\/cigandse.hu\/index.php\/wp-json\/wp\/v2\/posts"}],"about":[{"href":"https:\/\/cigandse.hu\/index.php\/wp-json\/wp\/v2\/types\/post"}],"author":[{"embeddable":true,"href":"https:\/\/cigandse.hu\/index.php\/wp-json\/wp\/v2\/users\/1"}],"replies":[{"embeddable":true,"href":"https:\/\/cigandse.hu\/index.php\/wp-json\/wp\/v2\/comments?post=5330"}],"version-history":[{"count":5,"href":"https:\/\/cigandse.hu\/index.php\/wp-json\/wp\/v2\/posts\/5330\/revisions"}],"predecessor-version":[{"id":5336,"href":"https:\/\/cigandse.hu\/index.php\/wp-json\/wp\/v2\/posts\/5330\/revisions\/5336"}],"wp:featuredmedia":[{"embeddable":true,"href":"https:\/\/cigandse.hu\/index.php\/wp-json\/wp\/v2\/media\/5331"}],"wp:attachment":[{"href":"https:\/\/cigandse.hu\/index.php\/wp-json\/wp\/v2\/media?parent=5330"}],"wp:term":[{"taxonomy":"category","embeddable":true,"href":"https:\/\/cigandse.hu\/index.php\/wp-json\/wp\/v2\/categories?post=5330"},{"taxonomy":"post_tag","embeddable":true,"href":"https:\/\/cigandse.hu\/index.php\/wp-json\/wp\/v2\/tags?post=5330"}],"curies":[{"name":"wp","href":"https:\/\/api.w.org\/{rel}","templated":true}]}}