{"id":5856,"date":"2025-05-09T14:44:21","date_gmt":"2025-05-09T12:44:21","guid":{"rendered":"https:\/\/cigandse.hu\/?p=5856"},"modified":"2025-05-09T14:55:02","modified_gmt":"2025-05-09T12:55:02","slug":"a-cimvedo-szatmarnemeti-mellett-a-putnok-es-a-senyo-erkezik-az-5-cise-cup-ra","status":"publish","type":"post","link":"https:\/\/cigandse.hu\/index.php\/2025\/05\/09\/a-cimvedo-szatmarnemeti-mellett-a-putnok-es-a-senyo-erkezik-az-5-cise-cup-ra\/","title":{"rendered":"A c\u00edmv\u00e9d\u0151 Szatm\u00e1rn\u00e9meti mellett a Putnok \u00e9s a S\u00e9ny\u0151 \u00e9rkezik az idei CISE Cup-ra"},"content":{"rendered":"<h3><a href=\"https:\/\/cigandse.hu\/index.php\/2025\/05\/09\/a-cimvedo-szatmarnemeti-mellett-a-putnok-es-a-senyo-erkezik-az-5-cise-cup-ra\/kupiv\/#main\" rel=\"attachment wp-att-5857\"><img loading=\"lazy\" decoding=\"async\" class=\"aligncenter wp-image-5857\" src=\"https:\/\/cigandse.hu\/wp-content\/uploads\/2025\/05\/kupiv-300x181.jpg\" alt=\"\" width=\"800\" height=\"482\" srcset=\"https:\/\/cigandse.hu\/wp-content\/uploads\/2025\/05\/kupiv-300x181.jpg 300w, https:\/\/cigandse.hu\/wp-content\/uploads\/2025\/05\/kupiv-1024x616.jpg 1024w, https:\/\/cigandse.hu\/wp-content\/uploads\/2025\/05\/kupiv-768x462.jpg 768w, https:\/\/cigandse.hu\/wp-content\/uploads\/2025\/05\/kupiv-1536x925.jpg 1536w, https:\/\/cigandse.hu\/wp-content\/uploads\/2025\/05\/kupiv-128x77.jpg 128w, https:\/\/cigandse.hu\/wp-content\/uploads\/2025\/05\/kupiv-32x19.jpg 32w, https:\/\/cigandse.hu\/wp-content\/uploads\/2025\/05\/kupiv.jpg 1794w\" sizes=\"auto, (max-width: 800px) 100vw, 800px\" \/><\/a><\/h3>\n<h3>J\u00falius k\u00f6zep\u00e9n imm\u00e1ron \u00f6t\u00f6dik alkalommal ker\u00fcl megrendez\u00e9sre a V\u00e1rosi Stadionban, a CISE Cup felk\u00e9sz\u00fcl\u00e9si labdar\u00fag\u00f3-torna.<\/h3>\n<p>A kor\u00e1bbi \u00e9vek gyakorlat\u00e1nak megfelel\u0151en 2025-ben is n\u00e9gy csapat \u00e9rkezik Cig\u00e1ndra. A kupa az id\u00e9n is n\u00edv\u00f3s lesz, a <strong>Cig\u00e1nd SE<\/strong>-\u00e9n k\u00edv\u00fcl, a c\u00edmv\u00e9d\u0151, kor\u00e1bbi t\u00f6bbsz\u00f6r\u00f6s gy\u0151ztes <strong>Szatm\u00e1rn\u00e9meti<\/strong> \u00e1lland\u00f3 tagja a mez\u0151nynek &#8211; ez\u00fattal is, mellett\u00fck egy \u00e9v kihagy\u00e1s ut\u00e1n j\u00f6n a<strong> Putnok<\/strong> &#8211; mindk\u00e9t g\u00e1rda egyar\u00e1nt harcban van jelenleg a m\u00e1sodoszt\u00e1ly\u00fa tags\u00e1g\u00e9rt, a n\u00e9gycsapatos mez\u0151ny \u00faj r\u00e9sztvev\u0151je a <strong>S\u00e9ny\u0151<\/strong> lesz.<\/p>\n<p>&nbsp;<\/p>\n","protected":false},"excerpt":{"rendered":"<p>J\u00falius k\u00f6zep\u00e9n imm\u00e1ron \u00f6t\u00f6dik alkalommal ker\u00fcl megrendez\u00e9sre a V\u00e1rosi Stadionban, a CISE Cup felk\u00e9sz\u00fcl\u00e9si labdar\u00fag\u00f3-torna. A kor\u00e1bbi \u00e9vek gyakorlat\u00e1nak megfelel\u0151en [&hellip;]<\/p>\n","protected":false},"author":1,"featured_media":5857,"comment_status":"open","ping_status":"open","sticky":false,"template":"","format":"standard","meta":{"_uag_custom_page_level_css":"","footnotes":""},"categories":[3],"tags":[],"class_list":["post-5856","post","type-post","status-publish","format-standard","has-post-thumbnail","hentry","category-hirek"],"yoast_head":"<!-- This site is optimized with the Yoast SEO plugin v25.5 - https:\/\/yoast.com\/wordpress\/plugins\/seo\/ -->\n<title>A c\u00edmv\u00e9d\u0151 Szatm\u00e1rn\u00e9meti mellett a Putnok \u00e9s a S\u00e9ny\u0151 \u00e9rkezik az idei CISE Cup-ra - Cig\u00e1nd Sportegyes\u00fclet hivatalos oldala<\/title>\n<meta name=\"robots\" content=\"index, follow, max-snippet:-1, max-image-preview:large, max-video-preview:-1\" \/>\n<link rel=\"canonical\" href=\"https:\/\/cigandse.hu\/index.php\/2025\/05\/09\/a-cimvedo-szatmarnemeti-mellett-a-putnok-es-a-senyo-erkezik-az-5-cise-cup-ra\/\" \/>\n<meta property=\"og:locale\" content=\"hu_HU\" \/>\n<meta property=\"og:type\" content=\"article\" \/>\n<meta property=\"og:title\" content=\"A c\u00edmv\u00e9d\u0151 Szatm\u00e1rn\u00e9meti mellett a Putnok \u00e9s a S\u00e9ny\u0151 \u00e9rkezik az idei CISE Cup-ra - Cig\u00e1nd Sportegyes\u00fclet hivatalos oldala\" \/>\n<meta property=\"og:description\" content=\"J\u00falius k\u00f6zep\u00e9n imm\u00e1ron \u00f6t\u00f6dik alkalommal ker\u00fcl megrendez\u00e9sre a V\u00e1rosi Stadionban, a CISE Cup felk\u00e9sz\u00fcl\u00e9si labdar\u00fag\u00f3-torna. A kor\u00e1bbi \u00e9vek gyakorlat\u00e1nak megfelel\u0151en [&hellip;]\" \/>\n<meta property=\"og:url\" content=\"https:\/\/cigandse.hu\/index.php\/2025\/05\/09\/a-cimvedo-szatmarnemeti-mellett-a-putnok-es-a-senyo-erkezik-az-5-cise-cup-ra\/\" \/>\n<meta property=\"og:site_name\" content=\"Cig\u00e1nd Sportegyes\u00fclet hivatalos oldala\" \/>\n<meta property=\"article:publisher\" content=\"https:\/\/www.facebook.com\/CigandSportegyesulet\" \/>\n<meta property=\"article:published_time\" content=\"2025-05-09T12:44:21+00:00\" \/>\n<meta property=\"article:modified_time\" content=\"2025-05-09T12:55:02+00:00\" \/>\n<meta property=\"og:image\" content=\"https:\/\/cigandse.hu\/wp-content\/uploads\/2025\/05\/kupiv.jpg\" \/>\n\t<meta property=\"og:image:width\" content=\"1794\" \/>\n\t<meta property=\"og:image:height\" content=\"1080\" \/>\n\t<meta property=\"og:image:type\" content=\"image\/jpeg\" \/>\n<meta name=\"author\" content=\"admin\" \/>\n<meta name=\"twitter:card\" content=\"summary_large_image\" \/>\n<meta name=\"twitter:label1\" content=\"Szerz\u0151:\" \/>\n\t<meta name=\"twitter:data1\" content=\"admin\" \/>\n\t<meta name=\"twitter:label2\" content=\"Becs\u00fclt olvas\u00e1si id\u0151\" \/>\n\t<meta name=\"twitter:data2\" content=\"1 perc\" \/>\n<script type=\"application\/ld+json\" class=\"yoast-schema-graph\">{\"@context\":\"https:\/\/schema.org\",\"@graph\":[{\"@type\":\"Article\",\"@id\":\"https:\/\/cigandse.hu\/index.php\/2025\/05\/09\/a-cimvedo-szatmarnemeti-mellett-a-putnok-es-a-senyo-erkezik-az-5-cise-cup-ra\/#article\",\"isPartOf\":{\"@id\":\"https:\/\/cigandse.hu\/index.php\/2025\/05\/09\/a-cimvedo-szatmarnemeti-mellett-a-putnok-es-a-senyo-erkezik-az-5-cise-cup-ra\/\"},\"author\":{\"name\":\"admin\",\"@id\":\"https:\/\/cigandse.hu\/#\/schema\/person\/98ccf0ab8d41a299cc83f8d4bc3ad158\"},\"headline\":\"A c\u00edmv\u00e9d\u0151 Szatm\u00e1rn\u00e9meti mellett a Putnok \u00e9s a S\u00e9ny\u0151 \u00e9rkezik az idei CISE Cup-ra\",\"datePublished\":\"2025-05-09T12:44:21+00:00\",\"dateModified\":\"2025-05-09T12:55:02+00:00\",\"mainEntityOfPage\":{\"@id\":\"https:\/\/cigandse.hu\/index.php\/2025\/05\/09\/a-cimvedo-szatmarnemeti-mellett-a-putnok-es-a-senyo-erkezik-az-5-cise-cup-ra\/\"},\"wordCount\":148,\"commentCount\":0,\"publisher\":{\"@id\":\"https:\/\/cigandse.hu\/#organization\"},\"image\":{\"@id\":\"https:\/\/cigandse.hu\/index.php\/2025\/05\/09\/a-cimvedo-szatmarnemeti-mellett-a-putnok-es-a-senyo-erkezik-az-5-cise-cup-ra\/#primaryimage\"},\"thumbnailUrl\":\"https:\/\/cigandse.hu\/wp-content\/uploads\/2025\/05\/kupiv.jpg\",\"articleSection\":[\"H\u00edrek\"],\"inLanguage\":\"hu\",\"potentialAction\":[{\"@type\":\"CommentAction\",\"name\":\"Comment\",\"target\":[\"https:\/\/cigandse.hu\/index.php\/2025\/05\/09\/a-cimvedo-szatmarnemeti-mellett-a-putnok-es-a-senyo-erkezik-az-5-cise-cup-ra\/#respond\"]}]},{\"@type\":\"WebPage\",\"@id\":\"https:\/\/cigandse.hu\/index.php\/2025\/05\/09\/a-cimvedo-szatmarnemeti-mellett-a-putnok-es-a-senyo-erkezik-az-5-cise-cup-ra\/\",\"url\":\"https:\/\/cigandse.hu\/index.php\/2025\/05\/09\/a-cimvedo-szatmarnemeti-mellett-a-putnok-es-a-senyo-erkezik-az-5-cise-cup-ra\/\",\"name\":\"A c\u00edmv\u00e9d\u0151 Szatm\u00e1rn\u00e9meti mellett a Putnok \u00e9s a S\u00e9ny\u0151 \u00e9rkezik az idei CISE Cup-ra - Cig\u00e1nd Sportegyes\u00fclet hivatalos oldala\",\"isPartOf\":{\"@id\":\"https:\/\/cigandse.hu\/#website\"},\"primaryImageOfPage\":{\"@id\":\"https:\/\/cigandse.hu\/index.php\/2025\/05\/09\/a-cimvedo-szatmarnemeti-mellett-a-putnok-es-a-senyo-erkezik-az-5-cise-cup-ra\/#primaryimage\"},\"image\":{\"@id\":\"https:\/\/cigandse.hu\/index.php\/2025\/05\/09\/a-cimvedo-szatmarnemeti-mellett-a-putnok-es-a-senyo-erkezik-az-5-cise-cup-ra\/#primaryimage\"},\"thumbnailUrl\":\"https:\/\/cigandse.hu\/wp-content\/uploads\/2025\/05\/kupiv.jpg\",\"datePublished\":\"2025-05-09T12:44:21+00:00\",\"dateModified\":\"2025-05-09T12:55:02+00:00\",\"breadcrumb\":{\"@id\":\"https:\/\/cigandse.hu\/index.php\/2025\/05\/09\/a-cimvedo-szatmarnemeti-mellett-a-putnok-es-a-senyo-erkezik-az-5-cise-cup-ra\/#breadcrumb\"},\"inLanguage\":\"hu\",\"potentialAction\":[{\"@type\":\"ReadAction\",\"target\":[\"https:\/\/cigandse.hu\/index.php\/2025\/05\/09\/a-cimvedo-szatmarnemeti-mellett-a-putnok-es-a-senyo-erkezik-az-5-cise-cup-ra\/\"]}]},{\"@type\":\"ImageObject\",\"inLanguage\":\"hu\",\"@id\":\"https:\/\/cigandse.hu\/index.php\/2025\/05\/09\/a-cimvedo-szatmarnemeti-mellett-a-putnok-es-a-senyo-erkezik-az-5-cise-cup-ra\/#primaryimage\",\"url\":\"https:\/\/cigandse.hu\/wp-content\/uploads\/2025\/05\/kupiv.jpg\",\"contentUrl\":\"https:\/\/cigandse.hu\/wp-content\/uploads\/2025\/05\/kupiv.jpg\",\"width\":1794,\"height\":1080},{\"@type\":\"BreadcrumbList\",\"@id\":\"https:\/\/cigandse.hu\/index.php\/2025\/05\/09\/a-cimvedo-szatmarnemeti-mellett-a-putnok-es-a-senyo-erkezik-az-5-cise-cup-ra\/#breadcrumb\",\"itemListElement\":[{\"@type\":\"ListItem\",\"position\":1,\"name\":\"Kezd\u0151lap\",\"item\":\"https:\/\/cigandse.hu\/\"},{\"@type\":\"ListItem\",\"position\":2,\"name\":\"A c\u00edmv\u00e9d\u0151 Szatm\u00e1rn\u00e9meti mellett a Putnok \u00e9s a S\u00e9ny\u0151 \u00e9rkezik az idei CISE Cup-ra\"}]},{\"@type\":\"WebSite\",\"@id\":\"https:\/\/cigandse.hu\/#website\",\"url\":\"https:\/\/cigandse.hu\/\",\"name\":\"Cig\u00e1nd Sportegyes\u00fclet hivatalos oldala\",\"description\":\"Cig\u00e1nd Sportegyes\u00fclet hivatalos oldala\",\"publisher\":{\"@id\":\"https:\/\/cigandse.hu\/#organization\"},\"potentialAction\":[{\"@type\":\"SearchAction\",\"target\":{\"@type\":\"EntryPoint\",\"urlTemplate\":\"https:\/\/cigandse.hu\/?s={search_term_string}\"},\"query-input\":{\"@type\":\"PropertyValueSpecification\",\"valueRequired\":true,\"valueName\":\"search_term_string\"}}],\"inLanguage\":\"hu\"},{\"@type\":\"Organization\",\"@id\":\"https:\/\/cigandse.hu\/#organization\",\"name\":\"Cig\u00e1nd Sportegyes\u00fclet\",\"url\":\"https:\/\/cigandse.hu\/\",\"logo\":{\"@type\":\"ImageObject\",\"inLanguage\":\"hu\",\"@id\":\"https:\/\/cigandse.hu\/#\/schema\/logo\/image\/\",\"url\":\"https:\/\/cigandse.hu\/wp-content\/uploads\/2022\/04\/Cigand-SE-cimer-1.jpg\",\"contentUrl\":\"https:\/\/cigandse.hu\/wp-content\/uploads\/2022\/04\/Cigand-SE-cimer-1.jpg\",\"width\":1932,\"height\":2088,\"caption\":\"Cig\u00e1nd Sportegyes\u00fclet\"},\"image\":{\"@id\":\"https:\/\/cigandse.hu\/#\/schema\/logo\/image\/\"},\"sameAs\":[\"https:\/\/www.facebook.com\/CigandSportegyesulet\",\"https:\/\/www.youtube.com\/channel\/UC0prdKj31NqRteZ5J4bGUZw\",\"https:\/\/hu.wikipedia.org\/wiki\/Cig\u00e1nd_SE\"]},{\"@type\":\"Person\",\"@id\":\"https:\/\/cigandse.hu\/#\/schema\/person\/98ccf0ab8d41a299cc83f8d4bc3ad158\",\"name\":\"admin\",\"image\":{\"@type\":\"ImageObject\",\"inLanguage\":\"hu\",\"@id\":\"https:\/\/cigandse.hu\/#\/schema\/person\/image\/\",\"url\":\"https:\/\/secure.gravatar.com\/avatar\/807752e5a26584bf309283b840694667743fc07b907e4db41f77a58fb4b98337?s=96&d=mm&r=g\",\"contentUrl\":\"https:\/\/secure.gravatar.com\/avatar\/807752e5a26584bf309283b840694667743fc07b907e4db41f77a58fb4b98337?s=96&d=mm&r=g\",\"caption\":\"admin\"},\"sameAs\":[\"https:\/\/cigandse.hu\"],\"url\":\"https:\/\/cigandse.hu\/index.php\/author\/terjeksandor\/\"}]}<\/script>\n<!-- \/ Yoast SEO plugin. -->","yoast_head_json":{"title":"A c\u00edmv\u00e9d\u0151 Szatm\u00e1rn\u00e9meti mellett a Putnok \u00e9s a S\u00e9ny\u0151 \u00e9rkezik az idei CISE Cup-ra - Cig\u00e1nd Sportegyes\u00fclet hivatalos oldala","robots":{"index":"index","follow":"follow","max-snippet":"max-snippet:-1","max-image-preview":"max-image-preview:large","max-video-preview":"max-video-preview:-1"},"canonical":"https:\/\/cigandse.hu\/index.php\/2025\/05\/09\/a-cimvedo-szatmarnemeti-mellett-a-putnok-es-a-senyo-erkezik-az-5-cise-cup-ra\/","og_locale":"hu_HU","og_type":"article","og_title":"A c\u00edmv\u00e9d\u0151 Szatm\u00e1rn\u00e9meti mellett a Putnok \u00e9s a S\u00e9ny\u0151 \u00e9rkezik az idei CISE Cup-ra - Cig\u00e1nd Sportegyes\u00fclet hivatalos oldala","og_description":"J\u00falius k\u00f6zep\u00e9n imm\u00e1ron \u00f6t\u00f6dik alkalommal ker\u00fcl megrendez\u00e9sre a V\u00e1rosi Stadionban, a CISE Cup felk\u00e9sz\u00fcl\u00e9si labdar\u00fag\u00f3-torna. A kor\u00e1bbi \u00e9vek gyakorlat\u00e1nak megfelel\u0151en [&hellip;]","og_url":"https:\/\/cigandse.hu\/index.php\/2025\/05\/09\/a-cimvedo-szatmarnemeti-mellett-a-putnok-es-a-senyo-erkezik-az-5-cise-cup-ra\/","og_site_name":"Cig\u00e1nd Sportegyes\u00fclet hivatalos oldala","article_publisher":"https:\/\/www.facebook.com\/CigandSportegyesulet","article_published_time":"2025-05-09T12:44:21+00:00","article_modified_time":"2025-05-09T12:55:02+00:00","og_image":[{"width":1794,"height":1080,"url":"https:\/\/cigandse.hu\/wp-content\/uploads\/2025\/05\/kupiv.jpg","type":"image\/jpeg"}],"author":"admin","twitter_card":"summary_large_image","twitter_misc":{"Szerz\u0151:":"admin","Becs\u00fclt olvas\u00e1si id\u0151":"1 perc"},"schema":{"@context":"https:\/\/schema.org","@graph":[{"@type":"Article","@id":"https:\/\/cigandse.hu\/index.php\/2025\/05\/09\/a-cimvedo-szatmarnemeti-mellett-a-putnok-es-a-senyo-erkezik-az-5-cise-cup-ra\/#article","isPartOf":{"@id":"https:\/\/cigandse.hu\/index.php\/2025\/05\/09\/a-cimvedo-szatmarnemeti-mellett-a-putnok-es-a-senyo-erkezik-az-5-cise-cup-ra\/"},"author":{"name":"admin","@id":"https:\/\/cigandse.hu\/#\/schema\/person\/98ccf0ab8d41a299cc83f8d4bc3ad158"},"headline":"A c\u00edmv\u00e9d\u0151 Szatm\u00e1rn\u00e9meti mellett a Putnok \u00e9s a S\u00e9ny\u0151 \u00e9rkezik az idei CISE Cup-ra","datePublished":"2025-05-09T12:44:21+00:00","dateModified":"2025-05-09T12:55:02+00:00","mainEntityOfPage":{"@id":"https:\/\/cigandse.hu\/index.php\/2025\/05\/09\/a-cimvedo-szatmarnemeti-mellett-a-putnok-es-a-senyo-erkezik-az-5-cise-cup-ra\/"},"wordCount":148,"commentCount":0,"publisher":{"@id":"https:\/\/cigandse.hu\/#organization"},"image":{"@id":"https:\/\/cigandse.hu\/index.php\/2025\/05\/09\/a-cimvedo-szatmarnemeti-mellett-a-putnok-es-a-senyo-erkezik-az-5-cise-cup-ra\/#primaryimage"},"thumbnailUrl":"https:\/\/cigandse.hu\/wp-content\/uploads\/2025\/05\/kupiv.jpg","articleSection":["H\u00edrek"],"inLanguage":"hu","potentialAction":[{"@type":"CommentAction","name":"Comment","target":["https:\/\/cigandse.hu\/index.php\/2025\/05\/09\/a-cimvedo-szatmarnemeti-mellett-a-putnok-es-a-senyo-erkezik-az-5-cise-cup-ra\/#respond"]}]},{"@type":"WebPage","@id":"https:\/\/cigandse.hu\/index.php\/2025\/05\/09\/a-cimvedo-szatmarnemeti-mellett-a-putnok-es-a-senyo-erkezik-az-5-cise-cup-ra\/","url":"https:\/\/cigandse.hu\/index.php\/2025\/05\/09\/a-cimvedo-szatmarnemeti-mellett-a-putnok-es-a-senyo-erkezik-az-5-cise-cup-ra\/","name":"A c\u00edmv\u00e9d\u0151 Szatm\u00e1rn\u00e9meti mellett a Putnok \u00e9s a S\u00e9ny\u0151 \u00e9rkezik az idei CISE Cup-ra - Cig\u00e1nd Sportegyes\u00fclet hivatalos oldala","isPartOf":{"@id":"https:\/\/cigandse.hu\/#website"},"primaryImageOfPage":{"@id":"https:\/\/cigandse.hu\/index.php\/2025\/05\/09\/a-cimvedo-szatmarnemeti-mellett-a-putnok-es-a-senyo-erkezik-az-5-cise-cup-ra\/#primaryimage"},"image":{"@id":"https:\/\/cigandse.hu\/index.php\/2025\/05\/09\/a-cimvedo-szatmarnemeti-mellett-a-putnok-es-a-senyo-erkezik-az-5-cise-cup-ra\/#primaryimage"},"thumbnailUrl":"https:\/\/cigandse.hu\/wp-content\/uploads\/2025\/05\/kupiv.jpg","datePublished":"2025-05-09T12:44:21+00:00","dateModified":"2025-05-09T12:55:02+00:00","breadcrumb":{"@id":"https:\/\/cigandse.hu\/index.php\/2025\/05\/09\/a-cimvedo-szatmarnemeti-mellett-a-putnok-es-a-senyo-erkezik-az-5-cise-cup-ra\/#breadcrumb"},"inLanguage":"hu","potentialAction":[{"@type":"ReadAction","target":["https:\/\/cigandse.hu\/index.php\/2025\/05\/09\/a-cimvedo-szatmarnemeti-mellett-a-putnok-es-a-senyo-erkezik-az-5-cise-cup-ra\/"]}]},{"@type":"ImageObject","inLanguage":"hu","@id":"https:\/\/cigandse.hu\/index.php\/2025\/05\/09\/a-cimvedo-szatmarnemeti-mellett-a-putnok-es-a-senyo-erkezik-az-5-cise-cup-ra\/#primaryimage","url":"https:\/\/cigandse.hu\/wp-content\/uploads\/2025\/05\/kupiv.jpg","contentUrl":"https:\/\/cigandse.hu\/wp-content\/uploads\/2025\/05\/kupiv.jpg","width":1794,"height":1080},{"@type":"BreadcrumbList","@id":"https:\/\/cigandse.hu\/index.php\/2025\/05\/09\/a-cimvedo-szatmarnemeti-mellett-a-putnok-es-a-senyo-erkezik-az-5-cise-cup-ra\/#breadcrumb","itemListElement":[{"@type":"ListItem","position":1,"name":"Kezd\u0151lap","item":"https:\/\/cigandse.hu\/"},{"@type":"ListItem","position":2,"name":"A c\u00edmv\u00e9d\u0151 Szatm\u00e1rn\u00e9meti mellett a Putnok \u00e9s a S\u00e9ny\u0151 \u00e9rkezik az idei CISE Cup-ra"}]},{"@type":"WebSite","@id":"https:\/\/cigandse.hu\/#website","url":"https:\/\/cigandse.hu\/","name":"Cig\u00e1nd Sportegyes\u00fclet hivatalos oldala","description":"Cig\u00e1nd Sportegyes\u00fclet hivatalos oldala","publisher":{"@id":"https:\/\/cigandse.hu\/#organization"},"potentialAction":[{"@type":"SearchAction","target":{"@type":"EntryPoint","urlTemplate":"https:\/\/cigandse.hu\/?s={search_term_string}"},"query-input":{"@type":"PropertyValueSpecification","valueRequired":true,"valueName":"search_term_string"}}],"inLanguage":"hu"},{"@type":"Organization","@id":"https:\/\/cigandse.hu\/#organization","name":"Cig\u00e1nd Sportegyes\u00fclet","url":"https:\/\/cigandse.hu\/","logo":{"@type":"ImageObject","inLanguage":"hu","@id":"https:\/\/cigandse.hu\/#\/schema\/logo\/image\/","url":"https:\/\/cigandse.hu\/wp-content\/uploads\/2022\/04\/Cigand-SE-cimer-1.jpg","contentUrl":"https:\/\/cigandse.hu\/wp-content\/uploads\/2022\/04\/Cigand-SE-cimer-1.jpg","width":1932,"height":2088,"caption":"Cig\u00e1nd Sportegyes\u00fclet"},"image":{"@id":"https:\/\/cigandse.hu\/#\/schema\/logo\/image\/"},"sameAs":["https:\/\/www.facebook.com\/CigandSportegyesulet","https:\/\/www.youtube.com\/channel\/UC0prdKj31NqRteZ5J4bGUZw","https:\/\/hu.wikipedia.org\/wiki\/Cig\u00e1nd_SE"]},{"@type":"Person","@id":"https:\/\/cigandse.hu\/#\/schema\/person\/98ccf0ab8d41a299cc83f8d4bc3ad158","name":"admin","image":{"@type":"ImageObject","inLanguage":"hu","@id":"https:\/\/cigandse.hu\/#\/schema\/person\/image\/","url":"https:\/\/secure.gravatar.com\/avatar\/807752e5a26584bf309283b840694667743fc07b907e4db41f77a58fb4b98337?s=96&d=mm&r=g","contentUrl":"https:\/\/secure.gravatar.com\/avatar\/807752e5a26584bf309283b840694667743fc07b907e4db41f77a58fb4b98337?s=96&d=mm&r=g","caption":"admin"},"sameAs":["https:\/\/cigandse.hu"],"url":"https:\/\/cigandse.hu\/index.php\/author\/terjeksandor\/"}]}},"uagb_featured_image_src":{"full":["https:\/\/cigandse.hu\/wp-content\/uploads\/2025\/05\/kupiv.jpg",1794,1080,false],"thumbnail":["https:\/\/cigandse.hu\/wp-content\/uploads\/2025\/05\/kupiv-150x150.jpg",150,150,true],"medium":["https:\/\/cigandse.hu\/wp-content\/uploads\/2025\/05\/kupiv-300x181.jpg",300,181,true],"medium_large":["https:\/\/cigandse.hu\/wp-content\/uploads\/2025\/05\/kupiv-768x462.jpg",680,409,true],"large":["https:\/\/cigandse.hu\/wp-content\/uploads\/2025\/05\/kupiv-1024x616.jpg",680,409,true],"1536x1536":["https:\/\/cigandse.hu\/wp-content\/uploads\/2025\/05\/kupiv-1536x925.jpg",1536,925,true],"2048x2048":["https:\/\/cigandse.hu\/wp-content\/uploads\/2025\/05\/kupiv.jpg",1794,1080,false],"sportspress-crop-medium":["https:\/\/cigandse.hu\/wp-content\/uploads\/2025\/05\/kupiv-300x300.jpg",300,300,true],"sportspress-fit-medium":["https:\/\/cigandse.hu\/wp-content\/uploads\/2025\/05\/kupiv-300x181.jpg",300,181,true],"sportspress-fit-icon":["https:\/\/cigandse.hu\/wp-content\/uploads\/2025\/05\/kupiv-128x77.jpg",128,77,true],"sportspress-fit-mini":["https:\/\/cigandse.hu\/wp-content\/uploads\/2025\/05\/kupiv-32x19.jpg",32,19,true]},"uagb_author_info":{"display_name":"admin","author_link":"https:\/\/cigandse.hu\/index.php\/author\/terjeksandor\/"},"uagb_comment_info":0,"uagb_excerpt":"J\u00falius k\u00f6zep\u00e9n imm\u00e1ron \u00f6t\u00f6dik alkalommal ker\u00fcl megrendez\u00e9sre a V\u00e1rosi Stadionban, a CISE Cup felk\u00e9sz\u00fcl\u00e9si labdar\u00fag\u00f3-torna. A kor\u00e1bbi \u00e9vek gyakorlat\u00e1nak megfelel\u0151en [&hellip;]","_links":{"self":[{"href":"https:\/\/cigandse.hu\/index.php\/wp-json\/wp\/v2\/posts\/5856","targetHints":{"allow":["GET"]}}],"collection":[{"href":"https:\/\/cigandse.hu\/index.php\/wp-json\/wp\/v2\/posts"}],"about":[{"href":"https:\/\/cigandse.hu\/index.php\/wp-json\/wp\/v2\/types\/post"}],"author":[{"embeddable":true,"href":"https:\/\/cigandse.hu\/index.php\/wp-json\/wp\/v2\/users\/1"}],"replies":[{"embeddable":true,"href":"https:\/\/cigandse.hu\/index.php\/wp-json\/wp\/v2\/comments?post=5856"}],"version-history":[{"count":5,"href":"https:\/\/cigandse.hu\/index.php\/wp-json\/wp\/v2\/posts\/5856\/revisions"}],"predecessor-version":[{"id":5862,"href":"https:\/\/cigandse.hu\/index.php\/wp-json\/wp\/v2\/posts\/5856\/revisions\/5862"}],"wp:featuredmedia":[{"embeddable":true,"href":"https:\/\/cigandse.hu\/index.php\/wp-json\/wp\/v2\/media\/5857"}],"wp:attachment":[{"href":"https:\/\/cigandse.hu\/index.php\/wp-json\/wp\/v2\/media?parent=5856"}],"wp:term":[{"taxonomy":"category","embeddable":true,"href":"https:\/\/cigandse.hu\/index.php\/wp-json\/wp\/v2\/categories?post=5856"},{"taxonomy":"post_tag","embeddable":true,"href":"https:\/\/cigandse.hu\/index.php\/wp-json\/wp\/v2\/tags?post=5856"}],"curies":[{"name":"wp","href":"https:\/\/api.w.org\/{rel}","templated":true}]}}