{"id":6423,"date":"2025-07-25T18:39:58","date_gmt":"2025-07-25T16:39:58","guid":{"rendered":"https:\/\/cigandse.hu\/?p=6423"},"modified":"2025-07-25T18:51:47","modified_gmt":"2025-07-25T16:51:47","slug":"17-eves-jaszberenyi-kapus-az-utolso-nyari-erkezonk","status":"publish","type":"post","link":"https:\/\/cigandse.hu\/index.php\/2025\/07\/25\/17-eves-jaszberenyi-kapus-az-utolso-nyari-erkezonk\/","title":{"rendered":"17 \u00e9ves j\u00e1szber\u00e9nyi kapus az utols\u00f3 ny\u00e1ri \u00e9rkez\u0151nk"},"content":{"rendered":"<header class=\"article-header\">\n<h3><a href=\"https:\/\/cigandse.hu\/index.php\/2025\/07\/25\/17-eves-jaszberenyi-kapus-az-utolso-nyari-erkezonk\/nagyb\/#main\" rel=\"attachment wp-att-6424\"><img loading=\"lazy\" decoding=\"async\" class=\"aligncenter wp-image-6424\" src=\"https:\/\/cigandse.hu\/wp-content\/uploads\/2025\/07\/NAGYB-300x188.jpg\" alt=\"\" width=\"800\" height=\"500\" srcset=\"https:\/\/cigandse.hu\/wp-content\/uploads\/2025\/07\/NAGYB-300x188.jpg 300w, https:\/\/cigandse.hu\/wp-content\/uploads\/2025\/07\/NAGYB-1024x640.jpg 1024w, https:\/\/cigandse.hu\/wp-content\/uploads\/2025\/07\/NAGYB-768x480.jpg 768w, https:\/\/cigandse.hu\/wp-content\/uploads\/2025\/07\/NAGYB-1536x960.jpg 1536w, https:\/\/cigandse.hu\/wp-content\/uploads\/2025\/07\/NAGYB-128x80.jpg 128w, https:\/\/cigandse.hu\/wp-content\/uploads\/2025\/07\/NAGYB-32x20.jpg 32w, https:\/\/cigandse.hu\/wp-content\/uploads\/2025\/07\/NAGYB.jpg 2000w\" sizes=\"auto, (max-width: 800px) 100vw, 800px\" \/><\/a><\/h3>\n<h3 class=\"article-lead\">A fiatal h\u00e1l\u00f3\u0151r lak\u00f3hely\u00e9n, J\u00e1szber\u00e9nyben ismerkedett a futball alapjaival, majd Kisv\u00e1rd\u00e1ra ker\u00fclt, ahol az elm\u00falt szezonban bemutatkozott az NB III-ban is. A kiv\u00e1l\u00f3 fel\u00e9p\u00edt\u00e9s\u0171 \u00e9s szorgalmas kapus nagy j\u00f6v\u0151 el\u0151tt \u00e1llhat.<\/h3>\n<\/header>\n<section><\/section>\n<section><\/section>\n<section><em>\u201eEz egy \u00e1lom beteljes\u00fcl\u00e9se, hogy itt vagyok, de tudom ez m\u00e9g csak a kezdet. H\u00e1l\u00e1s vagyok a csal\u00e1domnak az edz\u0151imnek, hogy hittek bennem. Nagyszer\u0171 k\u00f6z\u00f6ss\u00e9g fogadott, r\u00e9gebbr\u0151l ismertem n\u00e9h\u00e1ny j\u00e1t\u00e9kost \u00edgy egyszer\u0171bb volt a beilleszked\u00e9s. C\u00e9lom, hogy min\u00e9l t\u00f6bbet fejl\u0151djek \u00e9s seg\u00edtsem a klubot.\u201d<\/em> \u2013 mondta a frissen \u00e9rkezett fiatal kapusunk.<\/section>\n<div class=\"row row-nopadding\">\n<section class=\"col-xs-12 col-md-9 article-body\" data-mh=\"article-cols\">\n<h3><\/h3>\n<h3><strong>N\u00e9vjegy<\/strong><\/h3>\n<p><strong>Vezet\u00e9kn\u00e9v<\/strong>: Nagy<br \/>\n<strong>Keresztn\u00e9v<\/strong>: Barnab\u00e1s<br \/>\n<strong>Sz\u00fclet\u00e9si id\u0151<\/strong>: 2007. december 20.<br \/>\n<strong>Sz\u00fclet\u00e9si hely<\/strong>: J\u00e1szber\u00e9ny<br \/>\n<strong>\u00c1llampolg\u00e1rs\u00e1g<\/strong>: magyar<br \/>\n<strong>Magass\u00e1g<\/strong>: 186 centim\u00e9ter<br \/>\n<strong>Poszt<\/strong>: kapus<br \/>\n<strong>El\u0151z\u0151 klubja<\/strong>: Kisv\u00e1rda Master Good II<\/p>\n<\/section>\n<\/div>\n<blockquote class=\"twitter-tweet\">\n<p dir=\"ltr\" lang=\"hu\">\ud83d\udea8<a href=\"https:\/\/twitter.com\/cise?ref_src=twsrc%5Etfw\">@CISE<\/a> \ud835\ude02\u0301\ud835\uddf7 \ud835\uddf6\ud835\uddf4\ud835\uddee\ud835\ude07\ud835\uddfc\ud835\uddf9\ud835\uddee\u0301\ud835\ude00!<br \/>\n\ud83e\udd1dNagy Barnab\u00e1s a Cig\u00e1nd SE j\u00e1t\u00e9kosa! Sok sikert a CISE-n\u00e9l, Barni\u2728<a href=\"https:\/\/twitter.com\/hashtag\/CISE?src=hash&amp;ref_src=twsrc%5Etfw\">#CISE<\/a> <a href=\"https:\/\/twitter.com\/hashtag\/Darazsak?src=hash&amp;ref_src=twsrc%5Etfw\">#Darazsak<\/a> <a href=\"https:\/\/twitter.com\/hashtag\/NagyBarnabas?src=hash&amp;ref_src=twsrc%5Etfw\">#NagyBarnabas<\/a> <a href=\"https:\/\/t.co\/SeTa6z73e8\">pic.twitter.com\/SeTa6z73e8<\/a><\/p>\n<p>\u2014 Cig\u00e1nd SE (@CigandFC) <a href=\"https:\/\/twitter.com\/CigandFC\/status\/1948778751371645318?ref_src=twsrc%5Etfw\">July 25, 2025<\/a><\/p><\/blockquote>\n<p><script async src=\"https:\/\/platform.twitter.com\/widgets.js\" charset=\"utf-8\"><\/script><\/p>\n","protected":false},"excerpt":{"rendered":"<p>A fiatal h\u00e1l\u00f3\u0151r lak\u00f3hely\u00e9n, J\u00e1szber\u00e9nyben ismerkedett a futball alapjaival, majd Kisv\u00e1rd\u00e1ra ker\u00fclt, ahol az elm\u00falt szezonban bemutatkozott az NB III-ban [&hellip;]<\/p>\n","protected":false},"author":1,"featured_media":6424,"comment_status":"open","ping_status":"open","sticky":false,"template":"","format":"standard","meta":{"_uag_custom_page_level_css":"","footnotes":""},"categories":[3],"tags":[],"class_list":["post-6423","post","type-post","status-publish","format-standard","has-post-thumbnail","hentry","category-hirek"],"yoast_head":"<!-- This site is optimized with the Yoast SEO plugin v25.5 - https:\/\/yoast.com\/wordpress\/plugins\/seo\/ -->\n<title>17 \u00e9ves j\u00e1szber\u00e9nyi kapus az utols\u00f3 ny\u00e1ri \u00e9rkez\u0151nk - Cig\u00e1nd Sportegyes\u00fclet hivatalos oldala<\/title>\n<meta name=\"robots\" content=\"index, follow, max-snippet:-1, max-image-preview:large, max-video-preview:-1\" \/>\n<link rel=\"canonical\" href=\"https:\/\/cigandse.hu\/index.php\/2025\/07\/25\/17-eves-jaszberenyi-kapus-az-utolso-nyari-erkezonk\/\" \/>\n<meta property=\"og:locale\" content=\"hu_HU\" \/>\n<meta property=\"og:type\" content=\"article\" \/>\n<meta property=\"og:title\" content=\"17 \u00e9ves j\u00e1szber\u00e9nyi kapus az utols\u00f3 ny\u00e1ri \u00e9rkez\u0151nk - Cig\u00e1nd Sportegyes\u00fclet hivatalos oldala\" \/>\n<meta property=\"og:description\" content=\"A fiatal h\u00e1l\u00f3\u0151r lak\u00f3hely\u00e9n, J\u00e1szber\u00e9nyben ismerkedett a futball alapjaival, majd Kisv\u00e1rd\u00e1ra ker\u00fclt, ahol az elm\u00falt szezonban bemutatkozott az NB III-ban [&hellip;]\" \/>\n<meta property=\"og:url\" content=\"https:\/\/cigandse.hu\/index.php\/2025\/07\/25\/17-eves-jaszberenyi-kapus-az-utolso-nyari-erkezonk\/\" \/>\n<meta property=\"og:site_name\" content=\"Cig\u00e1nd Sportegyes\u00fclet hivatalos oldala\" \/>\n<meta property=\"article:publisher\" content=\"https:\/\/www.facebook.com\/CigandSportegyesulet\" \/>\n<meta property=\"article:published_time\" content=\"2025-07-25T16:39:58+00:00\" \/>\n<meta property=\"article:modified_time\" content=\"2025-07-25T16:51:47+00:00\" \/>\n<meta property=\"og:image\" content=\"https:\/\/cigandse.hu\/wp-content\/uploads\/2025\/07\/NAGYB.jpg\" \/>\n\t<meta property=\"og:image:width\" content=\"2000\" \/>\n\t<meta property=\"og:image:height\" content=\"1250\" \/>\n\t<meta property=\"og:image:type\" content=\"image\/jpeg\" \/>\n<meta name=\"author\" content=\"admin\" \/>\n<meta name=\"twitter:card\" content=\"summary_large_image\" \/>\n<meta name=\"twitter:label1\" content=\"Szerz\u0151:\" \/>\n\t<meta name=\"twitter:data1\" content=\"admin\" \/>\n\t<meta name=\"twitter:label2\" content=\"Becs\u00fclt olvas\u00e1si id\u0151\" \/>\n\t<meta name=\"twitter:data2\" content=\"1 perc\" \/>\n<script type=\"application\/ld+json\" class=\"yoast-schema-graph\">{\"@context\":\"https:\/\/schema.org\",\"@graph\":[{\"@type\":\"Article\",\"@id\":\"https:\/\/cigandse.hu\/index.php\/2025\/07\/25\/17-eves-jaszberenyi-kapus-az-utolso-nyari-erkezonk\/#article\",\"isPartOf\":{\"@id\":\"https:\/\/cigandse.hu\/index.php\/2025\/07\/25\/17-eves-jaszberenyi-kapus-az-utolso-nyari-erkezonk\/\"},\"author\":{\"name\":\"admin\",\"@id\":\"https:\/\/cigandse.hu\/#\/schema\/person\/98ccf0ab8d41a299cc83f8d4bc3ad158\"},\"headline\":\"17 \u00e9ves j\u00e1szber\u00e9nyi kapus az utols\u00f3 ny\u00e1ri \u00e9rkez\u0151nk\",\"datePublished\":\"2025-07-25T16:39:58+00:00\",\"dateModified\":\"2025-07-25T16:51:47+00:00\",\"mainEntityOfPage\":{\"@id\":\"https:\/\/cigandse.hu\/index.php\/2025\/07\/25\/17-eves-jaszberenyi-kapus-az-utolso-nyari-erkezonk\/\"},\"wordCount\":202,\"commentCount\":0,\"publisher\":{\"@id\":\"https:\/\/cigandse.hu\/#organization\"},\"image\":{\"@id\":\"https:\/\/cigandse.hu\/index.php\/2025\/07\/25\/17-eves-jaszberenyi-kapus-az-utolso-nyari-erkezonk\/#primaryimage\"},\"thumbnailUrl\":\"https:\/\/cigandse.hu\/wp-content\/uploads\/2025\/07\/NAGYB.jpg\",\"articleSection\":[\"H\u00edrek\"],\"inLanguage\":\"hu\",\"potentialAction\":[{\"@type\":\"CommentAction\",\"name\":\"Comment\",\"target\":[\"https:\/\/cigandse.hu\/index.php\/2025\/07\/25\/17-eves-jaszberenyi-kapus-az-utolso-nyari-erkezonk\/#respond\"]}]},{\"@type\":\"WebPage\",\"@id\":\"https:\/\/cigandse.hu\/index.php\/2025\/07\/25\/17-eves-jaszberenyi-kapus-az-utolso-nyari-erkezonk\/\",\"url\":\"https:\/\/cigandse.hu\/index.php\/2025\/07\/25\/17-eves-jaszberenyi-kapus-az-utolso-nyari-erkezonk\/\",\"name\":\"17 \u00e9ves j\u00e1szber\u00e9nyi kapus az utols\u00f3 ny\u00e1ri \u00e9rkez\u0151nk - Cig\u00e1nd Sportegyes\u00fclet hivatalos oldala\",\"isPartOf\":{\"@id\":\"https:\/\/cigandse.hu\/#website\"},\"primaryImageOfPage\":{\"@id\":\"https:\/\/cigandse.hu\/index.php\/2025\/07\/25\/17-eves-jaszberenyi-kapus-az-utolso-nyari-erkezonk\/#primaryimage\"},\"image\":{\"@id\":\"https:\/\/cigandse.hu\/index.php\/2025\/07\/25\/17-eves-jaszberenyi-kapus-az-utolso-nyari-erkezonk\/#primaryimage\"},\"thumbnailUrl\":\"https:\/\/cigandse.hu\/wp-content\/uploads\/2025\/07\/NAGYB.jpg\",\"datePublished\":\"2025-07-25T16:39:58+00:00\",\"dateModified\":\"2025-07-25T16:51:47+00:00\",\"breadcrumb\":{\"@id\":\"https:\/\/cigandse.hu\/index.php\/2025\/07\/25\/17-eves-jaszberenyi-kapus-az-utolso-nyari-erkezonk\/#breadcrumb\"},\"inLanguage\":\"hu\",\"potentialAction\":[{\"@type\":\"ReadAction\",\"target\":[\"https:\/\/cigandse.hu\/index.php\/2025\/07\/25\/17-eves-jaszberenyi-kapus-az-utolso-nyari-erkezonk\/\"]}]},{\"@type\":\"ImageObject\",\"inLanguage\":\"hu\",\"@id\":\"https:\/\/cigandse.hu\/index.php\/2025\/07\/25\/17-eves-jaszberenyi-kapus-az-utolso-nyari-erkezonk\/#primaryimage\",\"url\":\"https:\/\/cigandse.hu\/wp-content\/uploads\/2025\/07\/NAGYB.jpg\",\"contentUrl\":\"https:\/\/cigandse.hu\/wp-content\/uploads\/2025\/07\/NAGYB.jpg\",\"width\":2000,\"height\":1250},{\"@type\":\"BreadcrumbList\",\"@id\":\"https:\/\/cigandse.hu\/index.php\/2025\/07\/25\/17-eves-jaszberenyi-kapus-az-utolso-nyari-erkezonk\/#breadcrumb\",\"itemListElement\":[{\"@type\":\"ListItem\",\"position\":1,\"name\":\"Kezd\u0151lap\",\"item\":\"https:\/\/cigandse.hu\/\"},{\"@type\":\"ListItem\",\"position\":2,\"name\":\"17 \u00e9ves j\u00e1szber\u00e9nyi kapus az utols\u00f3 ny\u00e1ri \u00e9rkez\u0151nk\"}]},{\"@type\":\"WebSite\",\"@id\":\"https:\/\/cigandse.hu\/#website\",\"url\":\"https:\/\/cigandse.hu\/\",\"name\":\"Cig\u00e1nd Sportegyes\u00fclet hivatalos oldala\",\"description\":\"Cig\u00e1nd Sportegyes\u00fclet hivatalos oldala\",\"publisher\":{\"@id\":\"https:\/\/cigandse.hu\/#organization\"},\"potentialAction\":[{\"@type\":\"SearchAction\",\"target\":{\"@type\":\"EntryPoint\",\"urlTemplate\":\"https:\/\/cigandse.hu\/?s={search_term_string}\"},\"query-input\":{\"@type\":\"PropertyValueSpecification\",\"valueRequired\":true,\"valueName\":\"search_term_string\"}}],\"inLanguage\":\"hu\"},{\"@type\":\"Organization\",\"@id\":\"https:\/\/cigandse.hu\/#organization\",\"name\":\"Cig\u00e1nd Sportegyes\u00fclet\",\"url\":\"https:\/\/cigandse.hu\/\",\"logo\":{\"@type\":\"ImageObject\",\"inLanguage\":\"hu\",\"@id\":\"https:\/\/cigandse.hu\/#\/schema\/logo\/image\/\",\"url\":\"https:\/\/cigandse.hu\/wp-content\/uploads\/2022\/04\/Cigand-SE-cimer-1.jpg\",\"contentUrl\":\"https:\/\/cigandse.hu\/wp-content\/uploads\/2022\/04\/Cigand-SE-cimer-1.jpg\",\"width\":1932,\"height\":2088,\"caption\":\"Cig\u00e1nd Sportegyes\u00fclet\"},\"image\":{\"@id\":\"https:\/\/cigandse.hu\/#\/schema\/logo\/image\/\"},\"sameAs\":[\"https:\/\/www.facebook.com\/CigandSportegyesulet\",\"https:\/\/www.youtube.com\/channel\/UC0prdKj31NqRteZ5J4bGUZw\",\"https:\/\/hu.wikipedia.org\/wiki\/Cig\u00e1nd_SE\"]},{\"@type\":\"Person\",\"@id\":\"https:\/\/cigandse.hu\/#\/schema\/person\/98ccf0ab8d41a299cc83f8d4bc3ad158\",\"name\":\"admin\",\"image\":{\"@type\":\"ImageObject\",\"inLanguage\":\"hu\",\"@id\":\"https:\/\/cigandse.hu\/#\/schema\/person\/image\/\",\"url\":\"https:\/\/secure.gravatar.com\/avatar\/807752e5a26584bf309283b840694667743fc07b907e4db41f77a58fb4b98337?s=96&d=mm&r=g\",\"contentUrl\":\"https:\/\/secure.gravatar.com\/avatar\/807752e5a26584bf309283b840694667743fc07b907e4db41f77a58fb4b98337?s=96&d=mm&r=g\",\"caption\":\"admin\"},\"sameAs\":[\"https:\/\/cigandse.hu\"],\"url\":\"https:\/\/cigandse.hu\/index.php\/author\/terjeksandor\/\"}]}<\/script>\n<!-- \/ Yoast SEO plugin. -->","yoast_head_json":{"title":"17 \u00e9ves j\u00e1szber\u00e9nyi kapus az utols\u00f3 ny\u00e1ri \u00e9rkez\u0151nk - Cig\u00e1nd Sportegyes\u00fclet hivatalos oldala","robots":{"index":"index","follow":"follow","max-snippet":"max-snippet:-1","max-image-preview":"max-image-preview:large","max-video-preview":"max-video-preview:-1"},"canonical":"https:\/\/cigandse.hu\/index.php\/2025\/07\/25\/17-eves-jaszberenyi-kapus-az-utolso-nyari-erkezonk\/","og_locale":"hu_HU","og_type":"article","og_title":"17 \u00e9ves j\u00e1szber\u00e9nyi kapus az utols\u00f3 ny\u00e1ri \u00e9rkez\u0151nk - Cig\u00e1nd Sportegyes\u00fclet hivatalos oldala","og_description":"A fiatal h\u00e1l\u00f3\u0151r lak\u00f3hely\u00e9n, J\u00e1szber\u00e9nyben ismerkedett a futball alapjaival, majd Kisv\u00e1rd\u00e1ra ker\u00fclt, ahol az elm\u00falt szezonban bemutatkozott az NB III-ban [&hellip;]","og_url":"https:\/\/cigandse.hu\/index.php\/2025\/07\/25\/17-eves-jaszberenyi-kapus-az-utolso-nyari-erkezonk\/","og_site_name":"Cig\u00e1nd Sportegyes\u00fclet hivatalos oldala","article_publisher":"https:\/\/www.facebook.com\/CigandSportegyesulet","article_published_time":"2025-07-25T16:39:58+00:00","article_modified_time":"2025-07-25T16:51:47+00:00","og_image":[{"width":2000,"height":1250,"url":"https:\/\/cigandse.hu\/wp-content\/uploads\/2025\/07\/NAGYB.jpg","type":"image\/jpeg"}],"author":"admin","twitter_card":"summary_large_image","twitter_misc":{"Szerz\u0151:":"admin","Becs\u00fclt olvas\u00e1si id\u0151":"1 perc"},"schema":{"@context":"https:\/\/schema.org","@graph":[{"@type":"Article","@id":"https:\/\/cigandse.hu\/index.php\/2025\/07\/25\/17-eves-jaszberenyi-kapus-az-utolso-nyari-erkezonk\/#article","isPartOf":{"@id":"https:\/\/cigandse.hu\/index.php\/2025\/07\/25\/17-eves-jaszberenyi-kapus-az-utolso-nyari-erkezonk\/"},"author":{"name":"admin","@id":"https:\/\/cigandse.hu\/#\/schema\/person\/98ccf0ab8d41a299cc83f8d4bc3ad158"},"headline":"17 \u00e9ves j\u00e1szber\u00e9nyi kapus az utols\u00f3 ny\u00e1ri \u00e9rkez\u0151nk","datePublished":"2025-07-25T16:39:58+00:00","dateModified":"2025-07-25T16:51:47+00:00","mainEntityOfPage":{"@id":"https:\/\/cigandse.hu\/index.php\/2025\/07\/25\/17-eves-jaszberenyi-kapus-az-utolso-nyari-erkezonk\/"},"wordCount":202,"commentCount":0,"publisher":{"@id":"https:\/\/cigandse.hu\/#organization"},"image":{"@id":"https:\/\/cigandse.hu\/index.php\/2025\/07\/25\/17-eves-jaszberenyi-kapus-az-utolso-nyari-erkezonk\/#primaryimage"},"thumbnailUrl":"https:\/\/cigandse.hu\/wp-content\/uploads\/2025\/07\/NAGYB.jpg","articleSection":["H\u00edrek"],"inLanguage":"hu","potentialAction":[{"@type":"CommentAction","name":"Comment","target":["https:\/\/cigandse.hu\/index.php\/2025\/07\/25\/17-eves-jaszberenyi-kapus-az-utolso-nyari-erkezonk\/#respond"]}]},{"@type":"WebPage","@id":"https:\/\/cigandse.hu\/index.php\/2025\/07\/25\/17-eves-jaszberenyi-kapus-az-utolso-nyari-erkezonk\/","url":"https:\/\/cigandse.hu\/index.php\/2025\/07\/25\/17-eves-jaszberenyi-kapus-az-utolso-nyari-erkezonk\/","name":"17 \u00e9ves j\u00e1szber\u00e9nyi kapus az utols\u00f3 ny\u00e1ri \u00e9rkez\u0151nk - Cig\u00e1nd Sportegyes\u00fclet hivatalos oldala","isPartOf":{"@id":"https:\/\/cigandse.hu\/#website"},"primaryImageOfPage":{"@id":"https:\/\/cigandse.hu\/index.php\/2025\/07\/25\/17-eves-jaszberenyi-kapus-az-utolso-nyari-erkezonk\/#primaryimage"},"image":{"@id":"https:\/\/cigandse.hu\/index.php\/2025\/07\/25\/17-eves-jaszberenyi-kapus-az-utolso-nyari-erkezonk\/#primaryimage"},"thumbnailUrl":"https:\/\/cigandse.hu\/wp-content\/uploads\/2025\/07\/NAGYB.jpg","datePublished":"2025-07-25T16:39:58+00:00","dateModified":"2025-07-25T16:51:47+00:00","breadcrumb":{"@id":"https:\/\/cigandse.hu\/index.php\/2025\/07\/25\/17-eves-jaszberenyi-kapus-az-utolso-nyari-erkezonk\/#breadcrumb"},"inLanguage":"hu","potentialAction":[{"@type":"ReadAction","target":["https:\/\/cigandse.hu\/index.php\/2025\/07\/25\/17-eves-jaszberenyi-kapus-az-utolso-nyari-erkezonk\/"]}]},{"@type":"ImageObject","inLanguage":"hu","@id":"https:\/\/cigandse.hu\/index.php\/2025\/07\/25\/17-eves-jaszberenyi-kapus-az-utolso-nyari-erkezonk\/#primaryimage","url":"https:\/\/cigandse.hu\/wp-content\/uploads\/2025\/07\/NAGYB.jpg","contentUrl":"https:\/\/cigandse.hu\/wp-content\/uploads\/2025\/07\/NAGYB.jpg","width":2000,"height":1250},{"@type":"BreadcrumbList","@id":"https:\/\/cigandse.hu\/index.php\/2025\/07\/25\/17-eves-jaszberenyi-kapus-az-utolso-nyari-erkezonk\/#breadcrumb","itemListElement":[{"@type":"ListItem","position":1,"name":"Kezd\u0151lap","item":"https:\/\/cigandse.hu\/"},{"@type":"ListItem","position":2,"name":"17 \u00e9ves j\u00e1szber\u00e9nyi kapus az utols\u00f3 ny\u00e1ri \u00e9rkez\u0151nk"}]},{"@type":"WebSite","@id":"https:\/\/cigandse.hu\/#website","url":"https:\/\/cigandse.hu\/","name":"Cig\u00e1nd Sportegyes\u00fclet hivatalos oldala","description":"Cig\u00e1nd Sportegyes\u00fclet hivatalos oldala","publisher":{"@id":"https:\/\/cigandse.hu\/#organization"},"potentialAction":[{"@type":"SearchAction","target":{"@type":"EntryPoint","urlTemplate":"https:\/\/cigandse.hu\/?s={search_term_string}"},"query-input":{"@type":"PropertyValueSpecification","valueRequired":true,"valueName":"search_term_string"}}],"inLanguage":"hu"},{"@type":"Organization","@id":"https:\/\/cigandse.hu\/#organization","name":"Cig\u00e1nd Sportegyes\u00fclet","url":"https:\/\/cigandse.hu\/","logo":{"@type":"ImageObject","inLanguage":"hu","@id":"https:\/\/cigandse.hu\/#\/schema\/logo\/image\/","url":"https:\/\/cigandse.hu\/wp-content\/uploads\/2022\/04\/Cigand-SE-cimer-1.jpg","contentUrl":"https:\/\/cigandse.hu\/wp-content\/uploads\/2022\/04\/Cigand-SE-cimer-1.jpg","width":1932,"height":2088,"caption":"Cig\u00e1nd Sportegyes\u00fclet"},"image":{"@id":"https:\/\/cigandse.hu\/#\/schema\/logo\/image\/"},"sameAs":["https:\/\/www.facebook.com\/CigandSportegyesulet","https:\/\/www.youtube.com\/channel\/UC0prdKj31NqRteZ5J4bGUZw","https:\/\/hu.wikipedia.org\/wiki\/Cig\u00e1nd_SE"]},{"@type":"Person","@id":"https:\/\/cigandse.hu\/#\/schema\/person\/98ccf0ab8d41a299cc83f8d4bc3ad158","name":"admin","image":{"@type":"ImageObject","inLanguage":"hu","@id":"https:\/\/cigandse.hu\/#\/schema\/person\/image\/","url":"https:\/\/secure.gravatar.com\/avatar\/807752e5a26584bf309283b840694667743fc07b907e4db41f77a58fb4b98337?s=96&d=mm&r=g","contentUrl":"https:\/\/secure.gravatar.com\/avatar\/807752e5a26584bf309283b840694667743fc07b907e4db41f77a58fb4b98337?s=96&d=mm&r=g","caption":"admin"},"sameAs":["https:\/\/cigandse.hu"],"url":"https:\/\/cigandse.hu\/index.php\/author\/terjeksandor\/"}]}},"uagb_featured_image_src":{"full":["https:\/\/cigandse.hu\/wp-content\/uploads\/2025\/07\/NAGYB.jpg",2000,1250,false],"thumbnail":["https:\/\/cigandse.hu\/wp-content\/uploads\/2025\/07\/NAGYB-150x150.jpg",150,150,true],"medium":["https:\/\/cigandse.hu\/wp-content\/uploads\/2025\/07\/NAGYB-300x188.jpg",300,188,true],"medium_large":["https:\/\/cigandse.hu\/wp-content\/uploads\/2025\/07\/NAGYB-768x480.jpg",680,425,true],"large":["https:\/\/cigandse.hu\/wp-content\/uploads\/2025\/07\/NAGYB-1024x640.jpg",680,425,true],"1536x1536":["https:\/\/cigandse.hu\/wp-content\/uploads\/2025\/07\/NAGYB-1536x960.jpg",1536,960,true],"2048x2048":["https:\/\/cigandse.hu\/wp-content\/uploads\/2025\/07\/NAGYB.jpg",2000,1250,false],"sportspress-crop-medium":["https:\/\/cigandse.hu\/wp-content\/uploads\/2025\/07\/NAGYB-300x300.jpg",300,300,true],"sportspress-fit-medium":["https:\/\/cigandse.hu\/wp-content\/uploads\/2025\/07\/NAGYB-300x188.jpg",300,188,true],"sportspress-fit-icon":["https:\/\/cigandse.hu\/wp-content\/uploads\/2025\/07\/NAGYB-128x80.jpg",128,80,true],"sportspress-fit-mini":["https:\/\/cigandse.hu\/wp-content\/uploads\/2025\/07\/NAGYB-32x20.jpg",32,20,true]},"uagb_author_info":{"display_name":"admin","author_link":"https:\/\/cigandse.hu\/index.php\/author\/terjeksandor\/"},"uagb_comment_info":1,"uagb_excerpt":"A fiatal h\u00e1l\u00f3\u0151r lak\u00f3hely\u00e9n, J\u00e1szber\u00e9nyben ismerkedett a futball alapjaival, majd Kisv\u00e1rd\u00e1ra ker\u00fclt, ahol az elm\u00falt szezonban bemutatkozott az NB III-ban [&hellip;]","_links":{"self":[{"href":"https:\/\/cigandse.hu\/index.php\/wp-json\/wp\/v2\/posts\/6423","targetHints":{"allow":["GET"]}}],"collection":[{"href":"https:\/\/cigandse.hu\/index.php\/wp-json\/wp\/v2\/posts"}],"about":[{"href":"https:\/\/cigandse.hu\/index.php\/wp-json\/wp\/v2\/types\/post"}],"author":[{"embeddable":true,"href":"https:\/\/cigandse.hu\/index.php\/wp-json\/wp\/v2\/users\/1"}],"replies":[{"embeddable":true,"href":"https:\/\/cigandse.hu\/index.php\/wp-json\/wp\/v2\/comments?post=6423"}],"version-history":[{"count":9,"href":"https:\/\/cigandse.hu\/index.php\/wp-json\/wp\/v2\/posts\/6423\/revisions"}],"predecessor-version":[{"id":6433,"href":"https:\/\/cigandse.hu\/index.php\/wp-json\/wp\/v2\/posts\/6423\/revisions\/6433"}],"wp:featuredmedia":[{"embeddable":true,"href":"https:\/\/cigandse.hu\/index.php\/wp-json\/wp\/v2\/media\/6424"}],"wp:attachment":[{"href":"https:\/\/cigandse.hu\/index.php\/wp-json\/wp\/v2\/media?parent=6423"}],"wp:term":[{"taxonomy":"category","embeddable":true,"href":"https:\/\/cigandse.hu\/index.php\/wp-json\/wp\/v2\/categories?post=6423"},{"taxonomy":"post_tag","embeddable":true,"href":"https:\/\/cigandse.hu\/index.php\/wp-json\/wp\/v2\/tags?post=6423"}],"curies":[{"name":"wp","href":"https:\/\/api.w.org\/{rel}","templated":true}]}}