{"id":6670,"date":"2025-09-10T13:33:19","date_gmt":"2025-09-10T11:33:19","guid":{"rendered":"https:\/\/cigandse.hu\/?p=6670"},"modified":"2025-09-10T13:33:19","modified_gmt":"2025-09-10T11:33:19","slug":"kk-nyitoertekezletet-tartott-egyesuletunk","status":"publish","type":"post","link":"https:\/\/cigandse.hu\/index.php\/2025\/09\/10\/kk-nyitoertekezletet-tartott-egyesuletunk\/","title":{"rendered":"KK-nyit\u00f3\u00e9rtekezletet tartott egyes\u00fclet\u00fcnk"},"content":{"rendered":"<p><a href=\"https:\/\/cigandse.hu\/index.php\/2025\/09\/10\/kk-nyitoertekezletet-tartott-egyesuletunk\/sedve\/#main\" rel=\"attachment wp-att-6671\"><img loading=\"lazy\" decoding=\"async\" class=\"aligncenter wp-image-6671\" src=\"https:\/\/cigandse.hu\/wp-content\/uploads\/2025\/09\/sedve-300x203.png\" alt=\"\" width=\"800\" height=\"541\" srcset=\"https:\/\/cigandse.hu\/wp-content\/uploads\/2025\/09\/sedve-300x203.png 300w, https:\/\/cigandse.hu\/wp-content\/uploads\/2025\/09\/sedve-1024x693.png 1024w, https:\/\/cigandse.hu\/wp-content\/uploads\/2025\/09\/sedve-768x520.png 768w, https:\/\/cigandse.hu\/wp-content\/uploads\/2025\/09\/sedve-128x87.png 128w, https:\/\/cigandse.hu\/wp-content\/uploads\/2025\/09\/sedve-32x22.png 32w, https:\/\/cigandse.hu\/wp-content\/uploads\/2025\/09\/sedve.png 1255w\" sizes=\"auto, (max-width: 800px) 100vw, 800px\" \/><\/a><\/p>\n<h3>Megtartotta a 2025\/2026-\u00f6s szezon nyit\u00f3\u00e9rtekezlet\u00e9t egyes\u00fclet\u00fcnk, a k\u00f6rzet\u00e9be tartoz\u00f3 grassroots klubok k\u00e9pvisel\u0151i sz\u00e1m\u00e1ra.<\/h3>\n<p>A nyit\u00f3\u00e9rtekezletet Cs\u00e1ki Tam\u00e1s, k\u00f6rzetk\u00f6zpont-vezet\u0151 nyitotta meg, aki az U7 \u00e9s U9-es fesztiv\u00e1lok, valamint az U11-es torn\u00e1k elm\u00falt egy \u00e9v\u00e9nek tapasztalatait k\u00f6zvet\u00edtette a r\u00e9sztvev\u0151k fel\u00e9, illetve az MLSZ \u00e1ltali \u00faj\u00edt\u00e1sokat ismertette, amelyek k\u00f6zvetlen\u00fcl \u00e9rintik a fesztiv\u00e1lok, torn\u00e1k lebonyol\u00edt\u00e1s\u00e1t \u00e9s megszervez\u00e9s\u00e9t. \u00daj grassroots klubk\u00e9nt nevezett k\u00f6rzet\u00fcnkbe, a Mobil DSE Dombr\u00e1d, az Ajak VSC \u00e9s a Komor\u00f3 SE.\u00a0A tavalyi \u00e9vben elind\u00edtott k\u00f6rzeti szakmai nap programsorozata folytat\u00f3dik az \u0151sz folyam\u00e1n, amelyet klubunk tart az \u00e9rintett grassroots csapatok r\u00e9szv\u00e9tel\u00e9vel. V\u00e9gezet\u00fcl Nagy D\u00e1vid, operat\u00edv vezet\u0151 prezent\u00e1lta az \u00faj szezon technikai r\u00e9szleteit, sportorvosira vonatkoz\u00f3 v\u00e1ltoz\u00e1sait. Az \u00e9rtekezleten jelen volt Hokk \u00c1d\u00e1m, a Szabolcs-Hajd\u00fa v\u00e1rmegyei r\u00e9gi\u00f3 \u00faj klubfejleszt\u00e9sei mentora is. Sok sikert \u00e9s j\u00f3 munk\u00e1t k\u00edv\u00e1nunk minden k\u00f6rzet\u00fcnkbe tartoz\u00f3 grassroots egyes\u00fclet sz\u00e1m\u00e1ra!<\/p>\n","protected":false},"excerpt":{"rendered":"<p>Megtartotta a 2025\/2026-\u00f6s szezon nyit\u00f3\u00e9rtekezlet\u00e9t egyes\u00fclet\u00fcnk, a k\u00f6rzet\u00e9be tartoz\u00f3 grassroots klubok k\u00e9pvisel\u0151i sz\u00e1m\u00e1ra. A nyit\u00f3\u00e9rtekezletet Cs\u00e1ki Tam\u00e1s, k\u00f6rzetk\u00f6zpont-vezet\u0151 nyitotta meg, [&hellip;]<\/p>\n","protected":false},"author":1,"featured_media":6671,"comment_status":"open","ping_status":"open","sticky":false,"template":"","format":"standard","meta":{"_uag_custom_page_level_css":"","footnotes":""},"categories":[3],"tags":[],"class_list":["post-6670","post","type-post","status-publish","format-standard","has-post-thumbnail","hentry","category-hirek"],"yoast_head":"<!-- This site is optimized with the Yoast SEO plugin v25.5 - https:\/\/yoast.com\/wordpress\/plugins\/seo\/ -->\n<title>KK-nyit\u00f3\u00e9rtekezletet tartott egyes\u00fclet\u00fcnk - Cig\u00e1nd Sportegyes\u00fclet hivatalos oldala<\/title>\n<meta name=\"robots\" content=\"index, follow, max-snippet:-1, max-image-preview:large, max-video-preview:-1\" \/>\n<link rel=\"canonical\" href=\"https:\/\/cigandse.hu\/index.php\/2025\/09\/10\/kk-nyitoertekezletet-tartott-egyesuletunk\/\" \/>\n<meta property=\"og:locale\" content=\"hu_HU\" \/>\n<meta property=\"og:type\" content=\"article\" \/>\n<meta property=\"og:title\" content=\"KK-nyit\u00f3\u00e9rtekezletet tartott egyes\u00fclet\u00fcnk - Cig\u00e1nd Sportegyes\u00fclet hivatalos oldala\" \/>\n<meta property=\"og:description\" content=\"Megtartotta a 2025\/2026-\u00f6s szezon nyit\u00f3\u00e9rtekezlet\u00e9t egyes\u00fclet\u00fcnk, a k\u00f6rzet\u00e9be tartoz\u00f3 grassroots klubok k\u00e9pvisel\u0151i sz\u00e1m\u00e1ra. A nyit\u00f3\u00e9rtekezletet Cs\u00e1ki Tam\u00e1s, k\u00f6rzetk\u00f6zpont-vezet\u0151 nyitotta meg, [&hellip;]\" \/>\n<meta property=\"og:url\" content=\"https:\/\/cigandse.hu\/index.php\/2025\/09\/10\/kk-nyitoertekezletet-tartott-egyesuletunk\/\" \/>\n<meta property=\"og:site_name\" content=\"Cig\u00e1nd Sportegyes\u00fclet hivatalos oldala\" \/>\n<meta property=\"article:publisher\" content=\"https:\/\/www.facebook.com\/CigandSportegyesulet\" \/>\n<meta property=\"article:published_time\" content=\"2025-09-10T11:33:19+00:00\" \/>\n<meta property=\"og:image\" content=\"https:\/\/cigandse.hu\/wp-content\/uploads\/2025\/09\/sedve.png\" \/>\n\t<meta property=\"og:image:width\" content=\"1255\" \/>\n\t<meta property=\"og:image:height\" content=\"849\" \/>\n\t<meta property=\"og:image:type\" content=\"image\/png\" \/>\n<meta name=\"author\" content=\"admin\" \/>\n<meta name=\"twitter:card\" content=\"summary_large_image\" \/>\n<meta name=\"twitter:label1\" content=\"Szerz\u0151:\" \/>\n\t<meta name=\"twitter:data1\" content=\"admin\" \/>\n\t<meta name=\"twitter:label2\" content=\"Becs\u00fclt olvas\u00e1si id\u0151\" \/>\n\t<meta name=\"twitter:data2\" content=\"2 perc\" \/>\n<script type=\"application\/ld+json\" class=\"yoast-schema-graph\">{\"@context\":\"https:\/\/schema.org\",\"@graph\":[{\"@type\":\"Article\",\"@id\":\"https:\/\/cigandse.hu\/index.php\/2025\/09\/10\/kk-nyitoertekezletet-tartott-egyesuletunk\/#article\",\"isPartOf\":{\"@id\":\"https:\/\/cigandse.hu\/index.php\/2025\/09\/10\/kk-nyitoertekezletet-tartott-egyesuletunk\/\"},\"author\":{\"name\":\"admin\",\"@id\":\"https:\/\/cigandse.hu\/#\/schema\/person\/98ccf0ab8d41a299cc83f8d4bc3ad158\"},\"headline\":\"KK-nyit\u00f3\u00e9rtekezletet tartott egyes\u00fclet\u00fcnk\",\"datePublished\":\"2025-09-10T11:33:19+00:00\",\"mainEntityOfPage\":{\"@id\":\"https:\/\/cigandse.hu\/index.php\/2025\/09\/10\/kk-nyitoertekezletet-tartott-egyesuletunk\/\"},\"wordCount\":203,\"commentCount\":0,\"publisher\":{\"@id\":\"https:\/\/cigandse.hu\/#organization\"},\"image\":{\"@id\":\"https:\/\/cigandse.hu\/index.php\/2025\/09\/10\/kk-nyitoertekezletet-tartott-egyesuletunk\/#primaryimage\"},\"thumbnailUrl\":\"https:\/\/cigandse.hu\/wp-content\/uploads\/2025\/09\/sedve.png\",\"articleSection\":[\"H\u00edrek\"],\"inLanguage\":\"hu\",\"potentialAction\":[{\"@type\":\"CommentAction\",\"name\":\"Comment\",\"target\":[\"https:\/\/cigandse.hu\/index.php\/2025\/09\/10\/kk-nyitoertekezletet-tartott-egyesuletunk\/#respond\"]}]},{\"@type\":\"WebPage\",\"@id\":\"https:\/\/cigandse.hu\/index.php\/2025\/09\/10\/kk-nyitoertekezletet-tartott-egyesuletunk\/\",\"url\":\"https:\/\/cigandse.hu\/index.php\/2025\/09\/10\/kk-nyitoertekezletet-tartott-egyesuletunk\/\",\"name\":\"KK-nyit\u00f3\u00e9rtekezletet tartott egyes\u00fclet\u00fcnk - Cig\u00e1nd Sportegyes\u00fclet hivatalos oldala\",\"isPartOf\":{\"@id\":\"https:\/\/cigandse.hu\/#website\"},\"primaryImageOfPage\":{\"@id\":\"https:\/\/cigandse.hu\/index.php\/2025\/09\/10\/kk-nyitoertekezletet-tartott-egyesuletunk\/#primaryimage\"},\"image\":{\"@id\":\"https:\/\/cigandse.hu\/index.php\/2025\/09\/10\/kk-nyitoertekezletet-tartott-egyesuletunk\/#primaryimage\"},\"thumbnailUrl\":\"https:\/\/cigandse.hu\/wp-content\/uploads\/2025\/09\/sedve.png\",\"datePublished\":\"2025-09-10T11:33:19+00:00\",\"breadcrumb\":{\"@id\":\"https:\/\/cigandse.hu\/index.php\/2025\/09\/10\/kk-nyitoertekezletet-tartott-egyesuletunk\/#breadcrumb\"},\"inLanguage\":\"hu\",\"potentialAction\":[{\"@type\":\"ReadAction\",\"target\":[\"https:\/\/cigandse.hu\/index.php\/2025\/09\/10\/kk-nyitoertekezletet-tartott-egyesuletunk\/\"]}]},{\"@type\":\"ImageObject\",\"inLanguage\":\"hu\",\"@id\":\"https:\/\/cigandse.hu\/index.php\/2025\/09\/10\/kk-nyitoertekezletet-tartott-egyesuletunk\/#primaryimage\",\"url\":\"https:\/\/cigandse.hu\/wp-content\/uploads\/2025\/09\/sedve.png\",\"contentUrl\":\"https:\/\/cigandse.hu\/wp-content\/uploads\/2025\/09\/sedve.png\",\"width\":1255,\"height\":849},{\"@type\":\"BreadcrumbList\",\"@id\":\"https:\/\/cigandse.hu\/index.php\/2025\/09\/10\/kk-nyitoertekezletet-tartott-egyesuletunk\/#breadcrumb\",\"itemListElement\":[{\"@type\":\"ListItem\",\"position\":1,\"name\":\"Kezd\u0151lap\",\"item\":\"https:\/\/cigandse.hu\/\"},{\"@type\":\"ListItem\",\"position\":2,\"name\":\"KK-nyit\u00f3\u00e9rtekezletet tartott egyes\u00fclet\u00fcnk\"}]},{\"@type\":\"WebSite\",\"@id\":\"https:\/\/cigandse.hu\/#website\",\"url\":\"https:\/\/cigandse.hu\/\",\"name\":\"Cig\u00e1nd Sportegyes\u00fclet hivatalos oldala\",\"description\":\"Cig\u00e1nd Sportegyes\u00fclet hivatalos oldala\",\"publisher\":{\"@id\":\"https:\/\/cigandse.hu\/#organization\"},\"potentialAction\":[{\"@type\":\"SearchAction\",\"target\":{\"@type\":\"EntryPoint\",\"urlTemplate\":\"https:\/\/cigandse.hu\/?s={search_term_string}\"},\"query-input\":{\"@type\":\"PropertyValueSpecification\",\"valueRequired\":true,\"valueName\":\"search_term_string\"}}],\"inLanguage\":\"hu\"},{\"@type\":\"Organization\",\"@id\":\"https:\/\/cigandse.hu\/#organization\",\"name\":\"Cig\u00e1nd Sportegyes\u00fclet\",\"url\":\"https:\/\/cigandse.hu\/\",\"logo\":{\"@type\":\"ImageObject\",\"inLanguage\":\"hu\",\"@id\":\"https:\/\/cigandse.hu\/#\/schema\/logo\/image\/\",\"url\":\"https:\/\/cigandse.hu\/wp-content\/uploads\/2022\/04\/Cigand-SE-cimer-1.jpg\",\"contentUrl\":\"https:\/\/cigandse.hu\/wp-content\/uploads\/2022\/04\/Cigand-SE-cimer-1.jpg\",\"width\":1932,\"height\":2088,\"caption\":\"Cig\u00e1nd Sportegyes\u00fclet\"},\"image\":{\"@id\":\"https:\/\/cigandse.hu\/#\/schema\/logo\/image\/\"},\"sameAs\":[\"https:\/\/www.facebook.com\/CigandSportegyesulet\",\"https:\/\/www.youtube.com\/channel\/UC0prdKj31NqRteZ5J4bGUZw\",\"https:\/\/hu.wikipedia.org\/wiki\/Cig\u00e1nd_SE\"]},{\"@type\":\"Person\",\"@id\":\"https:\/\/cigandse.hu\/#\/schema\/person\/98ccf0ab8d41a299cc83f8d4bc3ad158\",\"name\":\"admin\",\"image\":{\"@type\":\"ImageObject\",\"inLanguage\":\"hu\",\"@id\":\"https:\/\/cigandse.hu\/#\/schema\/person\/image\/\",\"url\":\"https:\/\/secure.gravatar.com\/avatar\/807752e5a26584bf309283b840694667743fc07b907e4db41f77a58fb4b98337?s=96&d=mm&r=g\",\"contentUrl\":\"https:\/\/secure.gravatar.com\/avatar\/807752e5a26584bf309283b840694667743fc07b907e4db41f77a58fb4b98337?s=96&d=mm&r=g\",\"caption\":\"admin\"},\"sameAs\":[\"https:\/\/cigandse.hu\"],\"url\":\"https:\/\/cigandse.hu\/index.php\/author\/terjeksandor\/\"}]}<\/script>\n<!-- \/ Yoast SEO plugin. -->","yoast_head_json":{"title":"KK-nyit\u00f3\u00e9rtekezletet tartott egyes\u00fclet\u00fcnk - Cig\u00e1nd Sportegyes\u00fclet hivatalos oldala","robots":{"index":"index","follow":"follow","max-snippet":"max-snippet:-1","max-image-preview":"max-image-preview:large","max-video-preview":"max-video-preview:-1"},"canonical":"https:\/\/cigandse.hu\/index.php\/2025\/09\/10\/kk-nyitoertekezletet-tartott-egyesuletunk\/","og_locale":"hu_HU","og_type":"article","og_title":"KK-nyit\u00f3\u00e9rtekezletet tartott egyes\u00fclet\u00fcnk - Cig\u00e1nd Sportegyes\u00fclet hivatalos oldala","og_description":"Megtartotta a 2025\/2026-\u00f6s szezon nyit\u00f3\u00e9rtekezlet\u00e9t egyes\u00fclet\u00fcnk, a k\u00f6rzet\u00e9be tartoz\u00f3 grassroots klubok k\u00e9pvisel\u0151i sz\u00e1m\u00e1ra. A nyit\u00f3\u00e9rtekezletet Cs\u00e1ki Tam\u00e1s, k\u00f6rzetk\u00f6zpont-vezet\u0151 nyitotta meg, [&hellip;]","og_url":"https:\/\/cigandse.hu\/index.php\/2025\/09\/10\/kk-nyitoertekezletet-tartott-egyesuletunk\/","og_site_name":"Cig\u00e1nd Sportegyes\u00fclet hivatalos oldala","article_publisher":"https:\/\/www.facebook.com\/CigandSportegyesulet","article_published_time":"2025-09-10T11:33:19+00:00","og_image":[{"width":1255,"height":849,"url":"https:\/\/cigandse.hu\/wp-content\/uploads\/2025\/09\/sedve.png","type":"image\/png"}],"author":"admin","twitter_card":"summary_large_image","twitter_misc":{"Szerz\u0151:":"admin","Becs\u00fclt olvas\u00e1si id\u0151":"2 perc"},"schema":{"@context":"https:\/\/schema.org","@graph":[{"@type":"Article","@id":"https:\/\/cigandse.hu\/index.php\/2025\/09\/10\/kk-nyitoertekezletet-tartott-egyesuletunk\/#article","isPartOf":{"@id":"https:\/\/cigandse.hu\/index.php\/2025\/09\/10\/kk-nyitoertekezletet-tartott-egyesuletunk\/"},"author":{"name":"admin","@id":"https:\/\/cigandse.hu\/#\/schema\/person\/98ccf0ab8d41a299cc83f8d4bc3ad158"},"headline":"KK-nyit\u00f3\u00e9rtekezletet tartott egyes\u00fclet\u00fcnk","datePublished":"2025-09-10T11:33:19+00:00","mainEntityOfPage":{"@id":"https:\/\/cigandse.hu\/index.php\/2025\/09\/10\/kk-nyitoertekezletet-tartott-egyesuletunk\/"},"wordCount":203,"commentCount":0,"publisher":{"@id":"https:\/\/cigandse.hu\/#organization"},"image":{"@id":"https:\/\/cigandse.hu\/index.php\/2025\/09\/10\/kk-nyitoertekezletet-tartott-egyesuletunk\/#primaryimage"},"thumbnailUrl":"https:\/\/cigandse.hu\/wp-content\/uploads\/2025\/09\/sedve.png","articleSection":["H\u00edrek"],"inLanguage":"hu","potentialAction":[{"@type":"CommentAction","name":"Comment","target":["https:\/\/cigandse.hu\/index.php\/2025\/09\/10\/kk-nyitoertekezletet-tartott-egyesuletunk\/#respond"]}]},{"@type":"WebPage","@id":"https:\/\/cigandse.hu\/index.php\/2025\/09\/10\/kk-nyitoertekezletet-tartott-egyesuletunk\/","url":"https:\/\/cigandse.hu\/index.php\/2025\/09\/10\/kk-nyitoertekezletet-tartott-egyesuletunk\/","name":"KK-nyit\u00f3\u00e9rtekezletet tartott egyes\u00fclet\u00fcnk - Cig\u00e1nd Sportegyes\u00fclet hivatalos oldala","isPartOf":{"@id":"https:\/\/cigandse.hu\/#website"},"primaryImageOfPage":{"@id":"https:\/\/cigandse.hu\/index.php\/2025\/09\/10\/kk-nyitoertekezletet-tartott-egyesuletunk\/#primaryimage"},"image":{"@id":"https:\/\/cigandse.hu\/index.php\/2025\/09\/10\/kk-nyitoertekezletet-tartott-egyesuletunk\/#primaryimage"},"thumbnailUrl":"https:\/\/cigandse.hu\/wp-content\/uploads\/2025\/09\/sedve.png","datePublished":"2025-09-10T11:33:19+00:00","breadcrumb":{"@id":"https:\/\/cigandse.hu\/index.php\/2025\/09\/10\/kk-nyitoertekezletet-tartott-egyesuletunk\/#breadcrumb"},"inLanguage":"hu","potentialAction":[{"@type":"ReadAction","target":["https:\/\/cigandse.hu\/index.php\/2025\/09\/10\/kk-nyitoertekezletet-tartott-egyesuletunk\/"]}]},{"@type":"ImageObject","inLanguage":"hu","@id":"https:\/\/cigandse.hu\/index.php\/2025\/09\/10\/kk-nyitoertekezletet-tartott-egyesuletunk\/#primaryimage","url":"https:\/\/cigandse.hu\/wp-content\/uploads\/2025\/09\/sedve.png","contentUrl":"https:\/\/cigandse.hu\/wp-content\/uploads\/2025\/09\/sedve.png","width":1255,"height":849},{"@type":"BreadcrumbList","@id":"https:\/\/cigandse.hu\/index.php\/2025\/09\/10\/kk-nyitoertekezletet-tartott-egyesuletunk\/#breadcrumb","itemListElement":[{"@type":"ListItem","position":1,"name":"Kezd\u0151lap","item":"https:\/\/cigandse.hu\/"},{"@type":"ListItem","position":2,"name":"KK-nyit\u00f3\u00e9rtekezletet tartott egyes\u00fclet\u00fcnk"}]},{"@type":"WebSite","@id":"https:\/\/cigandse.hu\/#website","url":"https:\/\/cigandse.hu\/","name":"Cig\u00e1nd Sportegyes\u00fclet hivatalos oldala","description":"Cig\u00e1nd Sportegyes\u00fclet hivatalos oldala","publisher":{"@id":"https:\/\/cigandse.hu\/#organization"},"potentialAction":[{"@type":"SearchAction","target":{"@type":"EntryPoint","urlTemplate":"https:\/\/cigandse.hu\/?s={search_term_string}"},"query-input":{"@type":"PropertyValueSpecification","valueRequired":true,"valueName":"search_term_string"}}],"inLanguage":"hu"},{"@type":"Organization","@id":"https:\/\/cigandse.hu\/#organization","name":"Cig\u00e1nd Sportegyes\u00fclet","url":"https:\/\/cigandse.hu\/","logo":{"@type":"ImageObject","inLanguage":"hu","@id":"https:\/\/cigandse.hu\/#\/schema\/logo\/image\/","url":"https:\/\/cigandse.hu\/wp-content\/uploads\/2022\/04\/Cigand-SE-cimer-1.jpg","contentUrl":"https:\/\/cigandse.hu\/wp-content\/uploads\/2022\/04\/Cigand-SE-cimer-1.jpg","width":1932,"height":2088,"caption":"Cig\u00e1nd Sportegyes\u00fclet"},"image":{"@id":"https:\/\/cigandse.hu\/#\/schema\/logo\/image\/"},"sameAs":["https:\/\/www.facebook.com\/CigandSportegyesulet","https:\/\/www.youtube.com\/channel\/UC0prdKj31NqRteZ5J4bGUZw","https:\/\/hu.wikipedia.org\/wiki\/Cig\u00e1nd_SE"]},{"@type":"Person","@id":"https:\/\/cigandse.hu\/#\/schema\/person\/98ccf0ab8d41a299cc83f8d4bc3ad158","name":"admin","image":{"@type":"ImageObject","inLanguage":"hu","@id":"https:\/\/cigandse.hu\/#\/schema\/person\/image\/","url":"https:\/\/secure.gravatar.com\/avatar\/807752e5a26584bf309283b840694667743fc07b907e4db41f77a58fb4b98337?s=96&d=mm&r=g","contentUrl":"https:\/\/secure.gravatar.com\/avatar\/807752e5a26584bf309283b840694667743fc07b907e4db41f77a58fb4b98337?s=96&d=mm&r=g","caption":"admin"},"sameAs":["https:\/\/cigandse.hu"],"url":"https:\/\/cigandse.hu\/index.php\/author\/terjeksandor\/"}]}},"uagb_featured_image_src":{"full":["https:\/\/cigandse.hu\/wp-content\/uploads\/2025\/09\/sedve.png",1255,849,false],"thumbnail":["https:\/\/cigandse.hu\/wp-content\/uploads\/2025\/09\/sedve-150x150.png",150,150,true],"medium":["https:\/\/cigandse.hu\/wp-content\/uploads\/2025\/09\/sedve-300x203.png",300,203,true],"medium_large":["https:\/\/cigandse.hu\/wp-content\/uploads\/2025\/09\/sedve-768x520.png",680,460,true],"large":["https:\/\/cigandse.hu\/wp-content\/uploads\/2025\/09\/sedve-1024x693.png",680,460,true],"1536x1536":["https:\/\/cigandse.hu\/wp-content\/uploads\/2025\/09\/sedve.png",1255,849,false],"2048x2048":["https:\/\/cigandse.hu\/wp-content\/uploads\/2025\/09\/sedve.png",1255,849,false],"sportspress-crop-medium":["https:\/\/cigandse.hu\/wp-content\/uploads\/2025\/09\/sedve-300x300.png",300,300,true],"sportspress-fit-medium":["https:\/\/cigandse.hu\/wp-content\/uploads\/2025\/09\/sedve-300x203.png",300,203,true],"sportspress-fit-icon":["https:\/\/cigandse.hu\/wp-content\/uploads\/2025\/09\/sedve-128x87.png",128,87,true],"sportspress-fit-mini":["https:\/\/cigandse.hu\/wp-content\/uploads\/2025\/09\/sedve-32x22.png",32,22,true]},"uagb_author_info":{"display_name":"admin","author_link":"https:\/\/cigandse.hu\/index.php\/author\/terjeksandor\/"},"uagb_comment_info":2,"uagb_excerpt":"Megtartotta a 2025\/2026-\u00f6s szezon nyit\u00f3\u00e9rtekezlet\u00e9t egyes\u00fclet\u00fcnk, a k\u00f6rzet\u00e9be tartoz\u00f3 grassroots klubok k\u00e9pvisel\u0151i sz\u00e1m\u00e1ra. A nyit\u00f3\u00e9rtekezletet Cs\u00e1ki Tam\u00e1s, k\u00f6rzetk\u00f6zpont-vezet\u0151 nyitotta meg, [&hellip;]","_links":{"self":[{"href":"https:\/\/cigandse.hu\/index.php\/wp-json\/wp\/v2\/posts\/6670","targetHints":{"allow":["GET"]}}],"collection":[{"href":"https:\/\/cigandse.hu\/index.php\/wp-json\/wp\/v2\/posts"}],"about":[{"href":"https:\/\/cigandse.hu\/index.php\/wp-json\/wp\/v2\/types\/post"}],"author":[{"embeddable":true,"href":"https:\/\/cigandse.hu\/index.php\/wp-json\/wp\/v2\/users\/1"}],"replies":[{"embeddable":true,"href":"https:\/\/cigandse.hu\/index.php\/wp-json\/wp\/v2\/comments?post=6670"}],"version-history":[{"count":2,"href":"https:\/\/cigandse.hu\/index.php\/wp-json\/wp\/v2\/posts\/6670\/revisions"}],"predecessor-version":[{"id":6673,"href":"https:\/\/cigandse.hu\/index.php\/wp-json\/wp\/v2\/posts\/6670\/revisions\/6673"}],"wp:featuredmedia":[{"embeddable":true,"href":"https:\/\/cigandse.hu\/index.php\/wp-json\/wp\/v2\/media\/6671"}],"wp:attachment":[{"href":"https:\/\/cigandse.hu\/index.php\/wp-json\/wp\/v2\/media?parent=6670"}],"wp:term":[{"taxonomy":"category","embeddable":true,"href":"https:\/\/cigandse.hu\/index.php\/wp-json\/wp\/v2\/categories?post=6670"},{"taxonomy":"post_tag","embeddable":true,"href":"https:\/\/cigandse.hu\/index.php\/wp-json\/wp\/v2\/tags?post=6670"}],"curies":[{"name":"wp","href":"https:\/\/api.w.org\/{rel}","templated":true}]}}