{"id":6865,"date":"2025-10-21T10:25:10","date_gmt":"2025-10-21T08:25:10","guid":{"rendered":"https:\/\/cigandse.hu\/?p=6865"},"modified":"2025-10-21T16:46:11","modified_gmt":"2025-10-21T14:46:11","slug":"u12-es-kezilabdas-lanyaink-ujra-bajnoki-merkozeseken-szerepeltek","status":"publish","type":"post","link":"https:\/\/cigandse.hu\/index.php\/2025\/10\/21\/u12-es-kezilabdas-lanyaink-ujra-bajnoki-merkozeseken-szerepeltek\/","title":{"rendered":"U12-es k\u00e9zilabd\u00e1s l\u00e1nyaink \u00fajra bajnoki m\u00e9rk\u0151z\u00e9seken szerepeltek"},"content":{"rendered":"<p><a href=\"https:\/\/cigandse.hu\/index.php\/2025\/10\/21\/u12-es-kezilabdas-lanyaink-ujra-bajnoki-merkozeseken-szerepeltek\/kezie\/#main\" rel=\"attachment wp-att-6866\"><img loading=\"lazy\" decoding=\"async\" class=\"aligncenter wp-image-6866\" src=\"https:\/\/cigandse.hu\/wp-content\/uploads\/2025\/10\/kezie-300x194.jpg\" alt=\"\" width=\"800\" height=\"517\" srcset=\"https:\/\/cigandse.hu\/wp-content\/uploads\/2025\/10\/kezie-300x194.jpg 300w, https:\/\/cigandse.hu\/wp-content\/uploads\/2025\/10\/kezie-1024x661.jpg 1024w, https:\/\/cigandse.hu\/wp-content\/uploads\/2025\/10\/kezie-768x496.jpg 768w, https:\/\/cigandse.hu\/wp-content\/uploads\/2025\/10\/kezie-1536x992.jpg 1536w, https:\/\/cigandse.hu\/wp-content\/uploads\/2025\/10\/kezie-128x83.jpg 128w, https:\/\/cigandse.hu\/wp-content\/uploads\/2025\/10\/kezie-32x21.jpg 32w, https:\/\/cigandse.hu\/wp-content\/uploads\/2025\/10\/kezie.jpg 1740w\" sizes=\"auto, (max-width: 800px) 100vw, 800px\" \/><\/a><\/p>\n<h3>Kem\u00e9ny m\u00e9rk\u0151z\u00e9sek Ny\u00edrpazonyban, Hajd\u00fa\u2013Bihar v\u00e1rmegyei ellenfelekkel.<\/h3>\n<p><strong>Megkezd\u0151d\u00f6tt az U12-es koroszt\u00e1ly bajnoks\u00e1ga. K\u00e9t nagyon er\u0151s ellenf\u00e9llel m\u00e9rk\u0151z\u00f6tt meg csapatunk, akik k\u00e9pzett \u00e9s kem\u00e9ny vet\u00e9lyt\u00e1rsaknak bizonyultak. <\/strong><\/p>\n<p><strong>Ablonczyn\u00e9 Gy\u00fcre Henrietta, edz\u0151:<\/strong> \u2013 A bajnoks\u00e1g kezdet\u00e9n a m\u00e9rk\u0151z\u00e9sek mindig nehezek, k\u00fcl\u00f6n\u00f6sen ilyen er\u0151s csapatok mellett. A KE Balmaz\u00fajv\u00e1ros ellen mindent beleadtunk, \u00e9s a l\u00e1nyok val\u00f3ban kihozt\u00e1k magukb\u00f3l a maximumot. B\u00e1r az ellenf\u00e9l technikailag \u00e9s fizikailag is jobb volt, a csapatunk k\u00fczd\u00f6tt, \u00e9s pr\u00f3b\u00e1lta a legjobbat ny\u00fajtani. Az eredm\u00e9ny ugyan nem a mi gy\u0151zelm\u00fcnket hozta, de a l\u00e1nyok lend\u00fclete \u00e9s elsz\u00e1nts\u00e1ga dics\u00e9retet \u00e9rdemel. A m\u00e1sodik m\u00e9rk\u0151z\u00e9s\u00fcnk\u00f6n a Balmaz\u00fajv\u00e1rosi LKSE m\u00e9g nagyobb kih\u00edv\u00e1s el\u00e9 \u00e1ll\u00edtott minket. A l\u00e1nyok m\u00e1r f\u00e1radtabbak voltak, \u00e9s az ellenf\u00e9l j\u00e1t\u00e9k ereje is tov\u00e1bb er\u0151s\u00f6d\u00f6tt. Sajnos a szerencse sem \u00e1llt mellett\u00fcnk, \u00edgy f\u00f6l\u00e9nyesen nyert az ellenf\u00e9l. Mindezek ellen\u00e9re a csapat hozz\u00e1\u00e1ll\u00e1sa p\u00e9lda\u00e9rt\u00e9k\u0171 volt: nem adt\u00e1k fel, kitartottak, pr\u00f3b\u00e1lkoztak, k\u00fczd\u00f6ttek minden pillanatban. Tudjuk, hogy fejl\u0151d\u00e9s\u00fcnk \u00fatja hossz\u00fa \u00e9s kitart\u00f3 munk\u00e1t ig\u00e9nyel. Bizakod\u00e1ssal tekint\u00fcnk a tov\u00e1bbi feladatok el\u00e9, nem kesered\u00fcnk el a neh\u00e9zs\u00e9geken, hanem motiv\u00e1ltan dolgozunk tov\u00e1bb, hiszen minden l\u00e9p\u00e9s k\u00f6zelebb visz a fejl\u0151d\u00e9shez. A l\u00e1nyok p\u00e9ld\u00e1t mutattak k\u00fczdeni akar\u00e1sb\u00f3l, \u00e9s ez a hozz\u00e1\u00e1ll\u00e1s minden edz\u0151 sz\u00e1m\u00e1ra b\u00fcszkes\u00e9g, nem elfeledve, hogy mi m\u00e9g mindig egy kezd\u0151 k\u00e9zilabda szakoszt\u00e1ly vagyunk. Hajr\u00e1 Cig\u00e1nd!<\/p>\n","protected":false},"excerpt":{"rendered":"<p>Kem\u00e9ny m\u00e9rk\u0151z\u00e9sek Ny\u00edrpazonyban, Hajd\u00fa\u2013Bihar v\u00e1rmegyei ellenfelekkel. Megkezd\u0151d\u00f6tt az U12-es koroszt\u00e1ly bajnoks\u00e1ga. K\u00e9t nagyon er\u0151s ellenf\u00e9llel m\u00e9rk\u0151z\u00f6tt meg csapatunk, akik k\u00e9pzett [&hellip;]<\/p>\n","protected":false},"author":1,"featured_media":6866,"comment_status":"open","ping_status":"open","sticky":false,"template":"","format":"standard","meta":{"_uag_custom_page_level_css":"","footnotes":""},"categories":[3],"tags":[],"class_list":["post-6865","post","type-post","status-publish","format-standard","has-post-thumbnail","hentry","category-hirek"],"yoast_head":"<!-- This site is optimized with the Yoast SEO plugin v25.5 - https:\/\/yoast.com\/wordpress\/plugins\/seo\/ -->\n<title>U12-es k\u00e9zilabd\u00e1s l\u00e1nyaink \u00fajra bajnoki m\u00e9rk\u0151z\u00e9seken szerepeltek - Cig\u00e1nd Sportegyes\u00fclet hivatalos oldala<\/title>\n<meta name=\"robots\" content=\"index, follow, max-snippet:-1, max-image-preview:large, max-video-preview:-1\" \/>\n<link rel=\"canonical\" href=\"https:\/\/cigandse.hu\/index.php\/2025\/10\/21\/u12-es-kezilabdas-lanyaink-ujra-bajnoki-merkozeseken-szerepeltek\/\" \/>\n<meta property=\"og:locale\" content=\"hu_HU\" \/>\n<meta property=\"og:type\" content=\"article\" \/>\n<meta property=\"og:title\" content=\"U12-es k\u00e9zilabd\u00e1s l\u00e1nyaink \u00fajra bajnoki m\u00e9rk\u0151z\u00e9seken szerepeltek - Cig\u00e1nd Sportegyes\u00fclet hivatalos oldala\" \/>\n<meta property=\"og:description\" content=\"Kem\u00e9ny m\u00e9rk\u0151z\u00e9sek Ny\u00edrpazonyban, Hajd\u00fa\u2013Bihar v\u00e1rmegyei ellenfelekkel. Megkezd\u0151d\u00f6tt az U12-es koroszt\u00e1ly bajnoks\u00e1ga. K\u00e9t nagyon er\u0151s ellenf\u00e9llel m\u00e9rk\u0151z\u00f6tt meg csapatunk, akik k\u00e9pzett [&hellip;]\" \/>\n<meta property=\"og:url\" content=\"https:\/\/cigandse.hu\/index.php\/2025\/10\/21\/u12-es-kezilabdas-lanyaink-ujra-bajnoki-merkozeseken-szerepeltek\/\" \/>\n<meta property=\"og:site_name\" content=\"Cig\u00e1nd Sportegyes\u00fclet hivatalos oldala\" \/>\n<meta property=\"article:publisher\" content=\"https:\/\/www.facebook.com\/CigandSportegyesulet\" \/>\n<meta property=\"article:published_time\" content=\"2025-10-21T08:25:10+00:00\" \/>\n<meta property=\"article:modified_time\" content=\"2025-10-21T14:46:11+00:00\" \/>\n<meta property=\"og:image\" content=\"https:\/\/cigandse.hu\/wp-content\/uploads\/2025\/10\/kezie.jpg\" \/>\n\t<meta property=\"og:image:width\" content=\"1740\" \/>\n\t<meta property=\"og:image:height\" content=\"1124\" \/>\n\t<meta property=\"og:image:type\" content=\"image\/jpeg\" \/>\n<meta name=\"author\" content=\"admin\" \/>\n<meta name=\"twitter:card\" content=\"summary_large_image\" \/>\n<meta name=\"twitter:label1\" content=\"Szerz\u0151:\" \/>\n\t<meta name=\"twitter:data1\" content=\"admin\" \/>\n\t<meta name=\"twitter:label2\" content=\"Becs\u00fclt olvas\u00e1si id\u0151\" \/>\n\t<meta name=\"twitter:data2\" content=\"2 perc\" \/>\n<script type=\"application\/ld+json\" class=\"yoast-schema-graph\">{\"@context\":\"https:\/\/schema.org\",\"@graph\":[{\"@type\":\"Article\",\"@id\":\"https:\/\/cigandse.hu\/index.php\/2025\/10\/21\/u12-es-kezilabdas-lanyaink-ujra-bajnoki-merkozeseken-szerepeltek\/#article\",\"isPartOf\":{\"@id\":\"https:\/\/cigandse.hu\/index.php\/2025\/10\/21\/u12-es-kezilabdas-lanyaink-ujra-bajnoki-merkozeseken-szerepeltek\/\"},\"author\":{\"name\":\"admin\",\"@id\":\"https:\/\/cigandse.hu\/#\/schema\/person\/98ccf0ab8d41a299cc83f8d4bc3ad158\"},\"headline\":\"U12-es k\u00e9zilabd\u00e1s l\u00e1nyaink \u00fajra bajnoki m\u00e9rk\u0151z\u00e9seken szerepeltek\",\"datePublished\":\"2025-10-21T08:25:10+00:00\",\"dateModified\":\"2025-10-21T14:46:11+00:00\",\"mainEntityOfPage\":{\"@id\":\"https:\/\/cigandse.hu\/index.php\/2025\/10\/21\/u12-es-kezilabdas-lanyaink-ujra-bajnoki-merkozeseken-szerepeltek\/\"},\"wordCount\":334,\"commentCount\":0,\"publisher\":{\"@id\":\"https:\/\/cigandse.hu\/#organization\"},\"image\":{\"@id\":\"https:\/\/cigandse.hu\/index.php\/2025\/10\/21\/u12-es-kezilabdas-lanyaink-ujra-bajnoki-merkozeseken-szerepeltek\/#primaryimage\"},\"thumbnailUrl\":\"https:\/\/cigandse.hu\/wp-content\/uploads\/2025\/10\/kezie.jpg\",\"articleSection\":[\"H\u00edrek\"],\"inLanguage\":\"hu\",\"potentialAction\":[{\"@type\":\"CommentAction\",\"name\":\"Comment\",\"target\":[\"https:\/\/cigandse.hu\/index.php\/2025\/10\/21\/u12-es-kezilabdas-lanyaink-ujra-bajnoki-merkozeseken-szerepeltek\/#respond\"]}]},{\"@type\":\"WebPage\",\"@id\":\"https:\/\/cigandse.hu\/index.php\/2025\/10\/21\/u12-es-kezilabdas-lanyaink-ujra-bajnoki-merkozeseken-szerepeltek\/\",\"url\":\"https:\/\/cigandse.hu\/index.php\/2025\/10\/21\/u12-es-kezilabdas-lanyaink-ujra-bajnoki-merkozeseken-szerepeltek\/\",\"name\":\"U12-es k\u00e9zilabd\u00e1s l\u00e1nyaink \u00fajra bajnoki m\u00e9rk\u0151z\u00e9seken szerepeltek - Cig\u00e1nd Sportegyes\u00fclet hivatalos oldala\",\"isPartOf\":{\"@id\":\"https:\/\/cigandse.hu\/#website\"},\"primaryImageOfPage\":{\"@id\":\"https:\/\/cigandse.hu\/index.php\/2025\/10\/21\/u12-es-kezilabdas-lanyaink-ujra-bajnoki-merkozeseken-szerepeltek\/#primaryimage\"},\"image\":{\"@id\":\"https:\/\/cigandse.hu\/index.php\/2025\/10\/21\/u12-es-kezilabdas-lanyaink-ujra-bajnoki-merkozeseken-szerepeltek\/#primaryimage\"},\"thumbnailUrl\":\"https:\/\/cigandse.hu\/wp-content\/uploads\/2025\/10\/kezie.jpg\",\"datePublished\":\"2025-10-21T08:25:10+00:00\",\"dateModified\":\"2025-10-21T14:46:11+00:00\",\"breadcrumb\":{\"@id\":\"https:\/\/cigandse.hu\/index.php\/2025\/10\/21\/u12-es-kezilabdas-lanyaink-ujra-bajnoki-merkozeseken-szerepeltek\/#breadcrumb\"},\"inLanguage\":\"hu\",\"potentialAction\":[{\"@type\":\"ReadAction\",\"target\":[\"https:\/\/cigandse.hu\/index.php\/2025\/10\/21\/u12-es-kezilabdas-lanyaink-ujra-bajnoki-merkozeseken-szerepeltek\/\"]}]},{\"@type\":\"ImageObject\",\"inLanguage\":\"hu\",\"@id\":\"https:\/\/cigandse.hu\/index.php\/2025\/10\/21\/u12-es-kezilabdas-lanyaink-ujra-bajnoki-merkozeseken-szerepeltek\/#primaryimage\",\"url\":\"https:\/\/cigandse.hu\/wp-content\/uploads\/2025\/10\/kezie.jpg\",\"contentUrl\":\"https:\/\/cigandse.hu\/wp-content\/uploads\/2025\/10\/kezie.jpg\",\"width\":1740,\"height\":1124},{\"@type\":\"BreadcrumbList\",\"@id\":\"https:\/\/cigandse.hu\/index.php\/2025\/10\/21\/u12-es-kezilabdas-lanyaink-ujra-bajnoki-merkozeseken-szerepeltek\/#breadcrumb\",\"itemListElement\":[{\"@type\":\"ListItem\",\"position\":1,\"name\":\"Kezd\u0151lap\",\"item\":\"https:\/\/cigandse.hu\/\"},{\"@type\":\"ListItem\",\"position\":2,\"name\":\"U12-es k\u00e9zilabd\u00e1s l\u00e1nyaink \u00fajra bajnoki m\u00e9rk\u0151z\u00e9seken szerepeltek\"}]},{\"@type\":\"WebSite\",\"@id\":\"https:\/\/cigandse.hu\/#website\",\"url\":\"https:\/\/cigandse.hu\/\",\"name\":\"Cig\u00e1nd Sportegyes\u00fclet hivatalos oldala\",\"description\":\"Cig\u00e1nd Sportegyes\u00fclet hivatalos oldala\",\"publisher\":{\"@id\":\"https:\/\/cigandse.hu\/#organization\"},\"potentialAction\":[{\"@type\":\"SearchAction\",\"target\":{\"@type\":\"EntryPoint\",\"urlTemplate\":\"https:\/\/cigandse.hu\/?s={search_term_string}\"},\"query-input\":{\"@type\":\"PropertyValueSpecification\",\"valueRequired\":true,\"valueName\":\"search_term_string\"}}],\"inLanguage\":\"hu\"},{\"@type\":\"Organization\",\"@id\":\"https:\/\/cigandse.hu\/#organization\",\"name\":\"Cig\u00e1nd Sportegyes\u00fclet\",\"url\":\"https:\/\/cigandse.hu\/\",\"logo\":{\"@type\":\"ImageObject\",\"inLanguage\":\"hu\",\"@id\":\"https:\/\/cigandse.hu\/#\/schema\/logo\/image\/\",\"url\":\"https:\/\/cigandse.hu\/wp-content\/uploads\/2022\/04\/Cigand-SE-cimer-1.jpg\",\"contentUrl\":\"https:\/\/cigandse.hu\/wp-content\/uploads\/2022\/04\/Cigand-SE-cimer-1.jpg\",\"width\":1932,\"height\":2088,\"caption\":\"Cig\u00e1nd Sportegyes\u00fclet\"},\"image\":{\"@id\":\"https:\/\/cigandse.hu\/#\/schema\/logo\/image\/\"},\"sameAs\":[\"https:\/\/www.facebook.com\/CigandSportegyesulet\",\"https:\/\/www.youtube.com\/channel\/UC0prdKj31NqRteZ5J4bGUZw\",\"https:\/\/hu.wikipedia.org\/wiki\/Cig\u00e1nd_SE\"]},{\"@type\":\"Person\",\"@id\":\"https:\/\/cigandse.hu\/#\/schema\/person\/98ccf0ab8d41a299cc83f8d4bc3ad158\",\"name\":\"admin\",\"image\":{\"@type\":\"ImageObject\",\"inLanguage\":\"hu\",\"@id\":\"https:\/\/cigandse.hu\/#\/schema\/person\/image\/\",\"url\":\"https:\/\/secure.gravatar.com\/avatar\/807752e5a26584bf309283b840694667743fc07b907e4db41f77a58fb4b98337?s=96&d=mm&r=g\",\"contentUrl\":\"https:\/\/secure.gravatar.com\/avatar\/807752e5a26584bf309283b840694667743fc07b907e4db41f77a58fb4b98337?s=96&d=mm&r=g\",\"caption\":\"admin\"},\"sameAs\":[\"https:\/\/cigandse.hu\"],\"url\":\"https:\/\/cigandse.hu\/index.php\/author\/terjeksandor\/\"}]}<\/script>\n<!-- \/ Yoast SEO plugin. -->","yoast_head_json":{"title":"U12-es k\u00e9zilabd\u00e1s l\u00e1nyaink \u00fajra bajnoki m\u00e9rk\u0151z\u00e9seken szerepeltek - Cig\u00e1nd Sportegyes\u00fclet hivatalos oldala","robots":{"index":"index","follow":"follow","max-snippet":"max-snippet:-1","max-image-preview":"max-image-preview:large","max-video-preview":"max-video-preview:-1"},"canonical":"https:\/\/cigandse.hu\/index.php\/2025\/10\/21\/u12-es-kezilabdas-lanyaink-ujra-bajnoki-merkozeseken-szerepeltek\/","og_locale":"hu_HU","og_type":"article","og_title":"U12-es k\u00e9zilabd\u00e1s l\u00e1nyaink \u00fajra bajnoki m\u00e9rk\u0151z\u00e9seken szerepeltek - Cig\u00e1nd Sportegyes\u00fclet hivatalos oldala","og_description":"Kem\u00e9ny m\u00e9rk\u0151z\u00e9sek Ny\u00edrpazonyban, Hajd\u00fa\u2013Bihar v\u00e1rmegyei ellenfelekkel. Megkezd\u0151d\u00f6tt az U12-es koroszt\u00e1ly bajnoks\u00e1ga. K\u00e9t nagyon er\u0151s ellenf\u00e9llel m\u00e9rk\u0151z\u00f6tt meg csapatunk, akik k\u00e9pzett [&hellip;]","og_url":"https:\/\/cigandse.hu\/index.php\/2025\/10\/21\/u12-es-kezilabdas-lanyaink-ujra-bajnoki-merkozeseken-szerepeltek\/","og_site_name":"Cig\u00e1nd Sportegyes\u00fclet hivatalos oldala","article_publisher":"https:\/\/www.facebook.com\/CigandSportegyesulet","article_published_time":"2025-10-21T08:25:10+00:00","article_modified_time":"2025-10-21T14:46:11+00:00","og_image":[{"width":1740,"height":1124,"url":"https:\/\/cigandse.hu\/wp-content\/uploads\/2025\/10\/kezie.jpg","type":"image\/jpeg"}],"author":"admin","twitter_card":"summary_large_image","twitter_misc":{"Szerz\u0151:":"admin","Becs\u00fclt olvas\u00e1si id\u0151":"2 perc"},"schema":{"@context":"https:\/\/schema.org","@graph":[{"@type":"Article","@id":"https:\/\/cigandse.hu\/index.php\/2025\/10\/21\/u12-es-kezilabdas-lanyaink-ujra-bajnoki-merkozeseken-szerepeltek\/#article","isPartOf":{"@id":"https:\/\/cigandse.hu\/index.php\/2025\/10\/21\/u12-es-kezilabdas-lanyaink-ujra-bajnoki-merkozeseken-szerepeltek\/"},"author":{"name":"admin","@id":"https:\/\/cigandse.hu\/#\/schema\/person\/98ccf0ab8d41a299cc83f8d4bc3ad158"},"headline":"U12-es k\u00e9zilabd\u00e1s l\u00e1nyaink \u00fajra bajnoki m\u00e9rk\u0151z\u00e9seken szerepeltek","datePublished":"2025-10-21T08:25:10+00:00","dateModified":"2025-10-21T14:46:11+00:00","mainEntityOfPage":{"@id":"https:\/\/cigandse.hu\/index.php\/2025\/10\/21\/u12-es-kezilabdas-lanyaink-ujra-bajnoki-merkozeseken-szerepeltek\/"},"wordCount":334,"commentCount":0,"publisher":{"@id":"https:\/\/cigandse.hu\/#organization"},"image":{"@id":"https:\/\/cigandse.hu\/index.php\/2025\/10\/21\/u12-es-kezilabdas-lanyaink-ujra-bajnoki-merkozeseken-szerepeltek\/#primaryimage"},"thumbnailUrl":"https:\/\/cigandse.hu\/wp-content\/uploads\/2025\/10\/kezie.jpg","articleSection":["H\u00edrek"],"inLanguage":"hu","potentialAction":[{"@type":"CommentAction","name":"Comment","target":["https:\/\/cigandse.hu\/index.php\/2025\/10\/21\/u12-es-kezilabdas-lanyaink-ujra-bajnoki-merkozeseken-szerepeltek\/#respond"]}]},{"@type":"WebPage","@id":"https:\/\/cigandse.hu\/index.php\/2025\/10\/21\/u12-es-kezilabdas-lanyaink-ujra-bajnoki-merkozeseken-szerepeltek\/","url":"https:\/\/cigandse.hu\/index.php\/2025\/10\/21\/u12-es-kezilabdas-lanyaink-ujra-bajnoki-merkozeseken-szerepeltek\/","name":"U12-es k\u00e9zilabd\u00e1s l\u00e1nyaink \u00fajra bajnoki m\u00e9rk\u0151z\u00e9seken szerepeltek - Cig\u00e1nd Sportegyes\u00fclet hivatalos oldala","isPartOf":{"@id":"https:\/\/cigandse.hu\/#website"},"primaryImageOfPage":{"@id":"https:\/\/cigandse.hu\/index.php\/2025\/10\/21\/u12-es-kezilabdas-lanyaink-ujra-bajnoki-merkozeseken-szerepeltek\/#primaryimage"},"image":{"@id":"https:\/\/cigandse.hu\/index.php\/2025\/10\/21\/u12-es-kezilabdas-lanyaink-ujra-bajnoki-merkozeseken-szerepeltek\/#primaryimage"},"thumbnailUrl":"https:\/\/cigandse.hu\/wp-content\/uploads\/2025\/10\/kezie.jpg","datePublished":"2025-10-21T08:25:10+00:00","dateModified":"2025-10-21T14:46:11+00:00","breadcrumb":{"@id":"https:\/\/cigandse.hu\/index.php\/2025\/10\/21\/u12-es-kezilabdas-lanyaink-ujra-bajnoki-merkozeseken-szerepeltek\/#breadcrumb"},"inLanguage":"hu","potentialAction":[{"@type":"ReadAction","target":["https:\/\/cigandse.hu\/index.php\/2025\/10\/21\/u12-es-kezilabdas-lanyaink-ujra-bajnoki-merkozeseken-szerepeltek\/"]}]},{"@type":"ImageObject","inLanguage":"hu","@id":"https:\/\/cigandse.hu\/index.php\/2025\/10\/21\/u12-es-kezilabdas-lanyaink-ujra-bajnoki-merkozeseken-szerepeltek\/#primaryimage","url":"https:\/\/cigandse.hu\/wp-content\/uploads\/2025\/10\/kezie.jpg","contentUrl":"https:\/\/cigandse.hu\/wp-content\/uploads\/2025\/10\/kezie.jpg","width":1740,"height":1124},{"@type":"BreadcrumbList","@id":"https:\/\/cigandse.hu\/index.php\/2025\/10\/21\/u12-es-kezilabdas-lanyaink-ujra-bajnoki-merkozeseken-szerepeltek\/#breadcrumb","itemListElement":[{"@type":"ListItem","position":1,"name":"Kezd\u0151lap","item":"https:\/\/cigandse.hu\/"},{"@type":"ListItem","position":2,"name":"U12-es k\u00e9zilabd\u00e1s l\u00e1nyaink \u00fajra bajnoki m\u00e9rk\u0151z\u00e9seken szerepeltek"}]},{"@type":"WebSite","@id":"https:\/\/cigandse.hu\/#website","url":"https:\/\/cigandse.hu\/","name":"Cig\u00e1nd Sportegyes\u00fclet hivatalos oldala","description":"Cig\u00e1nd Sportegyes\u00fclet hivatalos oldala","publisher":{"@id":"https:\/\/cigandse.hu\/#organization"},"potentialAction":[{"@type":"SearchAction","target":{"@type":"EntryPoint","urlTemplate":"https:\/\/cigandse.hu\/?s={search_term_string}"},"query-input":{"@type":"PropertyValueSpecification","valueRequired":true,"valueName":"search_term_string"}}],"inLanguage":"hu"},{"@type":"Organization","@id":"https:\/\/cigandse.hu\/#organization","name":"Cig\u00e1nd Sportegyes\u00fclet","url":"https:\/\/cigandse.hu\/","logo":{"@type":"ImageObject","inLanguage":"hu","@id":"https:\/\/cigandse.hu\/#\/schema\/logo\/image\/","url":"https:\/\/cigandse.hu\/wp-content\/uploads\/2022\/04\/Cigand-SE-cimer-1.jpg","contentUrl":"https:\/\/cigandse.hu\/wp-content\/uploads\/2022\/04\/Cigand-SE-cimer-1.jpg","width":1932,"height":2088,"caption":"Cig\u00e1nd Sportegyes\u00fclet"},"image":{"@id":"https:\/\/cigandse.hu\/#\/schema\/logo\/image\/"},"sameAs":["https:\/\/www.facebook.com\/CigandSportegyesulet","https:\/\/www.youtube.com\/channel\/UC0prdKj31NqRteZ5J4bGUZw","https:\/\/hu.wikipedia.org\/wiki\/Cig\u00e1nd_SE"]},{"@type":"Person","@id":"https:\/\/cigandse.hu\/#\/schema\/person\/98ccf0ab8d41a299cc83f8d4bc3ad158","name":"admin","image":{"@type":"ImageObject","inLanguage":"hu","@id":"https:\/\/cigandse.hu\/#\/schema\/person\/image\/","url":"https:\/\/secure.gravatar.com\/avatar\/807752e5a26584bf309283b840694667743fc07b907e4db41f77a58fb4b98337?s=96&d=mm&r=g","contentUrl":"https:\/\/secure.gravatar.com\/avatar\/807752e5a26584bf309283b840694667743fc07b907e4db41f77a58fb4b98337?s=96&d=mm&r=g","caption":"admin"},"sameAs":["https:\/\/cigandse.hu"],"url":"https:\/\/cigandse.hu\/index.php\/author\/terjeksandor\/"}]}},"uagb_featured_image_src":{"full":["https:\/\/cigandse.hu\/wp-content\/uploads\/2025\/10\/kezie.jpg",1740,1124,false],"thumbnail":["https:\/\/cigandse.hu\/wp-content\/uploads\/2025\/10\/kezie-150x150.jpg",150,150,true],"medium":["https:\/\/cigandse.hu\/wp-content\/uploads\/2025\/10\/kezie-300x194.jpg",300,194,true],"medium_large":["https:\/\/cigandse.hu\/wp-content\/uploads\/2025\/10\/kezie-768x496.jpg",680,439,true],"large":["https:\/\/cigandse.hu\/wp-content\/uploads\/2025\/10\/kezie-1024x661.jpg",680,439,true],"1536x1536":["https:\/\/cigandse.hu\/wp-content\/uploads\/2025\/10\/kezie-1536x992.jpg",1536,992,true],"2048x2048":["https:\/\/cigandse.hu\/wp-content\/uploads\/2025\/10\/kezie.jpg",1740,1124,false],"sportspress-crop-medium":["https:\/\/cigandse.hu\/wp-content\/uploads\/2025\/10\/kezie-300x300.jpg",300,300,true],"sportspress-fit-medium":["https:\/\/cigandse.hu\/wp-content\/uploads\/2025\/10\/kezie-300x194.jpg",300,194,true],"sportspress-fit-icon":["https:\/\/cigandse.hu\/wp-content\/uploads\/2025\/10\/kezie-128x83.jpg",128,83,true],"sportspress-fit-mini":["https:\/\/cigandse.hu\/wp-content\/uploads\/2025\/10\/kezie-32x21.jpg",32,21,true]},"uagb_author_info":{"display_name":"admin","author_link":"https:\/\/cigandse.hu\/index.php\/author\/terjeksandor\/"},"uagb_comment_info":0,"uagb_excerpt":"Kem\u00e9ny m\u00e9rk\u0151z\u00e9sek Ny\u00edrpazonyban, Hajd\u00fa\u2013Bihar v\u00e1rmegyei ellenfelekkel. Megkezd\u0151d\u00f6tt az U12-es koroszt\u00e1ly bajnoks\u00e1ga. K\u00e9t nagyon er\u0151s ellenf\u00e9llel m\u00e9rk\u0151z\u00f6tt meg csapatunk, akik k\u00e9pzett [&hellip;]","_links":{"self":[{"href":"https:\/\/cigandse.hu\/index.php\/wp-json\/wp\/v2\/posts\/6865","targetHints":{"allow":["GET"]}}],"collection":[{"href":"https:\/\/cigandse.hu\/index.php\/wp-json\/wp\/v2\/posts"}],"about":[{"href":"https:\/\/cigandse.hu\/index.php\/wp-json\/wp\/v2\/types\/post"}],"author":[{"embeddable":true,"href":"https:\/\/cigandse.hu\/index.php\/wp-json\/wp\/v2\/users\/1"}],"replies":[{"embeddable":true,"href":"https:\/\/cigandse.hu\/index.php\/wp-json\/wp\/v2\/comments?post=6865"}],"version-history":[{"count":4,"href":"https:\/\/cigandse.hu\/index.php\/wp-json\/wp\/v2\/posts\/6865\/revisions"}],"predecessor-version":[{"id":6870,"href":"https:\/\/cigandse.hu\/index.php\/wp-json\/wp\/v2\/posts\/6865\/revisions\/6870"}],"wp:featuredmedia":[{"embeddable":true,"href":"https:\/\/cigandse.hu\/index.php\/wp-json\/wp\/v2\/media\/6866"}],"wp:attachment":[{"href":"https:\/\/cigandse.hu\/index.php\/wp-json\/wp\/v2\/media?parent=6865"}],"wp:term":[{"taxonomy":"category","embeddable":true,"href":"https:\/\/cigandse.hu\/index.php\/wp-json\/wp\/v2\/categories?post=6865"},{"taxonomy":"post_tag","embeddable":true,"href":"https:\/\/cigandse.hu\/index.php\/wp-json\/wp\/v2\/tags?post=6865"}],"curies":[{"name":"wp","href":"https:\/\/api.w.org\/{rel}","templated":true}]}}