{"id":7076,"date":"2025-12-13T21:40:57","date_gmt":"2025-12-13T20:40:57","guid":{"rendered":"https:\/\/cigandse.hu\/?p=7076"},"modified":"2025-12-13T21:40:57","modified_gmt":"2025-12-13T20:40:57","slug":"debreceni-teremtornan-szerepeltek","status":"publish","type":"post","link":"https:\/\/cigandse.hu\/index.php\/2025\/12\/13\/debreceni-teremtornan-szerepeltek\/","title":{"rendered":"Debreceni teremtorn\u00e1n szerepeltek"},"content":{"rendered":"<p><a href=\"https:\/\/cigandse.hu\/index.php\/2025\/12\/13\/debreceni-teremtornan-szerepeltek\/595983850_1383655953455414_118996777433891876_n\/#main\" rel=\"attachment wp-att-7077\"><img loading=\"lazy\" decoding=\"async\" class=\"aligncenter wp-image-7077\" src=\"https:\/\/cigandse.hu\/wp-content\/uploads\/2025\/12\/595983850_1383655953455414_118996777433891876_n-300x220.jpg\" alt=\"\" width=\"800\" height=\"586\" srcset=\"https:\/\/cigandse.hu\/wp-content\/uploads\/2025\/12\/595983850_1383655953455414_118996777433891876_n-300x220.jpg 300w, https:\/\/cigandse.hu\/wp-content\/uploads\/2025\/12\/595983850_1383655953455414_118996777433891876_n-1024x751.jpg 1024w, https:\/\/cigandse.hu\/wp-content\/uploads\/2025\/12\/595983850_1383655953455414_118996777433891876_n-768x563.jpg 768w, https:\/\/cigandse.hu\/wp-content\/uploads\/2025\/12\/595983850_1383655953455414_118996777433891876_n-1536x1126.jpg 1536w, https:\/\/cigandse.hu\/wp-content\/uploads\/2025\/12\/595983850_1383655953455414_118996777433891876_n-128x94.jpg 128w, https:\/\/cigandse.hu\/wp-content\/uploads\/2025\/12\/595983850_1383655953455414_118996777433891876_n-32x23.jpg 32w, https:\/\/cigandse.hu\/wp-content\/uploads\/2025\/12\/595983850_1383655953455414_118996777433891876_n.jpg 2048w\" sizes=\"auto, (max-width: 800px) 100vw, 800px\" \/><\/a><\/p>\n<h3>A debreceni Olasz Focisuli \u00e1ltal rendezett k\u00e9tnapos Mikul\u00e1s-kup\u00e1n vett r\u00e9szt U12-es koroszt\u00e1lyunk, ahol k\u00e9t csapattal k\u00e9pviselt\u00e9k egyes\u00fclet\u00fcnket.<\/h3>\n<p><b><i><u>STIHL 35. MIKUL\u00c1S KUPA, DEBRECEN<\/u><\/i><\/b><\/p>\n<p><b>Eredm\u00e9nyek. <\/b><b>Csoportm\u00e9rk\u0151z\u00e9sek: <\/b><\/p>\n<p><b>\u201eC&#8221; csoport: Cig\u00e1nd SE \u201ek\u00e9k&#8221;<\/b>\u2013Szanda Focisuli 0\u20130, \u2013Sz\u00e1zhalombattai VUK SE 1\u20132, \u2013Olasz Focisuli \u201epiros&#8221; 2\u20136, \u2013Nagykov\u00e1csi SE 1-3. <b>STIHL kupa:<\/b> <b>Cig\u00e1nd SE \u201ek\u00e9k&#8221;<\/b>\u2013Olasz Focisuli \u201efekete&#8221; 6-0, \u2013Loki Focisuli 1-0, \u2013Ny\u00edrb\u00e1tor 0\u20130.<\/p>\n<p><b>\u201eD&#8221; csoport: Cig\u00e1nd SE \u201ez\u00f6ld&#8221;<\/b>\u2013Juventus Bihar 0\u20130, \u2013Olasz Focisuli \u201efekete&#8221; 1-0, \u2013Piliscsaba SE 2\u20134, \u2013\u00c9rdi VSE 1\u20133. <b>MMS kupa:<\/b> <b>Cig\u00e1nd SE \u201ez\u00f6ld&#8221;<\/b>\u2013Szanda Focisuli 2-1, \u2013FC Rad \u201eB&#8221; 0-0, \u2013FC Rad \u201eA&#8221; 0\u20134.<\/p>\n<p><strong>F\u00e1bi\u00e1n Istv\u00e1n, edz\u0151:<\/strong> \u2013 A program remek lehet\u0151s\u00e9get adott arra, hogy a gyerekek ne csak m\u00e9rk\u0151z\u00e9shelyzetben fejl\u0151djenek, hanem k\u00f6z\u00f6ss\u00e9gk\u00e9nt is m\u00e9g jobban \u00f6sszekov\u00e1csol\u00f3djanak. Az els\u0151 napon mindk\u00e9t csapatunk n\u00e9gy-n\u00e9gy m\u00e9rk\u0151z\u00e9st j\u00e1tszott, \u00e9s m\u00e1r ekkor l\u00e1tszott, hogy a sr\u00e1cok elsz\u00e1ntan, nagy akarattal \u00e1llnak bele minden m\u00e9rk\u0151z\u00e9sbe. Er\u0151s, szervezett ellenfelekkel tal\u00e1lkoztunk, \u00edgy kiv\u00e1l\u00f3 alkalom ad\u00f3dott arra, hogy felm\u00e9rj\u00fck, hol tartunk. Minden m\u00e9rk\u0151z\u00e9sen helyt \u00e1lltak a gyerekek, fegyelmezetten j\u00e1tszottak, \u00e9s igyekeztek megval\u00f3s\u00edtani mindazt, amit az edz\u00e9seken gyakorolunk. A nap lez\u00e1r\u00e1sak\u00e9nt ell\u00e1togattunk a kar\u00e1csonyi v\u00e1s\u00e1rba, ahol a k\u00f6z\u00f6s forr\u00f3csokiz\u00e1s, a besz\u00e9lget\u00e9sek \u00e9s a j\u00f3 hangulat tov\u00e1bb er\u0151s\u00edtette a csapatkoh\u00e9zi\u00f3t. Ez a k\u00f6z\u00f6s program nagyszer\u0171 levezet\u00e9s volt, \u00e9s olyan \u00e9lm\u00e9nyt adott a gyerekeknek, amelyre m\u00e9g sok\u00e1ig sz\u00edvesen fognak visszaeml\u00e9kezni. A m\u00e1sodik napon \u00fajabb h\u00e1rom-h\u00e1rom m\u00e9rk\u0151z\u00e9s v\u00e1rt r\u00e1nk. A sr\u00e1cok f\u00e1radtak voltak ugyan, de tov\u00e1bbra is nagy lelkesed\u00e9ssel v\u00e1gtak neki a m\u00e9rk\u0151z\u00e9seknek. A hat m\u00e9rk\u0151z\u00e9sb\u0151l mind\u00f6ssze egyet vesz\u00edtettek el, ami j\u00f3l mutatja, hogy az el\u0151z\u0151 napi terhel\u00e9s ellen\u00e9re is kiv\u00e1l\u00f3an teljes\u00edtettek. A torn\u00e1n ism\u00e9t er\u0151s ellenfelekkel tal\u00e1lkoztunk, \u00e9s a gyerekek minden alkalommal igyekeztek bizony\u00edtani, megmutatni, hogy mire k\u00e9pesek. A hozz\u00e1\u00e1ll\u00e1suk p\u00e9ldamutat\u00f3 volt, minden helyzetben oda tett\u00e9k magukat, egym\u00e1st biztatt\u00e1k, \u00e9s csapatk\u00e9nt m\u0171k\u00f6dtek egy\u00fctt. \u00d6sszess\u00e9g\u00e9ben ez a k\u00e9t nap nemcsak sportszakmai szempontb\u00f3l volt hasznos, hanem kiv\u00e1l\u00f3 csapat\u00e9p\u00edt\u0151 \u00e9lm\u00e9ny is lett. A gyerekek rengeteg tapasztalatot szereztek, k\u00f6zben pedig j\u00f3l \u00e9rezt\u00e9k magukat, sok k\u00f6z\u00f6s eml\u00e9kkel gazdagodtak. Biztosak vagyunk benne, hogy ezek az \u00e9lm\u00e9nyek \u00e9s m\u00e9rk\u0151z\u00e9sek tov\u00e1bb er\u0151s\u00edtik \u0151ket, \u00e9s hozz\u00e1j\u00e1rulnak ahhoz, hogy m\u00e9g egys\u00e9gesebb \u00e9s m\u00e9g jobb k\u00f6z\u00f6ss\u00e9get alkossanak.<\/p>\n<p><a href=\"https:\/\/cigandse.hu\/index.php\/2025\/12\/13\/debreceni-teremtornan-szerepeltek\/590866764_1383655036788839_7062373801763676971_n\/#main\" rel=\"attachment wp-att-7078\"><img loading=\"lazy\" decoding=\"async\" class=\"aligncenter wp-image-7078\" src=\"https:\/\/cigandse.hu\/wp-content\/uploads\/2025\/12\/590866764_1383655036788839_7062373801763676971_n-300x151.jpg\" alt=\"\" width=\"800\" height=\"403\" srcset=\"https:\/\/cigandse.hu\/wp-content\/uploads\/2025\/12\/590866764_1383655036788839_7062373801763676971_n-300x151.jpg 300w, https:\/\/cigandse.hu\/wp-content\/uploads\/2025\/12\/590866764_1383655036788839_7062373801763676971_n-1024x516.jpg 1024w, https:\/\/cigandse.hu\/wp-content\/uploads\/2025\/12\/590866764_1383655036788839_7062373801763676971_n-768x387.jpg 768w, https:\/\/cigandse.hu\/wp-content\/uploads\/2025\/12\/590866764_1383655036788839_7062373801763676971_n-1536x773.jpg 1536w, https:\/\/cigandse.hu\/wp-content\/uploads\/2025\/12\/590866764_1383655036788839_7062373801763676971_n-128x64.jpg 128w, https:\/\/cigandse.hu\/wp-content\/uploads\/2025\/12\/590866764_1383655036788839_7062373801763676971_n-32x16.jpg 32w, https:\/\/cigandse.hu\/wp-content\/uploads\/2025\/12\/590866764_1383655036788839_7062373801763676971_n.jpg 2048w\" sizes=\"auto, (max-width: 800px) 100vw, 800px\" \/><\/a><\/p>\n","protected":false},"excerpt":{"rendered":"<p>A debreceni Olasz Focisuli \u00e1ltal rendezett k\u00e9tnapos Mikul\u00e1s-kup\u00e1n vett r\u00e9szt U12-es koroszt\u00e1lyunk, ahol k\u00e9t csapattal k\u00e9pviselt\u00e9k egyes\u00fclet\u00fcnket. STIHL 35. MIKUL\u00c1S [&hellip;]<\/p>\n","protected":false},"author":1,"featured_media":7077,"comment_status":"open","ping_status":"open","sticky":false,"template":"","format":"standard","meta":{"_uag_custom_page_level_css":"","footnotes":""},"categories":[3],"tags":[],"class_list":["post-7076","post","type-post","status-publish","format-standard","has-post-thumbnail","hentry","category-hirek"],"yoast_head":"<!-- This site is optimized with the Yoast SEO plugin v25.5 - https:\/\/yoast.com\/wordpress\/plugins\/seo\/ -->\n<title>Debreceni teremtorn\u00e1n szerepeltek - Cig\u00e1nd Sportegyes\u00fclet hivatalos oldala<\/title>\n<meta name=\"robots\" content=\"index, follow, max-snippet:-1, max-image-preview:large, max-video-preview:-1\" \/>\n<link rel=\"canonical\" href=\"https:\/\/cigandse.hu\/index.php\/2025\/12\/13\/debreceni-teremtornan-szerepeltek\/\" \/>\n<meta property=\"og:locale\" content=\"hu_HU\" \/>\n<meta property=\"og:type\" content=\"article\" \/>\n<meta property=\"og:title\" content=\"Debreceni teremtorn\u00e1n szerepeltek - Cig\u00e1nd Sportegyes\u00fclet hivatalos oldala\" \/>\n<meta property=\"og:description\" content=\"A debreceni Olasz Focisuli \u00e1ltal rendezett k\u00e9tnapos Mikul\u00e1s-kup\u00e1n vett r\u00e9szt U12-es koroszt\u00e1lyunk, ahol k\u00e9t csapattal k\u00e9pviselt\u00e9k egyes\u00fclet\u00fcnket. STIHL 35. MIKUL\u00c1S [&hellip;]\" \/>\n<meta property=\"og:url\" content=\"https:\/\/cigandse.hu\/index.php\/2025\/12\/13\/debreceni-teremtornan-szerepeltek\/\" \/>\n<meta property=\"og:site_name\" content=\"Cig\u00e1nd Sportegyes\u00fclet hivatalos oldala\" \/>\n<meta property=\"article:publisher\" content=\"https:\/\/www.facebook.com\/CigandSportegyesulet\" \/>\n<meta property=\"article:published_time\" content=\"2025-12-13T20:40:57+00:00\" \/>\n<meta property=\"og:image\" content=\"https:\/\/cigandse.hu\/wp-content\/uploads\/2025\/12\/595983850_1383655953455414_118996777433891876_n.jpg\" \/>\n\t<meta property=\"og:image:width\" content=\"2048\" \/>\n\t<meta property=\"og:image:height\" content=\"1501\" \/>\n\t<meta property=\"og:image:type\" content=\"image\/jpeg\" \/>\n<meta name=\"author\" content=\"admin\" \/>\n<meta name=\"twitter:card\" content=\"summary_large_image\" \/>\n<meta name=\"twitter:label1\" content=\"Szerz\u0151:\" \/>\n\t<meta name=\"twitter:data1\" content=\"admin\" \/>\n\t<meta name=\"twitter:label2\" content=\"Becs\u00fclt olvas\u00e1si id\u0151\" \/>\n\t<meta name=\"twitter:data2\" content=\"3 perc\" \/>\n<script type=\"application\/ld+json\" class=\"yoast-schema-graph\">{\"@context\":\"https:\/\/schema.org\",\"@graph\":[{\"@type\":\"Article\",\"@id\":\"https:\/\/cigandse.hu\/index.php\/2025\/12\/13\/debreceni-teremtornan-szerepeltek\/#article\",\"isPartOf\":{\"@id\":\"https:\/\/cigandse.hu\/index.php\/2025\/12\/13\/debreceni-teremtornan-szerepeltek\/\"},\"author\":{\"name\":\"admin\",\"@id\":\"https:\/\/cigandse.hu\/#\/schema\/person\/98ccf0ab8d41a299cc83f8d4bc3ad158\"},\"headline\":\"Debreceni teremtorn\u00e1n szerepeltek\",\"datePublished\":\"2025-12-13T20:40:57+00:00\",\"mainEntityOfPage\":{\"@id\":\"https:\/\/cigandse.hu\/index.php\/2025\/12\/13\/debreceni-teremtornan-szerepeltek\/\"},\"wordCount\":496,\"commentCount\":0,\"publisher\":{\"@id\":\"https:\/\/cigandse.hu\/#organization\"},\"image\":{\"@id\":\"https:\/\/cigandse.hu\/index.php\/2025\/12\/13\/debreceni-teremtornan-szerepeltek\/#primaryimage\"},\"thumbnailUrl\":\"https:\/\/cigandse.hu\/wp-content\/uploads\/2025\/12\/595983850_1383655953455414_118996777433891876_n.jpg\",\"articleSection\":[\"H\u00edrek\"],\"inLanguage\":\"hu\",\"potentialAction\":[{\"@type\":\"CommentAction\",\"name\":\"Comment\",\"target\":[\"https:\/\/cigandse.hu\/index.php\/2025\/12\/13\/debreceni-teremtornan-szerepeltek\/#respond\"]}]},{\"@type\":\"WebPage\",\"@id\":\"https:\/\/cigandse.hu\/index.php\/2025\/12\/13\/debreceni-teremtornan-szerepeltek\/\",\"url\":\"https:\/\/cigandse.hu\/index.php\/2025\/12\/13\/debreceni-teremtornan-szerepeltek\/\",\"name\":\"Debreceni teremtorn\u00e1n szerepeltek - Cig\u00e1nd Sportegyes\u00fclet hivatalos oldala\",\"isPartOf\":{\"@id\":\"https:\/\/cigandse.hu\/#website\"},\"primaryImageOfPage\":{\"@id\":\"https:\/\/cigandse.hu\/index.php\/2025\/12\/13\/debreceni-teremtornan-szerepeltek\/#primaryimage\"},\"image\":{\"@id\":\"https:\/\/cigandse.hu\/index.php\/2025\/12\/13\/debreceni-teremtornan-szerepeltek\/#primaryimage\"},\"thumbnailUrl\":\"https:\/\/cigandse.hu\/wp-content\/uploads\/2025\/12\/595983850_1383655953455414_118996777433891876_n.jpg\",\"datePublished\":\"2025-12-13T20:40:57+00:00\",\"breadcrumb\":{\"@id\":\"https:\/\/cigandse.hu\/index.php\/2025\/12\/13\/debreceni-teremtornan-szerepeltek\/#breadcrumb\"},\"inLanguage\":\"hu\",\"potentialAction\":[{\"@type\":\"ReadAction\",\"target\":[\"https:\/\/cigandse.hu\/index.php\/2025\/12\/13\/debreceni-teremtornan-szerepeltek\/\"]}]},{\"@type\":\"ImageObject\",\"inLanguage\":\"hu\",\"@id\":\"https:\/\/cigandse.hu\/index.php\/2025\/12\/13\/debreceni-teremtornan-szerepeltek\/#primaryimage\",\"url\":\"https:\/\/cigandse.hu\/wp-content\/uploads\/2025\/12\/595983850_1383655953455414_118996777433891876_n.jpg\",\"contentUrl\":\"https:\/\/cigandse.hu\/wp-content\/uploads\/2025\/12\/595983850_1383655953455414_118996777433891876_n.jpg\",\"width\":2048,\"height\":1501},{\"@type\":\"BreadcrumbList\",\"@id\":\"https:\/\/cigandse.hu\/index.php\/2025\/12\/13\/debreceni-teremtornan-szerepeltek\/#breadcrumb\",\"itemListElement\":[{\"@type\":\"ListItem\",\"position\":1,\"name\":\"Kezd\u0151lap\",\"item\":\"https:\/\/cigandse.hu\/\"},{\"@type\":\"ListItem\",\"position\":2,\"name\":\"Debreceni teremtorn\u00e1n szerepeltek\"}]},{\"@type\":\"WebSite\",\"@id\":\"https:\/\/cigandse.hu\/#website\",\"url\":\"https:\/\/cigandse.hu\/\",\"name\":\"Cig\u00e1nd Sportegyes\u00fclet hivatalos oldala\",\"description\":\"Cig\u00e1nd Sportegyes\u00fclet hivatalos oldala\",\"publisher\":{\"@id\":\"https:\/\/cigandse.hu\/#organization\"},\"potentialAction\":[{\"@type\":\"SearchAction\",\"target\":{\"@type\":\"EntryPoint\",\"urlTemplate\":\"https:\/\/cigandse.hu\/?s={search_term_string}\"},\"query-input\":{\"@type\":\"PropertyValueSpecification\",\"valueRequired\":true,\"valueName\":\"search_term_string\"}}],\"inLanguage\":\"hu\"},{\"@type\":\"Organization\",\"@id\":\"https:\/\/cigandse.hu\/#organization\",\"name\":\"Cig\u00e1nd Sportegyes\u00fclet\",\"url\":\"https:\/\/cigandse.hu\/\",\"logo\":{\"@type\":\"ImageObject\",\"inLanguage\":\"hu\",\"@id\":\"https:\/\/cigandse.hu\/#\/schema\/logo\/image\/\",\"url\":\"https:\/\/cigandse.hu\/wp-content\/uploads\/2022\/04\/Cigand-SE-cimer-1.jpg\",\"contentUrl\":\"https:\/\/cigandse.hu\/wp-content\/uploads\/2022\/04\/Cigand-SE-cimer-1.jpg\",\"width\":1932,\"height\":2088,\"caption\":\"Cig\u00e1nd Sportegyes\u00fclet\"},\"image\":{\"@id\":\"https:\/\/cigandse.hu\/#\/schema\/logo\/image\/\"},\"sameAs\":[\"https:\/\/www.facebook.com\/CigandSportegyesulet\",\"https:\/\/www.youtube.com\/channel\/UC0prdKj31NqRteZ5J4bGUZw\",\"https:\/\/hu.wikipedia.org\/wiki\/Cig\u00e1nd_SE\"]},{\"@type\":\"Person\",\"@id\":\"https:\/\/cigandse.hu\/#\/schema\/person\/98ccf0ab8d41a299cc83f8d4bc3ad158\",\"name\":\"admin\",\"image\":{\"@type\":\"ImageObject\",\"inLanguage\":\"hu\",\"@id\":\"https:\/\/cigandse.hu\/#\/schema\/person\/image\/\",\"url\":\"https:\/\/secure.gravatar.com\/avatar\/807752e5a26584bf309283b840694667743fc07b907e4db41f77a58fb4b98337?s=96&d=mm&r=g\",\"contentUrl\":\"https:\/\/secure.gravatar.com\/avatar\/807752e5a26584bf309283b840694667743fc07b907e4db41f77a58fb4b98337?s=96&d=mm&r=g\",\"caption\":\"admin\"},\"sameAs\":[\"https:\/\/cigandse.hu\"],\"url\":\"https:\/\/cigandse.hu\/index.php\/author\/terjeksandor\/\"}]}<\/script>\n<!-- \/ Yoast SEO plugin. -->","yoast_head_json":{"title":"Debreceni teremtorn\u00e1n szerepeltek - Cig\u00e1nd Sportegyes\u00fclet hivatalos oldala","robots":{"index":"index","follow":"follow","max-snippet":"max-snippet:-1","max-image-preview":"max-image-preview:large","max-video-preview":"max-video-preview:-1"},"canonical":"https:\/\/cigandse.hu\/index.php\/2025\/12\/13\/debreceni-teremtornan-szerepeltek\/","og_locale":"hu_HU","og_type":"article","og_title":"Debreceni teremtorn\u00e1n szerepeltek - Cig\u00e1nd Sportegyes\u00fclet hivatalos oldala","og_description":"A debreceni Olasz Focisuli \u00e1ltal rendezett k\u00e9tnapos Mikul\u00e1s-kup\u00e1n vett r\u00e9szt U12-es koroszt\u00e1lyunk, ahol k\u00e9t csapattal k\u00e9pviselt\u00e9k egyes\u00fclet\u00fcnket. STIHL 35. MIKUL\u00c1S [&hellip;]","og_url":"https:\/\/cigandse.hu\/index.php\/2025\/12\/13\/debreceni-teremtornan-szerepeltek\/","og_site_name":"Cig\u00e1nd Sportegyes\u00fclet hivatalos oldala","article_publisher":"https:\/\/www.facebook.com\/CigandSportegyesulet","article_published_time":"2025-12-13T20:40:57+00:00","og_image":[{"width":2048,"height":1501,"url":"https:\/\/cigandse.hu\/wp-content\/uploads\/2025\/12\/595983850_1383655953455414_118996777433891876_n.jpg","type":"image\/jpeg"}],"author":"admin","twitter_card":"summary_large_image","twitter_misc":{"Szerz\u0151:":"admin","Becs\u00fclt olvas\u00e1si id\u0151":"3 perc"},"schema":{"@context":"https:\/\/schema.org","@graph":[{"@type":"Article","@id":"https:\/\/cigandse.hu\/index.php\/2025\/12\/13\/debreceni-teremtornan-szerepeltek\/#article","isPartOf":{"@id":"https:\/\/cigandse.hu\/index.php\/2025\/12\/13\/debreceni-teremtornan-szerepeltek\/"},"author":{"name":"admin","@id":"https:\/\/cigandse.hu\/#\/schema\/person\/98ccf0ab8d41a299cc83f8d4bc3ad158"},"headline":"Debreceni teremtorn\u00e1n szerepeltek","datePublished":"2025-12-13T20:40:57+00:00","mainEntityOfPage":{"@id":"https:\/\/cigandse.hu\/index.php\/2025\/12\/13\/debreceni-teremtornan-szerepeltek\/"},"wordCount":496,"commentCount":0,"publisher":{"@id":"https:\/\/cigandse.hu\/#organization"},"image":{"@id":"https:\/\/cigandse.hu\/index.php\/2025\/12\/13\/debreceni-teremtornan-szerepeltek\/#primaryimage"},"thumbnailUrl":"https:\/\/cigandse.hu\/wp-content\/uploads\/2025\/12\/595983850_1383655953455414_118996777433891876_n.jpg","articleSection":["H\u00edrek"],"inLanguage":"hu","potentialAction":[{"@type":"CommentAction","name":"Comment","target":["https:\/\/cigandse.hu\/index.php\/2025\/12\/13\/debreceni-teremtornan-szerepeltek\/#respond"]}]},{"@type":"WebPage","@id":"https:\/\/cigandse.hu\/index.php\/2025\/12\/13\/debreceni-teremtornan-szerepeltek\/","url":"https:\/\/cigandse.hu\/index.php\/2025\/12\/13\/debreceni-teremtornan-szerepeltek\/","name":"Debreceni teremtorn\u00e1n szerepeltek - Cig\u00e1nd Sportegyes\u00fclet hivatalos oldala","isPartOf":{"@id":"https:\/\/cigandse.hu\/#website"},"primaryImageOfPage":{"@id":"https:\/\/cigandse.hu\/index.php\/2025\/12\/13\/debreceni-teremtornan-szerepeltek\/#primaryimage"},"image":{"@id":"https:\/\/cigandse.hu\/index.php\/2025\/12\/13\/debreceni-teremtornan-szerepeltek\/#primaryimage"},"thumbnailUrl":"https:\/\/cigandse.hu\/wp-content\/uploads\/2025\/12\/595983850_1383655953455414_118996777433891876_n.jpg","datePublished":"2025-12-13T20:40:57+00:00","breadcrumb":{"@id":"https:\/\/cigandse.hu\/index.php\/2025\/12\/13\/debreceni-teremtornan-szerepeltek\/#breadcrumb"},"inLanguage":"hu","potentialAction":[{"@type":"ReadAction","target":["https:\/\/cigandse.hu\/index.php\/2025\/12\/13\/debreceni-teremtornan-szerepeltek\/"]}]},{"@type":"ImageObject","inLanguage":"hu","@id":"https:\/\/cigandse.hu\/index.php\/2025\/12\/13\/debreceni-teremtornan-szerepeltek\/#primaryimage","url":"https:\/\/cigandse.hu\/wp-content\/uploads\/2025\/12\/595983850_1383655953455414_118996777433891876_n.jpg","contentUrl":"https:\/\/cigandse.hu\/wp-content\/uploads\/2025\/12\/595983850_1383655953455414_118996777433891876_n.jpg","width":2048,"height":1501},{"@type":"BreadcrumbList","@id":"https:\/\/cigandse.hu\/index.php\/2025\/12\/13\/debreceni-teremtornan-szerepeltek\/#breadcrumb","itemListElement":[{"@type":"ListItem","position":1,"name":"Kezd\u0151lap","item":"https:\/\/cigandse.hu\/"},{"@type":"ListItem","position":2,"name":"Debreceni teremtorn\u00e1n szerepeltek"}]},{"@type":"WebSite","@id":"https:\/\/cigandse.hu\/#website","url":"https:\/\/cigandse.hu\/","name":"Cig\u00e1nd Sportegyes\u00fclet hivatalos oldala","description":"Cig\u00e1nd Sportegyes\u00fclet hivatalos oldala","publisher":{"@id":"https:\/\/cigandse.hu\/#organization"},"potentialAction":[{"@type":"SearchAction","target":{"@type":"EntryPoint","urlTemplate":"https:\/\/cigandse.hu\/?s={search_term_string}"},"query-input":{"@type":"PropertyValueSpecification","valueRequired":true,"valueName":"search_term_string"}}],"inLanguage":"hu"},{"@type":"Organization","@id":"https:\/\/cigandse.hu\/#organization","name":"Cig\u00e1nd Sportegyes\u00fclet","url":"https:\/\/cigandse.hu\/","logo":{"@type":"ImageObject","inLanguage":"hu","@id":"https:\/\/cigandse.hu\/#\/schema\/logo\/image\/","url":"https:\/\/cigandse.hu\/wp-content\/uploads\/2022\/04\/Cigand-SE-cimer-1.jpg","contentUrl":"https:\/\/cigandse.hu\/wp-content\/uploads\/2022\/04\/Cigand-SE-cimer-1.jpg","width":1932,"height":2088,"caption":"Cig\u00e1nd Sportegyes\u00fclet"},"image":{"@id":"https:\/\/cigandse.hu\/#\/schema\/logo\/image\/"},"sameAs":["https:\/\/www.facebook.com\/CigandSportegyesulet","https:\/\/www.youtube.com\/channel\/UC0prdKj31NqRteZ5J4bGUZw","https:\/\/hu.wikipedia.org\/wiki\/Cig\u00e1nd_SE"]},{"@type":"Person","@id":"https:\/\/cigandse.hu\/#\/schema\/person\/98ccf0ab8d41a299cc83f8d4bc3ad158","name":"admin","image":{"@type":"ImageObject","inLanguage":"hu","@id":"https:\/\/cigandse.hu\/#\/schema\/person\/image\/","url":"https:\/\/secure.gravatar.com\/avatar\/807752e5a26584bf309283b840694667743fc07b907e4db41f77a58fb4b98337?s=96&d=mm&r=g","contentUrl":"https:\/\/secure.gravatar.com\/avatar\/807752e5a26584bf309283b840694667743fc07b907e4db41f77a58fb4b98337?s=96&d=mm&r=g","caption":"admin"},"sameAs":["https:\/\/cigandse.hu"],"url":"https:\/\/cigandse.hu\/index.php\/author\/terjeksandor\/"}]}},"uagb_featured_image_src":{"full":["https:\/\/cigandse.hu\/wp-content\/uploads\/2025\/12\/595983850_1383655953455414_118996777433891876_n.jpg",2048,1501,false],"thumbnail":["https:\/\/cigandse.hu\/wp-content\/uploads\/2025\/12\/595983850_1383655953455414_118996777433891876_n-150x150.jpg",150,150,true],"medium":["https:\/\/cigandse.hu\/wp-content\/uploads\/2025\/12\/595983850_1383655953455414_118996777433891876_n-300x220.jpg",300,220,true],"medium_large":["https:\/\/cigandse.hu\/wp-content\/uploads\/2025\/12\/595983850_1383655953455414_118996777433891876_n-768x563.jpg",680,498,true],"large":["https:\/\/cigandse.hu\/wp-content\/uploads\/2025\/12\/595983850_1383655953455414_118996777433891876_n-1024x751.jpg",680,499,true],"1536x1536":["https:\/\/cigandse.hu\/wp-content\/uploads\/2025\/12\/595983850_1383655953455414_118996777433891876_n-1536x1126.jpg",1536,1126,true],"2048x2048":["https:\/\/cigandse.hu\/wp-content\/uploads\/2025\/12\/595983850_1383655953455414_118996777433891876_n.jpg",2048,1501,false],"sportspress-crop-medium":["https:\/\/cigandse.hu\/wp-content\/uploads\/2025\/12\/595983850_1383655953455414_118996777433891876_n-300x300.jpg",300,300,true],"sportspress-fit-medium":["https:\/\/cigandse.hu\/wp-content\/uploads\/2025\/12\/595983850_1383655953455414_118996777433891876_n-300x220.jpg",300,220,true],"sportspress-fit-icon":["https:\/\/cigandse.hu\/wp-content\/uploads\/2025\/12\/595983850_1383655953455414_118996777433891876_n-128x94.jpg",128,94,true],"sportspress-fit-mini":["https:\/\/cigandse.hu\/wp-content\/uploads\/2025\/12\/595983850_1383655953455414_118996777433891876_n-32x23.jpg",32,23,true]},"uagb_author_info":{"display_name":"admin","author_link":"https:\/\/cigandse.hu\/index.php\/author\/terjeksandor\/"},"uagb_comment_info":1,"uagb_excerpt":"A debreceni Olasz Focisuli \u00e1ltal rendezett k\u00e9tnapos Mikul\u00e1s-kup\u00e1n vett r\u00e9szt U12-es koroszt\u00e1lyunk, ahol k\u00e9t csapattal k\u00e9pviselt\u00e9k egyes\u00fclet\u00fcnket. STIHL 35. MIKUL\u00c1S [&hellip;]","_links":{"self":[{"href":"https:\/\/cigandse.hu\/index.php\/wp-json\/wp\/v2\/posts\/7076","targetHints":{"allow":["GET"]}}],"collection":[{"href":"https:\/\/cigandse.hu\/index.php\/wp-json\/wp\/v2\/posts"}],"about":[{"href":"https:\/\/cigandse.hu\/index.php\/wp-json\/wp\/v2\/types\/post"}],"author":[{"embeddable":true,"href":"https:\/\/cigandse.hu\/index.php\/wp-json\/wp\/v2\/users\/1"}],"replies":[{"embeddable":true,"href":"https:\/\/cigandse.hu\/index.php\/wp-json\/wp\/v2\/comments?post=7076"}],"version-history":[{"count":2,"href":"https:\/\/cigandse.hu\/index.php\/wp-json\/wp\/v2\/posts\/7076\/revisions"}],"predecessor-version":[{"id":7080,"href":"https:\/\/cigandse.hu\/index.php\/wp-json\/wp\/v2\/posts\/7076\/revisions\/7080"}],"wp:featuredmedia":[{"embeddable":true,"href":"https:\/\/cigandse.hu\/index.php\/wp-json\/wp\/v2\/media\/7077"}],"wp:attachment":[{"href":"https:\/\/cigandse.hu\/index.php\/wp-json\/wp\/v2\/media?parent=7076"}],"wp:term":[{"taxonomy":"category","embeddable":true,"href":"https:\/\/cigandse.hu\/index.php\/wp-json\/wp\/v2\/categories?post=7076"},{"taxonomy":"post_tag","embeddable":true,"href":"https:\/\/cigandse.hu\/index.php\/wp-json\/wp\/v2\/tags?post=7076"}],"curies":[{"name":"wp","href":"https:\/\/api.w.org\/{rel}","templated":true}]}}