{"id":7368,"date":"2026-03-15T12:08:36","date_gmt":"2026-03-15T11:08:36","guid":{"rendered":"https:\/\/cigandse.hu\/?p=7368"},"modified":"2026-03-15T12:46:14","modified_gmt":"2026-03-15T11:46:14","slug":"u16-os-csapatunk-legyozte-a-szazszazalekos-listavezetot","status":"publish","type":"post","link":"https:\/\/cigandse.hu\/index.php\/2026\/03\/15\/u16-os-csapatunk-legyozte-a-szazszazalekos-listavezetot\/","title":{"rendered":"U16-os csapatunk legy\u0151zte a sz\u00e1zsz\u00e1zal\u00e9kos listavezet\u0151t! (EDZ\u0150I \u00c9RT\u00c9KEL\u00c9SSEL)"},"content":{"rendered":"<h3><a href=\"https:\/\/cigandse.hu\/index.php\/2026\/03\/15\/u16-os-csapatunk-legyozte-a-szazszazalekos-listavezetot\/sdara\/#main\" rel=\"attachment wp-att-7369\"><img loading=\"lazy\" decoding=\"async\" class=\"aligncenter wp-image-7369\" src=\"https:\/\/cigandse.hu\/wp-content\/uploads\/2026\/03\/sdara-300x202.jpg\" alt=\"\" width=\"800\" height=\"539\" srcset=\"https:\/\/cigandse.hu\/wp-content\/uploads\/2026\/03\/sdara-300x202.jpg 300w, https:\/\/cigandse.hu\/wp-content\/uploads\/2026\/03\/sdara-1024x690.jpg 1024w, https:\/\/cigandse.hu\/wp-content\/uploads\/2026\/03\/sdara-768x517.jpg 768w, https:\/\/cigandse.hu\/wp-content\/uploads\/2026\/03\/sdara-1536x1035.jpg 1536w, https:\/\/cigandse.hu\/wp-content\/uploads\/2026\/03\/sdara-128x86.jpg 128w, https:\/\/cigandse.hu\/wp-content\/uploads\/2026\/03\/sdara-32x22.jpg 32w, https:\/\/cigandse.hu\/wp-content\/uploads\/2026\/03\/sdara.jpg 1688w\" sizes=\"auto, (max-width: 800px) 100vw, 800px\" \/><\/a><\/h3>\n<h3><strong>MLSZ REGION\u00c1LIS U16 ALAP \u00c9SZAKKELETI CSOPORT, 15. FORDUL\u00d3:\u00a0<\/strong><\/h3>\n<p><strong>CIG\u00c1ND SE\u2013SAJ\u00d3V\u00d6LGYE FOCISULI 4<b>\u20133 (3\u20130)<\/b><\/strong><\/p>\n<p><em>Cig\u00e1nd, Edz\u0151k\u00f6zpont.<\/em><\/p>\n<p><strong>CISE:\u00a0<\/strong>P\u00e1szko <em>\u2013<\/em> P\u00e1sztor A., Kerepesi, Popovics K. (Kraus, 78.), Sz\u00e1raz, Pataky, Lipt\u00e1k K., Kassai Tibor (V\u00e1radi Cs., 60.), Hadh\u00e1zi L. (Fedor, 80.), Iv\u00e1nk\u00f3 M., Luk\u00e1cs L. <strong>Edz\u0151:<\/strong> Paronai Tam\u00e1s<\/p>\n<p><strong>G\u00f3ljaink: <\/strong>Iv\u00e1nk\u00f3 M. (2), Hadh\u00e1zi L., Luk\u00e1cs L.<\/p>\n<p><strong>Paronai Tam\u00e1s:<\/strong>\u00a0<em>\u2013 A m\u00e9rk\u0151z\u00e9s el\u0151tt elmondtam a fi\u00faknak, hogy a gy\u0151zelemhez a szerencsefaktor is mell\u00e9nk kell, hogy \u00e1lljon. Az \u00f6t\u00f6dik percben egy sz\u00f6gletvari\u00e1ci\u00f3 ut\u00e1n megpattan\u00f3 l\u00f6v\u00e9s a jobb als\u00f3 sarokba p\u00f6rg\u00f6tt. A g\u00f3lunk ut\u00e1n az els\u0151 f\u00e9lid\u0151ben olyan teljes\u00edtm\u00e9nyt tett\u00e9k le a fi\u00fak, amit m\u00e9g \u00e9n sem l\u00e1ttam t\u0151l\u00fck! A megbesz\u00e9lt taktik\u00e1t teljes m\u00e9rt\u00e9kben betartott\u00e1k, mindenki maxim\u00e1lis koncentr\u00e1ci\u00f3val j\u00e1tszott, ennek volt k\u00f6sz\u00f6nhet\u0151, h\u00e1romg\u00f3los el\u0151nyb\u0151l v\u00e1rtuk a m\u00e1sodik f\u00e9lid\u0151t. A sz\u00fcnetben felh\u00edvtam a figyelm\u00fcket, hogy ez a m\u00e9rk\u0151z\u00e9s m\u00e9g nincs lefutva. \u00dagy \u00e9rzem, ha a j\u00e1t\u00e9kvezet\u0151 nem ny\u00fal bele egy jogtalan b\u00fcntet\u0151vel, nem kaptunk volna h\u00e1rom g\u00f3lt. \u201eHull\u00e1mvas\u00faton \u00fclt\u00fcnk&#8221; a m\u00e1sodik j\u00e1t\u00e9kr\u00e9szben, de v\u00e9g\u00fcl egy j\u00f3 egy\u00e9ni teljes\u00edtm\u00e9ny ut\u00e1n a legv\u00e9g\u00e9n siker\u00fclt megszerezni a gy\u0151zelmet. \u00d3ri\u00e1si fegyvert\u00e9ny, hogy a veretlen listavezet\u0151, Saj\u00f3v\u00f6lgy\u00e9t siker\u00fclt legy\u0151zni. Hatalmas gratul\u00e1ci\u00f3 a csapat minden tagj\u00e1nak, \u00e9s k\u00f6sz\u00f6nj\u00fck a sz\u00fcl\u0151k, hozz\u00e1tartoz\u00f3k biztat\u00e1s\u00e1t!<\/em><\/p>\n","protected":false},"excerpt":{"rendered":"<p>MLSZ REGION\u00c1LIS U16 ALAP \u00c9SZAKKELETI CSOPORT, 15. FORDUL\u00d3:\u00a0 CIG\u00c1ND SE\u2013SAJ\u00d3V\u00d6LGYE FOCISULI 4\u20133 (3\u20130) Cig\u00e1nd, Edz\u0151k\u00f6zpont. CISE:\u00a0P\u00e1szko \u2013 P\u00e1sztor A., Kerepesi, [&hellip;]<\/p>\n","protected":false},"author":1,"featured_media":7369,"comment_status":"open","ping_status":"open","sticky":false,"template":"","format":"standard","meta":{"_uag_custom_page_level_css":"","footnotes":""},"categories":[3],"tags":[],"class_list":["post-7368","post","type-post","status-publish","format-standard","has-post-thumbnail","hentry","category-hirek"],"yoast_head":"<!-- This site is optimized with the Yoast SEO plugin v25.5 - https:\/\/yoast.com\/wordpress\/plugins\/seo\/ -->\n<title>U16-os csapatunk legy\u0151zte a sz\u00e1zsz\u00e1zal\u00e9kos listavezet\u0151t! (EDZ\u0150I \u00c9RT\u00c9KEL\u00c9SSEL) - Cig\u00e1nd Sportegyes\u00fclet hivatalos oldala<\/title>\n<meta name=\"robots\" content=\"index, follow, max-snippet:-1, max-image-preview:large, max-video-preview:-1\" \/>\n<link rel=\"canonical\" href=\"https:\/\/cigandse.hu\/index.php\/2026\/03\/15\/u16-os-csapatunk-legyozte-a-szazszazalekos-listavezetot\/\" \/>\n<meta property=\"og:locale\" content=\"hu_HU\" \/>\n<meta property=\"og:type\" content=\"article\" \/>\n<meta property=\"og:title\" content=\"U16-os csapatunk legy\u0151zte a sz\u00e1zsz\u00e1zal\u00e9kos listavezet\u0151t! (EDZ\u0150I \u00c9RT\u00c9KEL\u00c9SSEL) - Cig\u00e1nd Sportegyes\u00fclet hivatalos oldala\" \/>\n<meta property=\"og:description\" content=\"MLSZ REGION\u00c1LIS U16 ALAP \u00c9SZAKKELETI CSOPORT, 15. FORDUL\u00d3:\u00a0 CIG\u00c1ND SE\u2013SAJ\u00d3V\u00d6LGYE FOCISULI 4\u20133 (3\u20130) Cig\u00e1nd, Edz\u0151k\u00f6zpont. CISE:\u00a0P\u00e1szko \u2013 P\u00e1sztor A., Kerepesi, [&hellip;]\" \/>\n<meta property=\"og:url\" content=\"https:\/\/cigandse.hu\/index.php\/2026\/03\/15\/u16-os-csapatunk-legyozte-a-szazszazalekos-listavezetot\/\" \/>\n<meta property=\"og:site_name\" content=\"Cig\u00e1nd Sportegyes\u00fclet hivatalos oldala\" \/>\n<meta property=\"article:publisher\" content=\"https:\/\/www.facebook.com\/CigandSportegyesulet\" \/>\n<meta property=\"article:published_time\" content=\"2026-03-15T11:08:36+00:00\" \/>\n<meta property=\"article:modified_time\" content=\"2026-03-15T11:46:14+00:00\" \/>\n<meta property=\"og:image\" content=\"https:\/\/cigandse.hu\/wp-content\/uploads\/2026\/03\/sdara.jpg\" \/>\n\t<meta property=\"og:image:width\" content=\"1688\" \/>\n\t<meta property=\"og:image:height\" content=\"1137\" \/>\n\t<meta property=\"og:image:type\" content=\"image\/jpeg\" \/>\n<meta name=\"author\" content=\"admin\" \/>\n<meta name=\"twitter:card\" content=\"summary_large_image\" \/>\n<meta name=\"twitter:label1\" content=\"Szerz\u0151:\" \/>\n\t<meta name=\"twitter:data1\" content=\"admin\" \/>\n\t<meta name=\"twitter:label2\" content=\"Becs\u00fclt olvas\u00e1si id\u0151\" \/>\n\t<meta name=\"twitter:data2\" content=\"2 perc\" \/>\n<script type=\"application\/ld+json\" class=\"yoast-schema-graph\">{\"@context\":\"https:\/\/schema.org\",\"@graph\":[{\"@type\":\"Article\",\"@id\":\"https:\/\/cigandse.hu\/index.php\/2026\/03\/15\/u16-os-csapatunk-legyozte-a-szazszazalekos-listavezetot\/#article\",\"isPartOf\":{\"@id\":\"https:\/\/cigandse.hu\/index.php\/2026\/03\/15\/u16-os-csapatunk-legyozte-a-szazszazalekos-listavezetot\/\"},\"author\":{\"name\":\"admin\",\"@id\":\"https:\/\/cigandse.hu\/#\/schema\/person\/98ccf0ab8d41a299cc83f8d4bc3ad158\"},\"headline\":\"U16-os csapatunk legy\u0151zte a sz\u00e1zsz\u00e1zal\u00e9kos listavezet\u0151t! (EDZ\u0150I \u00c9RT\u00c9KEL\u00c9SSEL)\",\"datePublished\":\"2026-03-15T11:08:36+00:00\",\"dateModified\":\"2026-03-15T11:46:14+00:00\",\"mainEntityOfPage\":{\"@id\":\"https:\/\/cigandse.hu\/index.php\/2026\/03\/15\/u16-os-csapatunk-legyozte-a-szazszazalekos-listavezetot\/\"},\"wordCount\":314,\"commentCount\":0,\"publisher\":{\"@id\":\"https:\/\/cigandse.hu\/#organization\"},\"image\":{\"@id\":\"https:\/\/cigandse.hu\/index.php\/2026\/03\/15\/u16-os-csapatunk-legyozte-a-szazszazalekos-listavezetot\/#primaryimage\"},\"thumbnailUrl\":\"https:\/\/cigandse.hu\/wp-content\/uploads\/2026\/03\/sdara.jpg\",\"articleSection\":[\"H\u00edrek\"],\"inLanguage\":\"hu\",\"potentialAction\":[{\"@type\":\"CommentAction\",\"name\":\"Comment\",\"target\":[\"https:\/\/cigandse.hu\/index.php\/2026\/03\/15\/u16-os-csapatunk-legyozte-a-szazszazalekos-listavezetot\/#respond\"]}]},{\"@type\":\"WebPage\",\"@id\":\"https:\/\/cigandse.hu\/index.php\/2026\/03\/15\/u16-os-csapatunk-legyozte-a-szazszazalekos-listavezetot\/\",\"url\":\"https:\/\/cigandse.hu\/index.php\/2026\/03\/15\/u16-os-csapatunk-legyozte-a-szazszazalekos-listavezetot\/\",\"name\":\"U16-os csapatunk legy\u0151zte a sz\u00e1zsz\u00e1zal\u00e9kos listavezet\u0151t! (EDZ\u0150I \u00c9RT\u00c9KEL\u00c9SSEL) - Cig\u00e1nd Sportegyes\u00fclet hivatalos oldala\",\"isPartOf\":{\"@id\":\"https:\/\/cigandse.hu\/#website\"},\"primaryImageOfPage\":{\"@id\":\"https:\/\/cigandse.hu\/index.php\/2026\/03\/15\/u16-os-csapatunk-legyozte-a-szazszazalekos-listavezetot\/#primaryimage\"},\"image\":{\"@id\":\"https:\/\/cigandse.hu\/index.php\/2026\/03\/15\/u16-os-csapatunk-legyozte-a-szazszazalekos-listavezetot\/#primaryimage\"},\"thumbnailUrl\":\"https:\/\/cigandse.hu\/wp-content\/uploads\/2026\/03\/sdara.jpg\",\"datePublished\":\"2026-03-15T11:08:36+00:00\",\"dateModified\":\"2026-03-15T11:46:14+00:00\",\"breadcrumb\":{\"@id\":\"https:\/\/cigandse.hu\/index.php\/2026\/03\/15\/u16-os-csapatunk-legyozte-a-szazszazalekos-listavezetot\/#breadcrumb\"},\"inLanguage\":\"hu\",\"potentialAction\":[{\"@type\":\"ReadAction\",\"target\":[\"https:\/\/cigandse.hu\/index.php\/2026\/03\/15\/u16-os-csapatunk-legyozte-a-szazszazalekos-listavezetot\/\"]}]},{\"@type\":\"ImageObject\",\"inLanguage\":\"hu\",\"@id\":\"https:\/\/cigandse.hu\/index.php\/2026\/03\/15\/u16-os-csapatunk-legyozte-a-szazszazalekos-listavezetot\/#primaryimage\",\"url\":\"https:\/\/cigandse.hu\/wp-content\/uploads\/2026\/03\/sdara.jpg\",\"contentUrl\":\"https:\/\/cigandse.hu\/wp-content\/uploads\/2026\/03\/sdara.jpg\",\"width\":1688,\"height\":1137},{\"@type\":\"BreadcrumbList\",\"@id\":\"https:\/\/cigandse.hu\/index.php\/2026\/03\/15\/u16-os-csapatunk-legyozte-a-szazszazalekos-listavezetot\/#breadcrumb\",\"itemListElement\":[{\"@type\":\"ListItem\",\"position\":1,\"name\":\"Kezd\u0151lap\",\"item\":\"https:\/\/cigandse.hu\/\"},{\"@type\":\"ListItem\",\"position\":2,\"name\":\"U16-os csapatunk legy\u0151zte a sz\u00e1zsz\u00e1zal\u00e9kos listavezet\u0151t! (EDZ\u0150I \u00c9RT\u00c9KEL\u00c9SSEL)\"}]},{\"@type\":\"WebSite\",\"@id\":\"https:\/\/cigandse.hu\/#website\",\"url\":\"https:\/\/cigandse.hu\/\",\"name\":\"Cig\u00e1nd Sportegyes\u00fclet hivatalos oldala\",\"description\":\"Cig\u00e1nd Sportegyes\u00fclet hivatalos oldala\",\"publisher\":{\"@id\":\"https:\/\/cigandse.hu\/#organization\"},\"potentialAction\":[{\"@type\":\"SearchAction\",\"target\":{\"@type\":\"EntryPoint\",\"urlTemplate\":\"https:\/\/cigandse.hu\/?s={search_term_string}\"},\"query-input\":{\"@type\":\"PropertyValueSpecification\",\"valueRequired\":true,\"valueName\":\"search_term_string\"}}],\"inLanguage\":\"hu\"},{\"@type\":\"Organization\",\"@id\":\"https:\/\/cigandse.hu\/#organization\",\"name\":\"Cig\u00e1nd Sportegyes\u00fclet\",\"url\":\"https:\/\/cigandse.hu\/\",\"logo\":{\"@type\":\"ImageObject\",\"inLanguage\":\"hu\",\"@id\":\"https:\/\/cigandse.hu\/#\/schema\/logo\/image\/\",\"url\":\"https:\/\/cigandse.hu\/wp-content\/uploads\/2022\/04\/Cigand-SE-cimer-1.jpg\",\"contentUrl\":\"https:\/\/cigandse.hu\/wp-content\/uploads\/2022\/04\/Cigand-SE-cimer-1.jpg\",\"width\":1932,\"height\":2088,\"caption\":\"Cig\u00e1nd Sportegyes\u00fclet\"},\"image\":{\"@id\":\"https:\/\/cigandse.hu\/#\/schema\/logo\/image\/\"},\"sameAs\":[\"https:\/\/www.facebook.com\/CigandSportegyesulet\",\"https:\/\/www.youtube.com\/channel\/UC0prdKj31NqRteZ5J4bGUZw\",\"https:\/\/hu.wikipedia.org\/wiki\/Cig\u00e1nd_SE\"]},{\"@type\":\"Person\",\"@id\":\"https:\/\/cigandse.hu\/#\/schema\/person\/98ccf0ab8d41a299cc83f8d4bc3ad158\",\"name\":\"admin\",\"image\":{\"@type\":\"ImageObject\",\"inLanguage\":\"hu\",\"@id\":\"https:\/\/cigandse.hu\/#\/schema\/person\/image\/\",\"url\":\"https:\/\/secure.gravatar.com\/avatar\/807752e5a26584bf309283b840694667743fc07b907e4db41f77a58fb4b98337?s=96&d=mm&r=g\",\"contentUrl\":\"https:\/\/secure.gravatar.com\/avatar\/807752e5a26584bf309283b840694667743fc07b907e4db41f77a58fb4b98337?s=96&d=mm&r=g\",\"caption\":\"admin\"},\"sameAs\":[\"https:\/\/cigandse.hu\"],\"url\":\"https:\/\/cigandse.hu\/index.php\/author\/terjeksandor\/\"}]}<\/script>\n<!-- \/ Yoast SEO plugin. -->","yoast_head_json":{"title":"U16-os csapatunk legy\u0151zte a sz\u00e1zsz\u00e1zal\u00e9kos listavezet\u0151t! (EDZ\u0150I \u00c9RT\u00c9KEL\u00c9SSEL) - Cig\u00e1nd Sportegyes\u00fclet hivatalos oldala","robots":{"index":"index","follow":"follow","max-snippet":"max-snippet:-1","max-image-preview":"max-image-preview:large","max-video-preview":"max-video-preview:-1"},"canonical":"https:\/\/cigandse.hu\/index.php\/2026\/03\/15\/u16-os-csapatunk-legyozte-a-szazszazalekos-listavezetot\/","og_locale":"hu_HU","og_type":"article","og_title":"U16-os csapatunk legy\u0151zte a sz\u00e1zsz\u00e1zal\u00e9kos listavezet\u0151t! (EDZ\u0150I \u00c9RT\u00c9KEL\u00c9SSEL) - Cig\u00e1nd Sportegyes\u00fclet hivatalos oldala","og_description":"MLSZ REGION\u00c1LIS U16 ALAP \u00c9SZAKKELETI CSOPORT, 15. FORDUL\u00d3:\u00a0 CIG\u00c1ND SE\u2013SAJ\u00d3V\u00d6LGYE FOCISULI 4\u20133 (3\u20130) Cig\u00e1nd, Edz\u0151k\u00f6zpont. CISE:\u00a0P\u00e1szko \u2013 P\u00e1sztor A., Kerepesi, [&hellip;]","og_url":"https:\/\/cigandse.hu\/index.php\/2026\/03\/15\/u16-os-csapatunk-legyozte-a-szazszazalekos-listavezetot\/","og_site_name":"Cig\u00e1nd Sportegyes\u00fclet hivatalos oldala","article_publisher":"https:\/\/www.facebook.com\/CigandSportegyesulet","article_published_time":"2026-03-15T11:08:36+00:00","article_modified_time":"2026-03-15T11:46:14+00:00","og_image":[{"width":1688,"height":1137,"url":"https:\/\/cigandse.hu\/wp-content\/uploads\/2026\/03\/sdara.jpg","type":"image\/jpeg"}],"author":"admin","twitter_card":"summary_large_image","twitter_misc":{"Szerz\u0151:":"admin","Becs\u00fclt olvas\u00e1si id\u0151":"2 perc"},"schema":{"@context":"https:\/\/schema.org","@graph":[{"@type":"Article","@id":"https:\/\/cigandse.hu\/index.php\/2026\/03\/15\/u16-os-csapatunk-legyozte-a-szazszazalekos-listavezetot\/#article","isPartOf":{"@id":"https:\/\/cigandse.hu\/index.php\/2026\/03\/15\/u16-os-csapatunk-legyozte-a-szazszazalekos-listavezetot\/"},"author":{"name":"admin","@id":"https:\/\/cigandse.hu\/#\/schema\/person\/98ccf0ab8d41a299cc83f8d4bc3ad158"},"headline":"U16-os csapatunk legy\u0151zte a sz\u00e1zsz\u00e1zal\u00e9kos listavezet\u0151t! (EDZ\u0150I \u00c9RT\u00c9KEL\u00c9SSEL)","datePublished":"2026-03-15T11:08:36+00:00","dateModified":"2026-03-15T11:46:14+00:00","mainEntityOfPage":{"@id":"https:\/\/cigandse.hu\/index.php\/2026\/03\/15\/u16-os-csapatunk-legyozte-a-szazszazalekos-listavezetot\/"},"wordCount":314,"commentCount":0,"publisher":{"@id":"https:\/\/cigandse.hu\/#organization"},"image":{"@id":"https:\/\/cigandse.hu\/index.php\/2026\/03\/15\/u16-os-csapatunk-legyozte-a-szazszazalekos-listavezetot\/#primaryimage"},"thumbnailUrl":"https:\/\/cigandse.hu\/wp-content\/uploads\/2026\/03\/sdara.jpg","articleSection":["H\u00edrek"],"inLanguage":"hu","potentialAction":[{"@type":"CommentAction","name":"Comment","target":["https:\/\/cigandse.hu\/index.php\/2026\/03\/15\/u16-os-csapatunk-legyozte-a-szazszazalekos-listavezetot\/#respond"]}]},{"@type":"WebPage","@id":"https:\/\/cigandse.hu\/index.php\/2026\/03\/15\/u16-os-csapatunk-legyozte-a-szazszazalekos-listavezetot\/","url":"https:\/\/cigandse.hu\/index.php\/2026\/03\/15\/u16-os-csapatunk-legyozte-a-szazszazalekos-listavezetot\/","name":"U16-os csapatunk legy\u0151zte a sz\u00e1zsz\u00e1zal\u00e9kos listavezet\u0151t! (EDZ\u0150I \u00c9RT\u00c9KEL\u00c9SSEL) - Cig\u00e1nd Sportegyes\u00fclet hivatalos oldala","isPartOf":{"@id":"https:\/\/cigandse.hu\/#website"},"primaryImageOfPage":{"@id":"https:\/\/cigandse.hu\/index.php\/2026\/03\/15\/u16-os-csapatunk-legyozte-a-szazszazalekos-listavezetot\/#primaryimage"},"image":{"@id":"https:\/\/cigandse.hu\/index.php\/2026\/03\/15\/u16-os-csapatunk-legyozte-a-szazszazalekos-listavezetot\/#primaryimage"},"thumbnailUrl":"https:\/\/cigandse.hu\/wp-content\/uploads\/2026\/03\/sdara.jpg","datePublished":"2026-03-15T11:08:36+00:00","dateModified":"2026-03-15T11:46:14+00:00","breadcrumb":{"@id":"https:\/\/cigandse.hu\/index.php\/2026\/03\/15\/u16-os-csapatunk-legyozte-a-szazszazalekos-listavezetot\/#breadcrumb"},"inLanguage":"hu","potentialAction":[{"@type":"ReadAction","target":["https:\/\/cigandse.hu\/index.php\/2026\/03\/15\/u16-os-csapatunk-legyozte-a-szazszazalekos-listavezetot\/"]}]},{"@type":"ImageObject","inLanguage":"hu","@id":"https:\/\/cigandse.hu\/index.php\/2026\/03\/15\/u16-os-csapatunk-legyozte-a-szazszazalekos-listavezetot\/#primaryimage","url":"https:\/\/cigandse.hu\/wp-content\/uploads\/2026\/03\/sdara.jpg","contentUrl":"https:\/\/cigandse.hu\/wp-content\/uploads\/2026\/03\/sdara.jpg","width":1688,"height":1137},{"@type":"BreadcrumbList","@id":"https:\/\/cigandse.hu\/index.php\/2026\/03\/15\/u16-os-csapatunk-legyozte-a-szazszazalekos-listavezetot\/#breadcrumb","itemListElement":[{"@type":"ListItem","position":1,"name":"Kezd\u0151lap","item":"https:\/\/cigandse.hu\/"},{"@type":"ListItem","position":2,"name":"U16-os csapatunk legy\u0151zte a sz\u00e1zsz\u00e1zal\u00e9kos listavezet\u0151t! (EDZ\u0150I \u00c9RT\u00c9KEL\u00c9SSEL)"}]},{"@type":"WebSite","@id":"https:\/\/cigandse.hu\/#website","url":"https:\/\/cigandse.hu\/","name":"Cig\u00e1nd Sportegyes\u00fclet hivatalos oldala","description":"Cig\u00e1nd Sportegyes\u00fclet hivatalos oldala","publisher":{"@id":"https:\/\/cigandse.hu\/#organization"},"potentialAction":[{"@type":"SearchAction","target":{"@type":"EntryPoint","urlTemplate":"https:\/\/cigandse.hu\/?s={search_term_string}"},"query-input":{"@type":"PropertyValueSpecification","valueRequired":true,"valueName":"search_term_string"}}],"inLanguage":"hu"},{"@type":"Organization","@id":"https:\/\/cigandse.hu\/#organization","name":"Cig\u00e1nd Sportegyes\u00fclet","url":"https:\/\/cigandse.hu\/","logo":{"@type":"ImageObject","inLanguage":"hu","@id":"https:\/\/cigandse.hu\/#\/schema\/logo\/image\/","url":"https:\/\/cigandse.hu\/wp-content\/uploads\/2022\/04\/Cigand-SE-cimer-1.jpg","contentUrl":"https:\/\/cigandse.hu\/wp-content\/uploads\/2022\/04\/Cigand-SE-cimer-1.jpg","width":1932,"height":2088,"caption":"Cig\u00e1nd Sportegyes\u00fclet"},"image":{"@id":"https:\/\/cigandse.hu\/#\/schema\/logo\/image\/"},"sameAs":["https:\/\/www.facebook.com\/CigandSportegyesulet","https:\/\/www.youtube.com\/channel\/UC0prdKj31NqRteZ5J4bGUZw","https:\/\/hu.wikipedia.org\/wiki\/Cig\u00e1nd_SE"]},{"@type":"Person","@id":"https:\/\/cigandse.hu\/#\/schema\/person\/98ccf0ab8d41a299cc83f8d4bc3ad158","name":"admin","image":{"@type":"ImageObject","inLanguage":"hu","@id":"https:\/\/cigandse.hu\/#\/schema\/person\/image\/","url":"https:\/\/secure.gravatar.com\/avatar\/807752e5a26584bf309283b840694667743fc07b907e4db41f77a58fb4b98337?s=96&d=mm&r=g","contentUrl":"https:\/\/secure.gravatar.com\/avatar\/807752e5a26584bf309283b840694667743fc07b907e4db41f77a58fb4b98337?s=96&d=mm&r=g","caption":"admin"},"sameAs":["https:\/\/cigandse.hu"],"url":"https:\/\/cigandse.hu\/index.php\/author\/terjeksandor\/"}]}},"uagb_featured_image_src":{"full":["https:\/\/cigandse.hu\/wp-content\/uploads\/2026\/03\/sdara.jpg",1688,1137,false],"thumbnail":["https:\/\/cigandse.hu\/wp-content\/uploads\/2026\/03\/sdara-150x150.jpg",150,150,true],"medium":["https:\/\/cigandse.hu\/wp-content\/uploads\/2026\/03\/sdara-300x202.jpg",300,202,true],"medium_large":["https:\/\/cigandse.hu\/wp-content\/uploads\/2026\/03\/sdara-768x517.jpg",680,458,true],"large":["https:\/\/cigandse.hu\/wp-content\/uploads\/2026\/03\/sdara-1024x690.jpg",680,458,true],"1536x1536":["https:\/\/cigandse.hu\/wp-content\/uploads\/2026\/03\/sdara-1536x1035.jpg",1536,1035,true],"2048x2048":["https:\/\/cigandse.hu\/wp-content\/uploads\/2026\/03\/sdara.jpg",1688,1137,false],"sportspress-crop-medium":["https:\/\/cigandse.hu\/wp-content\/uploads\/2026\/03\/sdara-300x300.jpg",300,300,true],"sportspress-fit-medium":["https:\/\/cigandse.hu\/wp-content\/uploads\/2026\/03\/sdara-300x202.jpg",300,202,true],"sportspress-fit-icon":["https:\/\/cigandse.hu\/wp-content\/uploads\/2026\/03\/sdara-128x86.jpg",128,86,true],"sportspress-fit-mini":["https:\/\/cigandse.hu\/wp-content\/uploads\/2026\/03\/sdara-32x22.jpg",32,22,true]},"uagb_author_info":{"display_name":"admin","author_link":"https:\/\/cigandse.hu\/index.php\/author\/terjeksandor\/"},"uagb_comment_info":2,"uagb_excerpt":"MLSZ REGION\u00c1LIS U16 ALAP \u00c9SZAKKELETI CSOPORT, 15. FORDUL\u00d3:\u00a0 CIG\u00c1ND SE\u2013SAJ\u00d3V\u00d6LGYE FOCISULI 4\u20133 (3\u20130) Cig\u00e1nd, Edz\u0151k\u00f6zpont. CISE:\u00a0P\u00e1szko \u2013 P\u00e1sztor A., Kerepesi, [&hellip;]","_links":{"self":[{"href":"https:\/\/cigandse.hu\/index.php\/wp-json\/wp\/v2\/posts\/7368","targetHints":{"allow":["GET"]}}],"collection":[{"href":"https:\/\/cigandse.hu\/index.php\/wp-json\/wp\/v2\/posts"}],"about":[{"href":"https:\/\/cigandse.hu\/index.php\/wp-json\/wp\/v2\/types\/post"}],"author":[{"embeddable":true,"href":"https:\/\/cigandse.hu\/index.php\/wp-json\/wp\/v2\/users\/1"}],"replies":[{"embeddable":true,"href":"https:\/\/cigandse.hu\/index.php\/wp-json\/wp\/v2\/comments?post=7368"}],"version-history":[{"count":5,"href":"https:\/\/cigandse.hu\/index.php\/wp-json\/wp\/v2\/posts\/7368\/revisions"}],"predecessor-version":[{"id":7374,"href":"https:\/\/cigandse.hu\/index.php\/wp-json\/wp\/v2\/posts\/7368\/revisions\/7374"}],"wp:featuredmedia":[{"embeddable":true,"href":"https:\/\/cigandse.hu\/index.php\/wp-json\/wp\/v2\/media\/7369"}],"wp:attachment":[{"href":"https:\/\/cigandse.hu\/index.php\/wp-json\/wp\/v2\/media?parent=7368"}],"wp:term":[{"taxonomy":"category","embeddable":true,"href":"https:\/\/cigandse.hu\/index.php\/wp-json\/wp\/v2\/categories?post=7368"},{"taxonomy":"post_tag","embeddable":true,"href":"https:\/\/cigandse.hu\/index.php\/wp-json\/wp\/v2\/tags?post=7368"}],"curies":[{"name":"wp","href":"https:\/\/api.w.org\/{rel}","templated":true}]}}