{"id":7504,"date":"2026-04-30T19:57:41","date_gmt":"2026-04-30T17:57:41","guid":{"rendered":"https:\/\/cigandse.hu\/?p=7504"},"modified":"2026-04-30T21:15:21","modified_gmt":"2026-04-30T19:15:21","slug":"hivatalossa-valtak-a-kovetkezo-szezon-versenykiirasai-nb-i-es-es-nb-ii-es-ellenfelek-a-nyari-felkeszules-alatt","status":"publish","type":"post","link":"https:\/\/cigandse.hu\/index.php\/2026\/04\/30\/hivatalossa-valtak-a-kovetkezo-szezon-versenykiirasai-nb-i-es-es-nb-ii-es-ellenfelek-a-nyari-felkeszules-alatt\/","title":{"rendered":"Hivataloss\u00e1 v\u00e1ltak a k\u00f6vetkez\u0151 szezon versenyki\u00edr\u00e1sai &#8211; NB I-es \u00e9s NB II-es ellenfelekkel j\u00e1tszunk a ny\u00e1ri felk\u00e9sz\u00fcl\u00e9s alatt"},"content":{"rendered":"<p><a href=\"https:\/\/cigandse.hu\/index.php\/2026\/04\/24\/elso-korben-megkaptuk-az-nb-ii-es-licencet-a-2026-2027-es-szezonra\/cise-nb2-licenc\/#main\" rel=\"attachment wp-att-7484\"><img loading=\"lazy\" decoding=\"async\" class=\"aligncenter wp-image-7484\" src=\"https:\/\/cigandse.hu\/wp-content\/uploads\/2026\/04\/cise-nb2-licenc-300x167.jpg\" alt=\"\" width=\"800\" height=\"445\" srcset=\"https:\/\/cigandse.hu\/wp-content\/uploads\/2026\/04\/cise-nb2-licenc-300x167.jpg 300w, https:\/\/cigandse.hu\/wp-content\/uploads\/2026\/04\/cise-nb2-licenc-768x428.jpg 768w, https:\/\/cigandse.hu\/wp-content\/uploads\/2026\/04\/cise-nb2-licenc-128x71.jpg 128w, https:\/\/cigandse.hu\/wp-content\/uploads\/2026\/04\/cise-nb2-licenc-32x18.jpg 32w, https:\/\/cigandse.hu\/wp-content\/uploads\/2026\/04\/cise-nb2-licenc.jpg 862w\" sizes=\"auto, (max-width: 800px) 100vw, 800px\" \/><\/a><\/p>\n<h3>A Magyar Labdar\u00fag\u00f3-sz\u00f6vets\u00e9g a hivatalos honlapj\u00e1n k\u00f6zz\u00e9tette a 2026\u20132027-es szezon feln\u0151tt, nagyp\u00e1ly\u00e1s nemzeti bajnoks\u00e1gok \u00e9s kup\u00e1k versenynapt\u00e1r\u00e1t.<\/h3>\n<p>A ny\u00e1ri felk\u00e9sz\u00fcl\u00e9s pontos indul\u00f3 napja m\u00e9g nincs ki jel\u00f6lve feln\u0151tt csapatunk sz\u00e1m\u00e1ra, mert ez nagyban f\u00fcgg att\u00f3l, hogy j\u00f6v\u0151re az <strong>NB III-ban vagy az NB II-ben<\/strong> szerepel majd egy\u00fcttes\u00fcnk. Ett\u0151l f\u00fcggetlen\u00fcl tervezni kell, mert a az NB-s csapatok sorra k\u00f6tik le az edz\u0151meccseiket. Az elm\u00falt \u00e9veknek k\u00f6sz\u00f6nhet\u0151en egyes\u00fclet\u00fcnk is benne van m\u00e1r ebben az elit v\u00e9rkering\u00e9sben, \u00edgy a ny\u00e1ron szinte csak els\u0151- \u00e9s m\u00e1sodoszt\u00e1ly\u00fa csapatokkal m\u00e9rk\u0151zik meg komp\u00e1ni\u00e1nk. Az ellenfelek k\u00f6z\u00f6tt lesz az NB I-es <strong>Ny\u00edregyh\u00e1za Spartacus<\/strong>, az id\u00e9n az elitt\u0151l b\u00facs\u00faz\u00f3 <strong>Kazincbarcika<\/strong>, de j\u00e1tszunk a <strong>Mez\u0151k\u00f6vesddel<\/strong> is, a f\u0151pr\u00f3b\u00e1t pedig a tervek szerint j\u00falius 18-\u00e1n Di\u00f3sgy\u0151rben v\u00edvjuk, az NB I-b\u0151l kiesett <strong>DVTK-val<\/strong>.<\/p>\n<p>A k\u00f6vetkez\u0151 szezon &#8211; oszt\u00e1lyt\u00f3l f\u00fcggetlen\u00fcl &#8211; eg\u00e9szen biztosan j\u00falius 26-\u00e1n kezd\u0151dik feln\u0151tt csapatunk sz\u00e1m\u00e1ra.<\/p>\n<p>Az <strong>NB III<\/strong> \u0151szi szezonja &#8211; k\u00e9t el\u0151rehozott tavaszi fordul\u00f3val &#8211; <strong>november 22-ig tart<\/strong>, az <strong>NB II-ben<\/strong> viszont egy h\u00e9ttel k\u00e9s\u0151bb: <strong>november utols\u00f3 h\u00e9tv\u00e9g\u00e9j\u00e9n<\/strong> vonulnak pihen\u0151re a csapatok. A t\u00e9li sz\u00fcnet a harmadoszt\u00e1lyban <strong>febru\u00e1r 28-\u00e1ig<\/strong>, a m\u00e1sodoszt\u00e1lyban csak <strong>febru\u00e1r 7-ig<\/strong> tart.<\/p>\n<p>Az utols\u00f3, 30. fordul\u00f3ra <strong>2027. m\u00e1jus 23-\u00e1n<\/strong> ker\u00fcl sor mindk\u00e9t oszt\u00e1lyban.<\/p>\n<p>A <strong>Magyar Kupa<\/strong> f\u0151t\u00e1bl\u00e1j\u00e1nak els\u0151 fordul\u00f3j\u00e1t <strong>2026 augusztus\u00e1nak els\u0151 h\u00e9tv\u00e9g\u00e9j\u00e9n<\/strong>, a d\u00f6nt\u0151t <strong>2027. m\u00e1jus 8-\u00e1n<\/strong> rendezik. Az NB I-es \u00e9s az NB II-es csapatok a harmadik fordul\u00f3ban <strong>(szeptember 12-13.)<\/strong> kapcsol\u00f3dnak be a k\u00fczdelmekbe.<\/p>\n<p>Mint ismert, a Sportt\u00f6rv\u00e9ny \u00e9rtelm\u00e9ben Nemzeti \u00dcnnep napj\u00e1n nem lehet bajnoki vagy kupam\u00e9rk\u0151z\u00e9st rendezni, ez a vonatkoz\u00e1s az el\u0151tt\u00fcnk \u00e1ll\u00f3 id\u00e9nyben csak a p\u00e9ntekre es\u0151 <strong>okt\u00f3ber 23-\u00e1n<\/strong> hathat a versenynapt\u00e1rra.<\/p>\n<p>A versenyki\u00edr\u00e1s szerint a v\u00e1logatott edz\u0151t\u00e1borai, m\u00e9rk\u0151z\u00e9sei miatt szeptember 21. \u00e9s okt\u00f3ber 6., tov\u00e1bb\u00e1 november 9. \u00e9s 17., valamint j\u00f6v\u0151 \u00e9v m\u00e1rcius 22. \u00e9s 30. k\u00f6z\u00f6tt nem rendeznek bajnoki m\u00e9rk\u0151z\u00e9seket az els\u0151 k\u00e9t oszt\u00e1lyban.<\/p>\n<p><strong>A 2026\/2027-es versenynapt\u00e1r:<\/strong> <a href=\"https:\/\/tinyurl.com\/2s3uxprz\" target=\"_blank\" rel=\"noopener\">https:\/\/tinyurl.com\/2s3uxprz<\/a><\/p>\n","protected":false},"excerpt":{"rendered":"<p>A Magyar Labdar\u00fag\u00f3-sz\u00f6vets\u00e9g a hivatalos honlapj\u00e1n k\u00f6zz\u00e9tette a 2026\u20132027-es szezon feln\u0151tt, nagyp\u00e1ly\u00e1s nemzeti bajnoks\u00e1gok \u00e9s kup\u00e1k versenynapt\u00e1r\u00e1t. A ny\u00e1ri felk\u00e9sz\u00fcl\u00e9s [&hellip;]<\/p>\n","protected":false},"author":1,"featured_media":7484,"comment_status":"open","ping_status":"open","sticky":false,"template":"","format":"standard","meta":{"_uag_custom_page_level_css":"","footnotes":""},"categories":[3],"tags":[],"class_list":["post-7504","post","type-post","status-publish","format-standard","has-post-thumbnail","hentry","category-hirek"],"yoast_head":"<!-- This site is optimized with the Yoast SEO plugin v25.5 - https:\/\/yoast.com\/wordpress\/plugins\/seo\/ -->\n<title>Hivataloss\u00e1 v\u00e1ltak a k\u00f6vetkez\u0151 szezon versenyki\u00edr\u00e1sai - NB I-es \u00e9s NB II-es ellenfelekkel j\u00e1tszunk a ny\u00e1ri felk\u00e9sz\u00fcl\u00e9s alatt - Cig\u00e1nd Sportegyes\u00fclet hivatalos oldala<\/title>\n<meta name=\"robots\" content=\"index, follow, max-snippet:-1, max-image-preview:large, max-video-preview:-1\" \/>\n<link rel=\"canonical\" href=\"https:\/\/cigandse.hu\/index.php\/2026\/04\/30\/hivatalossa-valtak-a-kovetkezo-szezon-versenykiirasai-nb-i-es-es-nb-ii-es-ellenfelek-a-nyari-felkeszules-alatt\/\" \/>\n<meta property=\"og:locale\" content=\"hu_HU\" \/>\n<meta property=\"og:type\" content=\"article\" \/>\n<meta property=\"og:title\" content=\"Hivataloss\u00e1 v\u00e1ltak a k\u00f6vetkez\u0151 szezon versenyki\u00edr\u00e1sai - NB I-es \u00e9s NB II-es ellenfelekkel j\u00e1tszunk a ny\u00e1ri felk\u00e9sz\u00fcl\u00e9s alatt - Cig\u00e1nd Sportegyes\u00fclet hivatalos oldala\" \/>\n<meta property=\"og:description\" content=\"A Magyar Labdar\u00fag\u00f3-sz\u00f6vets\u00e9g a hivatalos honlapj\u00e1n k\u00f6zz\u00e9tette a 2026\u20132027-es szezon feln\u0151tt, nagyp\u00e1ly\u00e1s nemzeti bajnoks\u00e1gok \u00e9s kup\u00e1k versenynapt\u00e1r\u00e1t. A ny\u00e1ri felk\u00e9sz\u00fcl\u00e9s [&hellip;]\" \/>\n<meta property=\"og:url\" content=\"https:\/\/cigandse.hu\/index.php\/2026\/04\/30\/hivatalossa-valtak-a-kovetkezo-szezon-versenykiirasai-nb-i-es-es-nb-ii-es-ellenfelek-a-nyari-felkeszules-alatt\/\" \/>\n<meta property=\"og:site_name\" content=\"Cig\u00e1nd Sportegyes\u00fclet hivatalos oldala\" \/>\n<meta property=\"article:publisher\" content=\"https:\/\/www.facebook.com\/CigandSportegyesulet\" \/>\n<meta property=\"article:published_time\" content=\"2026-04-30T17:57:41+00:00\" \/>\n<meta property=\"article:modified_time\" content=\"2026-04-30T19:15:21+00:00\" \/>\n<meta property=\"og:image\" content=\"https:\/\/cigandse.hu\/wp-content\/uploads\/2026\/04\/cise-nb2-licenc.jpg\" \/>\n\t<meta property=\"og:image:width\" content=\"862\" \/>\n\t<meta property=\"og:image:height\" content=\"480\" \/>\n\t<meta property=\"og:image:type\" content=\"image\/jpeg\" \/>\n<meta name=\"author\" content=\"admin\" \/>\n<meta name=\"twitter:card\" content=\"summary_large_image\" \/>\n<meta name=\"twitter:label1\" content=\"Szerz\u0151:\" \/>\n\t<meta name=\"twitter:data1\" content=\"admin\" \/>\n\t<meta name=\"twitter:label2\" content=\"Becs\u00fclt olvas\u00e1si id\u0151\" \/>\n\t<meta name=\"twitter:data2\" content=\"2 perc\" \/>\n<script type=\"application\/ld+json\" class=\"yoast-schema-graph\">{\"@context\":\"https:\/\/schema.org\",\"@graph\":[{\"@type\":\"Article\",\"@id\":\"https:\/\/cigandse.hu\/index.php\/2026\/04\/30\/hivatalossa-valtak-a-kovetkezo-szezon-versenykiirasai-nb-i-es-es-nb-ii-es-ellenfelek-a-nyari-felkeszules-alatt\/#article\",\"isPartOf\":{\"@id\":\"https:\/\/cigandse.hu\/index.php\/2026\/04\/30\/hivatalossa-valtak-a-kovetkezo-szezon-versenykiirasai-nb-i-es-es-nb-ii-es-ellenfelek-a-nyari-felkeszules-alatt\/\"},\"author\":{\"name\":\"admin\",\"@id\":\"https:\/\/cigandse.hu\/#\/schema\/person\/98ccf0ab8d41a299cc83f8d4bc3ad158\"},\"headline\":\"Hivataloss\u00e1 v\u00e1ltak a k\u00f6vetkez\u0151 szezon versenyki\u00edr\u00e1sai &#8211; NB I-es \u00e9s NB II-es ellenfelekkel j\u00e1tszunk a ny\u00e1ri felk\u00e9sz\u00fcl\u00e9s alatt\",\"datePublished\":\"2026-04-30T17:57:41+00:00\",\"dateModified\":\"2026-04-30T19:15:21+00:00\",\"mainEntityOfPage\":{\"@id\":\"https:\/\/cigandse.hu\/index.php\/2026\/04\/30\/hivatalossa-valtak-a-kovetkezo-szezon-versenykiirasai-nb-i-es-es-nb-ii-es-ellenfelek-a-nyari-felkeszules-alatt\/\"},\"wordCount\":471,\"commentCount\":0,\"publisher\":{\"@id\":\"https:\/\/cigandse.hu\/#organization\"},\"image\":{\"@id\":\"https:\/\/cigandse.hu\/index.php\/2026\/04\/30\/hivatalossa-valtak-a-kovetkezo-szezon-versenykiirasai-nb-i-es-es-nb-ii-es-ellenfelek-a-nyari-felkeszules-alatt\/#primaryimage\"},\"thumbnailUrl\":\"https:\/\/cigandse.hu\/wp-content\/uploads\/2026\/04\/cise-nb2-licenc.jpg\",\"articleSection\":[\"H\u00edrek\"],\"inLanguage\":\"hu\",\"potentialAction\":[{\"@type\":\"CommentAction\",\"name\":\"Comment\",\"target\":[\"https:\/\/cigandse.hu\/index.php\/2026\/04\/30\/hivatalossa-valtak-a-kovetkezo-szezon-versenykiirasai-nb-i-es-es-nb-ii-es-ellenfelek-a-nyari-felkeszules-alatt\/#respond\"]}]},{\"@type\":\"WebPage\",\"@id\":\"https:\/\/cigandse.hu\/index.php\/2026\/04\/30\/hivatalossa-valtak-a-kovetkezo-szezon-versenykiirasai-nb-i-es-es-nb-ii-es-ellenfelek-a-nyari-felkeszules-alatt\/\",\"url\":\"https:\/\/cigandse.hu\/index.php\/2026\/04\/30\/hivatalossa-valtak-a-kovetkezo-szezon-versenykiirasai-nb-i-es-es-nb-ii-es-ellenfelek-a-nyari-felkeszules-alatt\/\",\"name\":\"Hivataloss\u00e1 v\u00e1ltak a k\u00f6vetkez\u0151 szezon versenyki\u00edr\u00e1sai - NB I-es \u00e9s NB II-es ellenfelekkel j\u00e1tszunk a ny\u00e1ri felk\u00e9sz\u00fcl\u00e9s alatt - Cig\u00e1nd Sportegyes\u00fclet hivatalos oldala\",\"isPartOf\":{\"@id\":\"https:\/\/cigandse.hu\/#website\"},\"primaryImageOfPage\":{\"@id\":\"https:\/\/cigandse.hu\/index.php\/2026\/04\/30\/hivatalossa-valtak-a-kovetkezo-szezon-versenykiirasai-nb-i-es-es-nb-ii-es-ellenfelek-a-nyari-felkeszules-alatt\/#primaryimage\"},\"image\":{\"@id\":\"https:\/\/cigandse.hu\/index.php\/2026\/04\/30\/hivatalossa-valtak-a-kovetkezo-szezon-versenykiirasai-nb-i-es-es-nb-ii-es-ellenfelek-a-nyari-felkeszules-alatt\/#primaryimage\"},\"thumbnailUrl\":\"https:\/\/cigandse.hu\/wp-content\/uploads\/2026\/04\/cise-nb2-licenc.jpg\",\"datePublished\":\"2026-04-30T17:57:41+00:00\",\"dateModified\":\"2026-04-30T19:15:21+00:00\",\"breadcrumb\":{\"@id\":\"https:\/\/cigandse.hu\/index.php\/2026\/04\/30\/hivatalossa-valtak-a-kovetkezo-szezon-versenykiirasai-nb-i-es-es-nb-ii-es-ellenfelek-a-nyari-felkeszules-alatt\/#breadcrumb\"},\"inLanguage\":\"hu\",\"potentialAction\":[{\"@type\":\"ReadAction\",\"target\":[\"https:\/\/cigandse.hu\/index.php\/2026\/04\/30\/hivatalossa-valtak-a-kovetkezo-szezon-versenykiirasai-nb-i-es-es-nb-ii-es-ellenfelek-a-nyari-felkeszules-alatt\/\"]}]},{\"@type\":\"ImageObject\",\"inLanguage\":\"hu\",\"@id\":\"https:\/\/cigandse.hu\/index.php\/2026\/04\/30\/hivatalossa-valtak-a-kovetkezo-szezon-versenykiirasai-nb-i-es-es-nb-ii-es-ellenfelek-a-nyari-felkeszules-alatt\/#primaryimage\",\"url\":\"https:\/\/cigandse.hu\/wp-content\/uploads\/2026\/04\/cise-nb2-licenc.jpg\",\"contentUrl\":\"https:\/\/cigandse.hu\/wp-content\/uploads\/2026\/04\/cise-nb2-licenc.jpg\",\"width\":862,\"height\":480},{\"@type\":\"BreadcrumbList\",\"@id\":\"https:\/\/cigandse.hu\/index.php\/2026\/04\/30\/hivatalossa-valtak-a-kovetkezo-szezon-versenykiirasai-nb-i-es-es-nb-ii-es-ellenfelek-a-nyari-felkeszules-alatt\/#breadcrumb\",\"itemListElement\":[{\"@type\":\"ListItem\",\"position\":1,\"name\":\"Kezd\u0151lap\",\"item\":\"https:\/\/cigandse.hu\/\"},{\"@type\":\"ListItem\",\"position\":2,\"name\":\"Hivataloss\u00e1 v\u00e1ltak a k\u00f6vetkez\u0151 szezon versenyki\u00edr\u00e1sai &#8211; NB I-es \u00e9s NB II-es ellenfelekkel j\u00e1tszunk a ny\u00e1ri felk\u00e9sz\u00fcl\u00e9s alatt\"}]},{\"@type\":\"WebSite\",\"@id\":\"https:\/\/cigandse.hu\/#website\",\"url\":\"https:\/\/cigandse.hu\/\",\"name\":\"Cig\u00e1nd Sportegyes\u00fclet hivatalos oldala\",\"description\":\"Cig\u00e1nd Sportegyes\u00fclet hivatalos oldala\",\"publisher\":{\"@id\":\"https:\/\/cigandse.hu\/#organization\"},\"potentialAction\":[{\"@type\":\"SearchAction\",\"target\":{\"@type\":\"EntryPoint\",\"urlTemplate\":\"https:\/\/cigandse.hu\/?s={search_term_string}\"},\"query-input\":{\"@type\":\"PropertyValueSpecification\",\"valueRequired\":true,\"valueName\":\"search_term_string\"}}],\"inLanguage\":\"hu\"},{\"@type\":\"Organization\",\"@id\":\"https:\/\/cigandse.hu\/#organization\",\"name\":\"Cig\u00e1nd Sportegyes\u00fclet\",\"url\":\"https:\/\/cigandse.hu\/\",\"logo\":{\"@type\":\"ImageObject\",\"inLanguage\":\"hu\",\"@id\":\"https:\/\/cigandse.hu\/#\/schema\/logo\/image\/\",\"url\":\"https:\/\/cigandse.hu\/wp-content\/uploads\/2022\/04\/Cigand-SE-cimer-1.jpg\",\"contentUrl\":\"https:\/\/cigandse.hu\/wp-content\/uploads\/2022\/04\/Cigand-SE-cimer-1.jpg\",\"width\":1932,\"height\":2088,\"caption\":\"Cig\u00e1nd Sportegyes\u00fclet\"},\"image\":{\"@id\":\"https:\/\/cigandse.hu\/#\/schema\/logo\/image\/\"},\"sameAs\":[\"https:\/\/www.facebook.com\/CigandSportegyesulet\",\"https:\/\/www.youtube.com\/channel\/UC0prdKj31NqRteZ5J4bGUZw\",\"https:\/\/hu.wikipedia.org\/wiki\/Cig\u00e1nd_SE\"]},{\"@type\":\"Person\",\"@id\":\"https:\/\/cigandse.hu\/#\/schema\/person\/98ccf0ab8d41a299cc83f8d4bc3ad158\",\"name\":\"admin\",\"image\":{\"@type\":\"ImageObject\",\"inLanguage\":\"hu\",\"@id\":\"https:\/\/cigandse.hu\/#\/schema\/person\/image\/\",\"url\":\"https:\/\/secure.gravatar.com\/avatar\/807752e5a26584bf309283b840694667743fc07b907e4db41f77a58fb4b98337?s=96&d=mm&r=g\",\"contentUrl\":\"https:\/\/secure.gravatar.com\/avatar\/807752e5a26584bf309283b840694667743fc07b907e4db41f77a58fb4b98337?s=96&d=mm&r=g\",\"caption\":\"admin\"},\"sameAs\":[\"https:\/\/cigandse.hu\"],\"url\":\"https:\/\/cigandse.hu\/index.php\/author\/terjeksandor\/\"}]}<\/script>\n<!-- \/ Yoast SEO plugin. -->","yoast_head_json":{"title":"Hivataloss\u00e1 v\u00e1ltak a k\u00f6vetkez\u0151 szezon versenyki\u00edr\u00e1sai - NB I-es \u00e9s NB II-es ellenfelekkel j\u00e1tszunk a ny\u00e1ri felk\u00e9sz\u00fcl\u00e9s alatt - Cig\u00e1nd Sportegyes\u00fclet hivatalos oldala","robots":{"index":"index","follow":"follow","max-snippet":"max-snippet:-1","max-image-preview":"max-image-preview:large","max-video-preview":"max-video-preview:-1"},"canonical":"https:\/\/cigandse.hu\/index.php\/2026\/04\/30\/hivatalossa-valtak-a-kovetkezo-szezon-versenykiirasai-nb-i-es-es-nb-ii-es-ellenfelek-a-nyari-felkeszules-alatt\/","og_locale":"hu_HU","og_type":"article","og_title":"Hivataloss\u00e1 v\u00e1ltak a k\u00f6vetkez\u0151 szezon versenyki\u00edr\u00e1sai - NB I-es \u00e9s NB II-es ellenfelekkel j\u00e1tszunk a ny\u00e1ri felk\u00e9sz\u00fcl\u00e9s alatt - Cig\u00e1nd Sportegyes\u00fclet hivatalos oldala","og_description":"A Magyar Labdar\u00fag\u00f3-sz\u00f6vets\u00e9g a hivatalos honlapj\u00e1n k\u00f6zz\u00e9tette a 2026\u20132027-es szezon feln\u0151tt, nagyp\u00e1ly\u00e1s nemzeti bajnoks\u00e1gok \u00e9s kup\u00e1k versenynapt\u00e1r\u00e1t. A ny\u00e1ri felk\u00e9sz\u00fcl\u00e9s [&hellip;]","og_url":"https:\/\/cigandse.hu\/index.php\/2026\/04\/30\/hivatalossa-valtak-a-kovetkezo-szezon-versenykiirasai-nb-i-es-es-nb-ii-es-ellenfelek-a-nyari-felkeszules-alatt\/","og_site_name":"Cig\u00e1nd Sportegyes\u00fclet hivatalos oldala","article_publisher":"https:\/\/www.facebook.com\/CigandSportegyesulet","article_published_time":"2026-04-30T17:57:41+00:00","article_modified_time":"2026-04-30T19:15:21+00:00","og_image":[{"width":862,"height":480,"url":"https:\/\/cigandse.hu\/wp-content\/uploads\/2026\/04\/cise-nb2-licenc.jpg","type":"image\/jpeg"}],"author":"admin","twitter_card":"summary_large_image","twitter_misc":{"Szerz\u0151:":"admin","Becs\u00fclt olvas\u00e1si id\u0151":"2 perc"},"schema":{"@context":"https:\/\/schema.org","@graph":[{"@type":"Article","@id":"https:\/\/cigandse.hu\/index.php\/2026\/04\/30\/hivatalossa-valtak-a-kovetkezo-szezon-versenykiirasai-nb-i-es-es-nb-ii-es-ellenfelek-a-nyari-felkeszules-alatt\/#article","isPartOf":{"@id":"https:\/\/cigandse.hu\/index.php\/2026\/04\/30\/hivatalossa-valtak-a-kovetkezo-szezon-versenykiirasai-nb-i-es-es-nb-ii-es-ellenfelek-a-nyari-felkeszules-alatt\/"},"author":{"name":"admin","@id":"https:\/\/cigandse.hu\/#\/schema\/person\/98ccf0ab8d41a299cc83f8d4bc3ad158"},"headline":"Hivataloss\u00e1 v\u00e1ltak a k\u00f6vetkez\u0151 szezon versenyki\u00edr\u00e1sai &#8211; NB I-es \u00e9s NB II-es ellenfelekkel j\u00e1tszunk a ny\u00e1ri felk\u00e9sz\u00fcl\u00e9s alatt","datePublished":"2026-04-30T17:57:41+00:00","dateModified":"2026-04-30T19:15:21+00:00","mainEntityOfPage":{"@id":"https:\/\/cigandse.hu\/index.php\/2026\/04\/30\/hivatalossa-valtak-a-kovetkezo-szezon-versenykiirasai-nb-i-es-es-nb-ii-es-ellenfelek-a-nyari-felkeszules-alatt\/"},"wordCount":471,"commentCount":0,"publisher":{"@id":"https:\/\/cigandse.hu\/#organization"},"image":{"@id":"https:\/\/cigandse.hu\/index.php\/2026\/04\/30\/hivatalossa-valtak-a-kovetkezo-szezon-versenykiirasai-nb-i-es-es-nb-ii-es-ellenfelek-a-nyari-felkeszules-alatt\/#primaryimage"},"thumbnailUrl":"https:\/\/cigandse.hu\/wp-content\/uploads\/2026\/04\/cise-nb2-licenc.jpg","articleSection":["H\u00edrek"],"inLanguage":"hu","potentialAction":[{"@type":"CommentAction","name":"Comment","target":["https:\/\/cigandse.hu\/index.php\/2026\/04\/30\/hivatalossa-valtak-a-kovetkezo-szezon-versenykiirasai-nb-i-es-es-nb-ii-es-ellenfelek-a-nyari-felkeszules-alatt\/#respond"]}]},{"@type":"WebPage","@id":"https:\/\/cigandse.hu\/index.php\/2026\/04\/30\/hivatalossa-valtak-a-kovetkezo-szezon-versenykiirasai-nb-i-es-es-nb-ii-es-ellenfelek-a-nyari-felkeszules-alatt\/","url":"https:\/\/cigandse.hu\/index.php\/2026\/04\/30\/hivatalossa-valtak-a-kovetkezo-szezon-versenykiirasai-nb-i-es-es-nb-ii-es-ellenfelek-a-nyari-felkeszules-alatt\/","name":"Hivataloss\u00e1 v\u00e1ltak a k\u00f6vetkez\u0151 szezon versenyki\u00edr\u00e1sai - NB I-es \u00e9s NB II-es ellenfelekkel j\u00e1tszunk a ny\u00e1ri felk\u00e9sz\u00fcl\u00e9s alatt - Cig\u00e1nd Sportegyes\u00fclet hivatalos oldala","isPartOf":{"@id":"https:\/\/cigandse.hu\/#website"},"primaryImageOfPage":{"@id":"https:\/\/cigandse.hu\/index.php\/2026\/04\/30\/hivatalossa-valtak-a-kovetkezo-szezon-versenykiirasai-nb-i-es-es-nb-ii-es-ellenfelek-a-nyari-felkeszules-alatt\/#primaryimage"},"image":{"@id":"https:\/\/cigandse.hu\/index.php\/2026\/04\/30\/hivatalossa-valtak-a-kovetkezo-szezon-versenykiirasai-nb-i-es-es-nb-ii-es-ellenfelek-a-nyari-felkeszules-alatt\/#primaryimage"},"thumbnailUrl":"https:\/\/cigandse.hu\/wp-content\/uploads\/2026\/04\/cise-nb2-licenc.jpg","datePublished":"2026-04-30T17:57:41+00:00","dateModified":"2026-04-30T19:15:21+00:00","breadcrumb":{"@id":"https:\/\/cigandse.hu\/index.php\/2026\/04\/30\/hivatalossa-valtak-a-kovetkezo-szezon-versenykiirasai-nb-i-es-es-nb-ii-es-ellenfelek-a-nyari-felkeszules-alatt\/#breadcrumb"},"inLanguage":"hu","potentialAction":[{"@type":"ReadAction","target":["https:\/\/cigandse.hu\/index.php\/2026\/04\/30\/hivatalossa-valtak-a-kovetkezo-szezon-versenykiirasai-nb-i-es-es-nb-ii-es-ellenfelek-a-nyari-felkeszules-alatt\/"]}]},{"@type":"ImageObject","inLanguage":"hu","@id":"https:\/\/cigandse.hu\/index.php\/2026\/04\/30\/hivatalossa-valtak-a-kovetkezo-szezon-versenykiirasai-nb-i-es-es-nb-ii-es-ellenfelek-a-nyari-felkeszules-alatt\/#primaryimage","url":"https:\/\/cigandse.hu\/wp-content\/uploads\/2026\/04\/cise-nb2-licenc.jpg","contentUrl":"https:\/\/cigandse.hu\/wp-content\/uploads\/2026\/04\/cise-nb2-licenc.jpg","width":862,"height":480},{"@type":"BreadcrumbList","@id":"https:\/\/cigandse.hu\/index.php\/2026\/04\/30\/hivatalossa-valtak-a-kovetkezo-szezon-versenykiirasai-nb-i-es-es-nb-ii-es-ellenfelek-a-nyari-felkeszules-alatt\/#breadcrumb","itemListElement":[{"@type":"ListItem","position":1,"name":"Kezd\u0151lap","item":"https:\/\/cigandse.hu\/"},{"@type":"ListItem","position":2,"name":"Hivataloss\u00e1 v\u00e1ltak a k\u00f6vetkez\u0151 szezon versenyki\u00edr\u00e1sai &#8211; NB I-es \u00e9s NB II-es ellenfelekkel j\u00e1tszunk a ny\u00e1ri felk\u00e9sz\u00fcl\u00e9s alatt"}]},{"@type":"WebSite","@id":"https:\/\/cigandse.hu\/#website","url":"https:\/\/cigandse.hu\/","name":"Cig\u00e1nd Sportegyes\u00fclet hivatalos oldala","description":"Cig\u00e1nd Sportegyes\u00fclet hivatalos oldala","publisher":{"@id":"https:\/\/cigandse.hu\/#organization"},"potentialAction":[{"@type":"SearchAction","target":{"@type":"EntryPoint","urlTemplate":"https:\/\/cigandse.hu\/?s={search_term_string}"},"query-input":{"@type":"PropertyValueSpecification","valueRequired":true,"valueName":"search_term_string"}}],"inLanguage":"hu"},{"@type":"Organization","@id":"https:\/\/cigandse.hu\/#organization","name":"Cig\u00e1nd Sportegyes\u00fclet","url":"https:\/\/cigandse.hu\/","logo":{"@type":"ImageObject","inLanguage":"hu","@id":"https:\/\/cigandse.hu\/#\/schema\/logo\/image\/","url":"https:\/\/cigandse.hu\/wp-content\/uploads\/2022\/04\/Cigand-SE-cimer-1.jpg","contentUrl":"https:\/\/cigandse.hu\/wp-content\/uploads\/2022\/04\/Cigand-SE-cimer-1.jpg","width":1932,"height":2088,"caption":"Cig\u00e1nd Sportegyes\u00fclet"},"image":{"@id":"https:\/\/cigandse.hu\/#\/schema\/logo\/image\/"},"sameAs":["https:\/\/www.facebook.com\/CigandSportegyesulet","https:\/\/www.youtube.com\/channel\/UC0prdKj31NqRteZ5J4bGUZw","https:\/\/hu.wikipedia.org\/wiki\/Cig\u00e1nd_SE"]},{"@type":"Person","@id":"https:\/\/cigandse.hu\/#\/schema\/person\/98ccf0ab8d41a299cc83f8d4bc3ad158","name":"admin","image":{"@type":"ImageObject","inLanguage":"hu","@id":"https:\/\/cigandse.hu\/#\/schema\/person\/image\/","url":"https:\/\/secure.gravatar.com\/avatar\/807752e5a26584bf309283b840694667743fc07b907e4db41f77a58fb4b98337?s=96&d=mm&r=g","contentUrl":"https:\/\/secure.gravatar.com\/avatar\/807752e5a26584bf309283b840694667743fc07b907e4db41f77a58fb4b98337?s=96&d=mm&r=g","caption":"admin"},"sameAs":["https:\/\/cigandse.hu"],"url":"https:\/\/cigandse.hu\/index.php\/author\/terjeksandor\/"}]}},"uagb_featured_image_src":{"full":["https:\/\/cigandse.hu\/wp-content\/uploads\/2026\/04\/cise-nb2-licenc.jpg",862,480,false],"thumbnail":["https:\/\/cigandse.hu\/wp-content\/uploads\/2026\/04\/cise-nb2-licenc-150x150.jpg",150,150,true],"medium":["https:\/\/cigandse.hu\/wp-content\/uploads\/2026\/04\/cise-nb2-licenc-300x167.jpg",300,167,true],"medium_large":["https:\/\/cigandse.hu\/wp-content\/uploads\/2026\/04\/cise-nb2-licenc-768x428.jpg",680,379,true],"large":["https:\/\/cigandse.hu\/wp-content\/uploads\/2026\/04\/cise-nb2-licenc.jpg",680,379,false],"1536x1536":["https:\/\/cigandse.hu\/wp-content\/uploads\/2026\/04\/cise-nb2-licenc.jpg",862,480,false],"2048x2048":["https:\/\/cigandse.hu\/wp-content\/uploads\/2026\/04\/cise-nb2-licenc.jpg",862,480,false],"sportspress-crop-medium":["https:\/\/cigandse.hu\/wp-content\/uploads\/2026\/04\/cise-nb2-licenc-300x300.jpg",300,300,true],"sportspress-fit-medium":["https:\/\/cigandse.hu\/wp-content\/uploads\/2026\/04\/cise-nb2-licenc-300x167.jpg",300,167,true],"sportspress-fit-icon":["https:\/\/cigandse.hu\/wp-content\/uploads\/2026\/04\/cise-nb2-licenc-128x71.jpg",128,71,true],"sportspress-fit-mini":["https:\/\/cigandse.hu\/wp-content\/uploads\/2026\/04\/cise-nb2-licenc-32x18.jpg",32,18,true]},"uagb_author_info":{"display_name":"admin","author_link":"https:\/\/cigandse.hu\/index.php\/author\/terjeksandor\/"},"uagb_comment_info":0,"uagb_excerpt":"A Magyar Labdar\u00fag\u00f3-sz\u00f6vets\u00e9g a hivatalos honlapj\u00e1n k\u00f6zz\u00e9tette a 2026\u20132027-es szezon feln\u0151tt, nagyp\u00e1ly\u00e1s nemzeti bajnoks\u00e1gok \u00e9s kup\u00e1k versenynapt\u00e1r\u00e1t. A ny\u00e1ri felk\u00e9sz\u00fcl\u00e9s [&hellip;]","_links":{"self":[{"href":"https:\/\/cigandse.hu\/index.php\/wp-json\/wp\/v2\/posts\/7504","targetHints":{"allow":["GET"]}}],"collection":[{"href":"https:\/\/cigandse.hu\/index.php\/wp-json\/wp\/v2\/posts"}],"about":[{"href":"https:\/\/cigandse.hu\/index.php\/wp-json\/wp\/v2\/types\/post"}],"author":[{"embeddable":true,"href":"https:\/\/cigandse.hu\/index.php\/wp-json\/wp\/v2\/users\/1"}],"replies":[{"embeddable":true,"href":"https:\/\/cigandse.hu\/index.php\/wp-json\/wp\/v2\/comments?post=7504"}],"version-history":[{"count":8,"href":"https:\/\/cigandse.hu\/index.php\/wp-json\/wp\/v2\/posts\/7504\/revisions"}],"predecessor-version":[{"id":7517,"href":"https:\/\/cigandse.hu\/index.php\/wp-json\/wp\/v2\/posts\/7504\/revisions\/7517"}],"wp:featuredmedia":[{"embeddable":true,"href":"https:\/\/cigandse.hu\/index.php\/wp-json\/wp\/v2\/media\/7484"}],"wp:attachment":[{"href":"https:\/\/cigandse.hu\/index.php\/wp-json\/wp\/v2\/media?parent=7504"}],"wp:term":[{"taxonomy":"category","embeddable":true,"href":"https:\/\/cigandse.hu\/index.php\/wp-json\/wp\/v2\/categories?post=7504"},{"taxonomy":"post_tag","embeddable":true,"href":"https:\/\/cigandse.hu\/index.php\/wp-json\/wp\/v2\/tags?post=7504"}],"curies":[{"name":"wp","href":"https:\/\/api.w.org\/{rel}","templated":true}]}}